{"id":68513,"date":"2017-06-01T13:41:05","date_gmt":"2017-06-01T18:41:05","guid":{"rendered":"http:\/\/laredsocial-noticias.com\/wp\/?p=68513"},"modified":"2017-06-01T13:41:19","modified_gmt":"2017-06-01T18:41:19","slug":"delegacion-del-imss-en-estado-de-mexico-reafirma-compromiso-con-no-fumadores","status":"publish","type":"post","link":"https:\/\/laredsocial-noticias.com\/wp\/delegacion-del-imss-en-estado-de-mexico-reafirma-compromiso-con-no-fumadores\/","title":{"rendered":"Delegaci\u00f3n del IMSS en Estado de M\u00e9xico reafirma compromiso con no fumadores"},"content":{"rendered":"<p><strong>CIUDAD DE M\u00c9XICO, 01 de junio, (AMPRYT \/ C\u00cdRCULO DIGITAL).-\u00a0<\/strong>Adoptar buenos h\u00e1bitos alimenticios y realizar actividad f\u00edsica por lo menos 30 minutos al d\u00eda son algunas de las recomendaciones m\u00e9dicas del Instituto Mexicanos del Seguro Social (IMSS) para salvaguardar la salud de los no fumadores.<\/p>\n<p class=\"text\">En ocasi\u00f3n del D\u00eda Mundial sin Tabaco, el pasado 31 de mayo, la Jefatura de los Servicios de Prestaciones M\u00e9dicas del IMSS en el Estado de M\u00e9xico Oriente, reiter\u00f3 que s\u00f3lo los ambientes ciento por ciento libre de humo de cigarro salvaguardan la salud de los no fumadores.<\/p>\n<p class=\"text\">Agreg\u00f3 que se aplica la certificaci\u00f3n de espacios 100% libres de humo del Tabaco en unidades m\u00e9dicas, hospitalarias, deportivas, administrativas y guarder\u00edas.<\/p>\n<p class=\"text\">El humo del cigarro ajeno (aunque las concentraciones son inferiores) lo absorben los no fumadores, entra a trav\u00e9s de las v\u00edas respiratorias, a la circulaci\u00f3n y se distribuye en general, explic\u00f3 el m\u00e9dico Leopoldo Santillan Arreygue, titular de esa delegaci\u00f3n.<\/p>\n<p class=\"text\">En un comunicado, precis\u00f3 que la Instituci\u00f3n trabaja en programas preventivos como PrevenIMSS y la campa\u00f1a &#8220;Edificios Libres de Humo de Tabaco&#8221;, que proh\u00edbe fumar en espacios p\u00fablicos cerrados.<\/p>\n<p class=\"text\">Adem\u00e1s lleva a cabo programas que se encargan de crear conciencia y hacer recomendaciones oportunas a los derechohabientes para que lleven una vida m\u00e1s saludable mediante buenos h\u00e1bitos alimenticios.<\/p>\n<p class=\"text\">Entre estas sugerencias est\u00e1n: promover la actividad f\u00edsica por lo menos 30 minutos al d\u00eda, dejar de lado el consumo de tabaco, hacerse consciente de los riesgos que acarrea para la salud, como adicci\u00f3n y un gran n\u00famero de enfermedades e invalidez asociadas, hasta la muerte.<\/p>\n<p class=\"text\">Adem\u00e1s de asistir a ambientes 100 por ciento libres de humo de tabaco, proteger a los ni\u00f1os del efecto nocivo del humo y luchar por erradicar el consumo de cigarro en los j\u00f3venes.<\/p>\n<p class=\"text\">Advirti\u00f3 que de esta manera se proteger\u00e1 a ni\u00f1os, adolescentes y adultos mayores, hombres y mujeres quienes padecen enfermedades respiratorias.<\/p>\n","protected":false},"excerpt":{"rendered":"<p>CIUDAD DE M\u00c9XICO, 01 de junio, (AMPRYT \/ C\u00cdRCULO DIGITAL).-\u00a0Adoptar buenos h\u00e1bitos alimenticios y realizar actividad f\u00edsica por lo menos&#8230;<\/p>\n","protected":false},"author":1,"featured_media":0,"comment_status":"closed","ping_status":"closed","sticky":false,"template":"","format":"standard","meta":{"footnotes":""},"categories":[1796,389,73],"tags":[332,77],"class_list":["post-68513","post","type-post","status-publish","format-standard","hentry","category-circulodigital","category-mexico","category-principal","tag-mexico","tag-principal"],"yoast_head":"<!-- This site is optimized with the Yoast SEO plugin v26.5 - https:\/\/yoast.com\/wordpress\/plugins\/seo\/ -->\n<title>Delegaci\u00f3n del IMSS en Estado de M\u00e9xico reafirma compromiso con no fumadores - NOTICIAS<\/title>\n<meta name=\"robots\" content=\"index, follow, max-snippet:-1, max-image-preview:large, max-video-preview:-1\" \/>\n<link rel=\"canonical\" href=\"https:\/\/laredsocial-noticias.com\/wp\/delegacion-del-imss-en-estado-de-mexico-reafirma-compromiso-con-no-fumadores\/\" \/>\n<meta property=\"og:locale\" content=\"es_ES\" \/>\n<meta property=\"og:type\" content=\"article\" \/>\n<meta property=\"og:title\" content=\"Delegaci\u00f3n del IMSS en Estado de M\u00e9xico reafirma compromiso con no fumadores - NOTICIAS\" \/>\n<meta property=\"og:description\" content=\"CIUDAD DE M\u00c9XICO, 01 de junio, (AMPRYT \/ C\u00cdRCULO DIGITAL).-\u00a0Adoptar buenos h\u00e1bitos alimenticios y realizar actividad f\u00edsica por lo menos...\" \/>\n<meta property=\"og:url\" content=\"https:\/\/laredsocial-noticias.com\/wp\/delegacion-del-imss-en-estado-de-mexico-reafirma-compromiso-con-no-fumadores\/\" \/>\n<meta property=\"og:site_name\" content=\"NOTICIAS\" \/>\n<meta property=\"article:published_time\" content=\"2017-06-01T18:41:05+00:00\" \/>\n<meta property=\"article:modified_time\" content=\"2017-06-01T18:41:19+00:00\" \/>\n<meta property=\"og:image\" content=\"https:\/\/laredsocial-noticias.com\/wp\/wp-content\/uploads\/2017\/06\/cigarro.jpg\" \/>\n\t<meta property=\"og:image:width\" content=\"600\" \/>\n\t<meta property=\"og:image:height\" content=\"338\" \/>\n\t<meta property=\"og:image:type\" content=\"image\/jpeg\" \/>\n<meta name=\"author\" content=\"Editor en Jefe\" \/>\n<meta name=\"twitter:card\" content=\"summary_large_image\" \/>\n<meta name=\"twitter:label1\" content=\"Escrito por\" \/>\n\t<meta name=\"twitter:data1\" content=\"Editor en Jefe\" \/>\n\t<meta name=\"twitter:label2\" content=\"Tiempo de lectura\" \/>\n\t<meta name=\"twitter:data2\" content=\"2 minutos\" \/>\n<!-- \/ Yoast SEO plugin. -->","yoast_head_json":{"title":"Delegaci\u00f3n del IMSS en Estado de M\u00e9xico reafirma compromiso con no fumadores - NOTICIAS","robots":{"index":"index","follow":"follow","max-snippet":"max-snippet:-1","max-image-preview":"max-image-preview:large","max-video-preview":"max-video-preview:-1"},"canonical":"https:\/\/laredsocial-noticias.com\/wp\/delegacion-del-imss-en-estado-de-mexico-reafirma-compromiso-con-no-fumadores\/","og_locale":"es_ES","og_type":"article","og_title":"Delegaci\u00f3n del IMSS en Estado de M\u00e9xico reafirma compromiso con no fumadores - NOTICIAS","og_description":"CIUDAD DE M\u00c9XICO, 01 de junio, (AMPRYT \/ C\u00cdRCULO DIGITAL).-\u00a0Adoptar buenos h\u00e1bitos alimenticios y realizar actividad f\u00edsica por lo menos...","og_url":"https:\/\/laredsocial-noticias.com\/wp\/delegacion-del-imss-en-estado-de-mexico-reafirma-compromiso-con-no-fumadores\/","og_site_name":"NOTICIAS","article_published_time":"2017-06-01T18:41:05+00:00","article_modified_time":"2017-06-01T18:41:19+00:00","og_image":[{"width":600,"height":338,"url":"https:\/\/laredsocial-noticias.com\/wp\/wp-content\/uploads\/2017\/06\/cigarro.jpg","type":"image\/jpeg"}],"author":"Editor en Jefe","twitter_card":"summary_large_image","twitter_misc":{"Escrito por":"Editor en Jefe","Tiempo de lectura":"2 minutos"},"schema":{"@context":"https:\/\/schema.org","@graph":[{"@type":"WebPage","@id":"https:\/\/laredsocial-noticias.com\/wp\/delegacion-del-imss-en-estado-de-mexico-reafirma-compromiso-con-no-fumadores\/","url":"https:\/\/laredsocial-noticias.com\/wp\/delegacion-del-imss-en-estado-de-mexico-reafirma-compromiso-con-no-fumadores\/","name":"Delegaci\u00f3n del IMSS en Estado de M\u00e9xico reafirma compromiso con no fumadores - NOTICIAS","isPartOf":{"@id":"https:\/\/laredsocial-noticias.com\/wp\/#website"},"datePublished":"2017-06-01T18:41:05+00:00","dateModified":"2017-06-01T18:41:19+00:00","author":{"@id":"https:\/\/laredsocial-noticias.com\/wp\/#\/schema\/person\/0ce78643f2de7aae6f6ef10e8453a6e0"},"breadcrumb":{"@id":"https:\/\/laredsocial-noticias.com\/wp\/delegacion-del-imss-en-estado-de-mexico-reafirma-compromiso-con-no-fumadores\/#breadcrumb"},"inLanguage":"es","potentialAction":[{"@type":"ReadAction","target":["https:\/\/laredsocial-noticias.com\/wp\/delegacion-del-imss-en-estado-de-mexico-reafirma-compromiso-con-no-fumadores\/"]}]},{"@type":"BreadcrumbList","@id":"https:\/\/laredsocial-noticias.com\/wp\/delegacion-del-imss-en-estado-de-mexico-reafirma-compromiso-con-no-fumadores\/#breadcrumb","itemListElement":[{"@type":"ListItem","position":1,"name":"Portada","item":"https:\/\/laredsocial-noticias.com\/wp\/"},{"@type":"ListItem","position":2,"name":"Delegaci\u00f3n del IMSS en Estado de M\u00e9xico reafirma compromiso con no fumadores"}]},{"@type":"WebSite","@id":"https:\/\/laredsocial-noticias.com\/wp\/#website","url":"https:\/\/laredsocial-noticias.com\/wp\/","name":"NOTICIAS","description":"Lo que se ve y se dice en las redes sociales","potentialAction":[{"@type":"SearchAction","target":{"@type":"EntryPoint","urlTemplate":"https:\/\/laredsocial-noticias.com\/wp\/?s={search_term_string}"},"query-input":{"@type":"PropertyValueSpecification","valueRequired":true,"valueName":"search_term_string"}}],"inLanguage":"es"},{"@type":"Person","@id":"https:\/\/laredsocial-noticias.com\/wp\/#\/schema\/person\/0ce78643f2de7aae6f6ef10e8453a6e0","name":"Editor en Jefe","url":"https:\/\/laredsocial-noticias.com\/wp\/author\/jorgeochoa\/"}]}},"_links":{"self":[{"href":"https:\/\/laredsocial-noticias.com\/wp\/wp-json\/wp\/v2\/posts\/68513","targetHints":{"allow":["GET"]}}],"collection":[{"href":"https:\/\/laredsocial-noticias.com\/wp\/wp-json\/wp\/v2\/posts"}],"about":[{"href":"https:\/\/laredsocial-noticias.com\/wp\/wp-json\/wp\/v2\/types\/post"}],"author":[{"embeddable":true,"href":"https:\/\/laredsocial-noticias.com\/wp\/wp-json\/wp\/v2\/users\/1"}],"replies":[{"embeddable":true,"href":"https:\/\/laredsocial-noticias.com\/wp\/wp-json\/wp\/v2\/comments?post=68513"}],"version-history":[{"count":1,"href":"https:\/\/laredsocial-noticias.com\/wp\/wp-json\/wp\/v2\/posts\/68513\/revisions"}],"predecessor-version":[{"id":68514,"href":"https:\/\/laredsocial-noticias.com\/wp\/wp-json\/wp\/v2\/posts\/68513\/revisions\/68514"}],"wp:attachment":[{"href":"https:\/\/laredsocial-noticias.com\/wp\/wp-json\/wp\/v2\/media?parent=68513"}],"wp:term":[{"taxonomy":"category","embeddable":true,"href":"https:\/\/laredsocial-noticias.com\/wp\/wp-json\/wp\/v2\/categories?post=68513"},{"taxonomy":"post_tag","embeddable":true,"href":"https:\/\/laredsocial-noticias.com\/wp\/wp-json\/wp\/v2\/tags?post=68513"}],"curies":[{"name":"wp","href":"https:\/\/api.w.org\/{rel}","templated":true}]}}