{"id":69303,"date":"2017-06-06T12:15:02","date_gmt":"2017-06-06T17:15:02","guid":{"rendered":"http:\/\/laredsocial-noticias.com\/wp\/?p=69303"},"modified":"2017-06-06T12:15:15","modified_gmt":"2017-06-06T17:15:15","slug":"sin-condiciones-para-periodo-extraordinario-en-congreso-de-la-union-herrera-avila","status":"publish","type":"post","link":"https:\/\/laredsocial-noticias.com\/wp\/sin-condiciones-para-periodo-extraordinario-en-congreso-de-la-union-herrera-avila\/","title":{"rendered":"Sin condiciones para periodo extraordinario en Congreso de la Uni\u00f3n: Herrera \u00c1vila"},"content":{"rendered":"<p><strong>CIUDAD DE M\u00c9XICO, 06 de junio, (POLITIQUER\u00cdAS \/ C\u00cdRCULO DIGITAL).-<\/strong> El presidente de la Junta de Coordinaci\u00f3n Pol\u00edtica (Jucopo) del Senado de la Rep\u00fablica, Fernando Herrera \u00c1vila, descart\u00f3 que por el momento existan condiciones para convocar a un periodo extraordinario de sesiones del Congreso de la Uni\u00f3n.<\/p>\n<p class=\"text\">&#8220;No hay acuerdos ni dict\u00e1menes, por lo que no est\u00e1n dadas las condiciones para hacer la convocatoria correspondiente&#8221;, sostuvo en entrevista.<\/p>\n<p class=\"text\">Herrera \u00c1vila coment\u00f3 que la Junta se reunir\u00e1 la pr\u00f3xima semana para ver asuntos ordinarios, pero no el tema del periodo extraordinario, pues -dijo-\u00a0las fechas que han comentado algunos legisladores para ello s\u00f3lo son propuestas que no han sido discutidas por los coordinadores de los grupos representados.<\/p>\n<p class=\"text\">El legislador por Aguascalientes expres\u00f3 que en todo momento, el Partido Acci\u00f3n Nacional (PAN) en el Senado ha mostrado su disposici\u00f3n para convocar a un periodo extraordinario para discutir temas relevantes para el pa\u00eds, como el de los fiscales general y Anticorrupci\u00f3n, el Mando Mixto policial y la Ley de Seguridad Interior.<\/p>\n<div class=\"articleCredit\"><\/div>\n","protected":false},"excerpt":{"rendered":"<p>CIUDAD DE M\u00c9XICO, 06 de junio, (POLITIQUER\u00cdAS \/ C\u00cdRCULO DIGITAL).- El presidente de la Junta de Coordinaci\u00f3n Pol\u00edtica (Jucopo) del&#8230;<\/p>\n","protected":false},"author":1,"featured_media":0,"comment_status":"closed","ping_status":"closed","sticky":false,"template":"","format":"standard","meta":{"footnotes":""},"categories":[1796,389,73],"tags":[332,77],"class_list":["post-69303","post","type-post","status-publish","format-standard","hentry","category-circulodigital","category-mexico","category-principal","tag-mexico","tag-principal"],"yoast_head":"<!-- This site is optimized with the Yoast SEO plugin v26.5 - https:\/\/yoast.com\/wordpress\/plugins\/seo\/ -->\n<title>Sin condiciones para periodo extraordinario en Congreso de la Uni\u00f3n: Herrera \u00c1vila - NOTICIAS<\/title>\n<meta name=\"robots\" content=\"index, follow, max-snippet:-1, max-image-preview:large, max-video-preview:-1\" \/>\n<link rel=\"canonical\" href=\"https:\/\/laredsocial-noticias.com\/wp\/sin-condiciones-para-periodo-extraordinario-en-congreso-de-la-union-herrera-avila\/\" \/>\n<meta property=\"og:locale\" content=\"es_ES\" \/>\n<meta property=\"og:type\" content=\"article\" \/>\n<meta property=\"og:title\" content=\"Sin condiciones para periodo extraordinario en Congreso de la Uni\u00f3n: Herrera \u00c1vila - NOTICIAS\" \/>\n<meta property=\"og:description\" content=\"CIUDAD DE M\u00c9XICO, 06 de junio, (POLITIQUER\u00cdAS \/ C\u00cdRCULO DIGITAL).- El presidente de la Junta de Coordinaci\u00f3n Pol\u00edtica (Jucopo) del...\" \/>\n<meta property=\"og:url\" content=\"https:\/\/laredsocial-noticias.com\/wp\/sin-condiciones-para-periodo-extraordinario-en-congreso-de-la-union-herrera-avila\/\" \/>\n<meta property=\"og:site_name\" content=\"NOTICIAS\" \/>\n<meta property=\"article:published_time\" content=\"2017-06-06T17:15:02+00:00\" \/>\n<meta property=\"article:modified_time\" content=\"2017-06-06T17:15:15+00:00\" \/>\n<meta property=\"og:image\" content=\"https:\/\/laredsocial-noticias.com\/wp\/wp-content\/uploads\/2017\/06\/Fernando-Herrera-\u00c1vila-PAN-1.jpg\" \/>\n\t<meta property=\"og:image:width\" content=\"600\" \/>\n\t<meta property=\"og:image:height\" content=\"400\" \/>\n\t<meta property=\"og:image:type\" content=\"image\/jpeg\" \/>\n<meta name=\"author\" content=\"Editor en Jefe\" \/>\n<meta name=\"twitter:card\" content=\"summary_large_image\" \/>\n<meta name=\"twitter:label1\" content=\"Escrito por\" \/>\n\t<meta name=\"twitter:data1\" content=\"Editor en Jefe\" \/>\n\t<meta name=\"twitter:label2\" content=\"Tiempo de lectura\" \/>\n\t<meta name=\"twitter:data2\" content=\"1 minuto\" \/>\n<!-- \/ Yoast SEO plugin. -->","yoast_head_json":{"title":"Sin condiciones para periodo extraordinario en Congreso de la Uni\u00f3n: Herrera \u00c1vila - NOTICIAS","robots":{"index":"index","follow":"follow","max-snippet":"max-snippet:-1","max-image-preview":"max-image-preview:large","max-video-preview":"max-video-preview:-1"},"canonical":"https:\/\/laredsocial-noticias.com\/wp\/sin-condiciones-para-periodo-extraordinario-en-congreso-de-la-union-herrera-avila\/","og_locale":"es_ES","og_type":"article","og_title":"Sin condiciones para periodo extraordinario en Congreso de la Uni\u00f3n: Herrera \u00c1vila - NOTICIAS","og_description":"CIUDAD DE M\u00c9XICO, 06 de junio, (POLITIQUER\u00cdAS \/ C\u00cdRCULO DIGITAL).- El presidente de la Junta de Coordinaci\u00f3n Pol\u00edtica (Jucopo) del...","og_url":"https:\/\/laredsocial-noticias.com\/wp\/sin-condiciones-para-periodo-extraordinario-en-congreso-de-la-union-herrera-avila\/","og_site_name":"NOTICIAS","article_published_time":"2017-06-06T17:15:02+00:00","article_modified_time":"2017-06-06T17:15:15+00:00","og_image":[{"width":600,"height":400,"url":"https:\/\/laredsocial-noticias.com\/wp\/wp-content\/uploads\/2017\/06\/Fernando-Herrera-\u00c1vila-PAN-1.jpg","type":"image\/jpeg"}],"author":"Editor en Jefe","twitter_card":"summary_large_image","twitter_misc":{"Escrito por":"Editor en Jefe","Tiempo de lectura":"1 minuto"},"schema":{"@context":"https:\/\/schema.org","@graph":[{"@type":"WebPage","@id":"https:\/\/laredsocial-noticias.com\/wp\/sin-condiciones-para-periodo-extraordinario-en-congreso-de-la-union-herrera-avila\/","url":"https:\/\/laredsocial-noticias.com\/wp\/sin-condiciones-para-periodo-extraordinario-en-congreso-de-la-union-herrera-avila\/","name":"Sin condiciones para periodo extraordinario en Congreso de la Uni\u00f3n: Herrera \u00c1vila - NOTICIAS","isPartOf":{"@id":"https:\/\/laredsocial-noticias.com\/wp\/#website"},"datePublished":"2017-06-06T17:15:02+00:00","dateModified":"2017-06-06T17:15:15+00:00","author":{"@id":"https:\/\/laredsocial-noticias.com\/wp\/#\/schema\/person\/0ce78643f2de7aae6f6ef10e8453a6e0"},"breadcrumb":{"@id":"https:\/\/laredsocial-noticias.com\/wp\/sin-condiciones-para-periodo-extraordinario-en-congreso-de-la-union-herrera-avila\/#breadcrumb"},"inLanguage":"es","potentialAction":[{"@type":"ReadAction","target":["https:\/\/laredsocial-noticias.com\/wp\/sin-condiciones-para-periodo-extraordinario-en-congreso-de-la-union-herrera-avila\/"]}]},{"@type":"BreadcrumbList","@id":"https:\/\/laredsocial-noticias.com\/wp\/sin-condiciones-para-periodo-extraordinario-en-congreso-de-la-union-herrera-avila\/#breadcrumb","itemListElement":[{"@type":"ListItem","position":1,"name":"Portada","item":"https:\/\/laredsocial-noticias.com\/wp\/"},{"@type":"ListItem","position":2,"name":"Sin condiciones para periodo extraordinario en Congreso de la Uni\u00f3n: Herrera \u00c1vila"}]},{"@type":"WebSite","@id":"https:\/\/laredsocial-noticias.com\/wp\/#website","url":"https:\/\/laredsocial-noticias.com\/wp\/","name":"NOTICIAS","description":"Lo que se ve y se dice en las redes sociales","potentialAction":[{"@type":"SearchAction","target":{"@type":"EntryPoint","urlTemplate":"https:\/\/laredsocial-noticias.com\/wp\/?s={search_term_string}"},"query-input":{"@type":"PropertyValueSpecification","valueRequired":true,"valueName":"search_term_string"}}],"inLanguage":"es"},{"@type":"Person","@id":"https:\/\/laredsocial-noticias.com\/wp\/#\/schema\/person\/0ce78643f2de7aae6f6ef10e8453a6e0","name":"Editor en Jefe","url":"https:\/\/laredsocial-noticias.com\/wp\/author\/jorgeochoa\/"}]}},"_links":{"self":[{"href":"https:\/\/laredsocial-noticias.com\/wp\/wp-json\/wp\/v2\/posts\/69303","targetHints":{"allow":["GET"]}}],"collection":[{"href":"https:\/\/laredsocial-noticias.com\/wp\/wp-json\/wp\/v2\/posts"}],"about":[{"href":"https:\/\/laredsocial-noticias.com\/wp\/wp-json\/wp\/v2\/types\/post"}],"author":[{"embeddable":true,"href":"https:\/\/laredsocial-noticias.com\/wp\/wp-json\/wp\/v2\/users\/1"}],"replies":[{"embeddable":true,"href":"https:\/\/laredsocial-noticias.com\/wp\/wp-json\/wp\/v2\/comments?post=69303"}],"version-history":[{"count":1,"href":"https:\/\/laredsocial-noticias.com\/wp\/wp-json\/wp\/v2\/posts\/69303\/revisions"}],"predecessor-version":[{"id":69304,"href":"https:\/\/laredsocial-noticias.com\/wp\/wp-json\/wp\/v2\/posts\/69303\/revisions\/69304"}],"wp:attachment":[{"href":"https:\/\/laredsocial-noticias.com\/wp\/wp-json\/wp\/v2\/media?parent=69303"}],"wp:term":[{"taxonomy":"category","embeddable":true,"href":"https:\/\/laredsocial-noticias.com\/wp\/wp-json\/wp\/v2\/categories?post=69303"},{"taxonomy":"post_tag","embeddable":true,"href":"https:\/\/laredsocial-noticias.com\/wp\/wp-json\/wp\/v2\/tags?post=69303"}],"curies":[{"name":"wp","href":"https:\/\/api.w.org\/{rel}","templated":true}]}}