{"id":69597,"date":"2017-06-07T18:55:46","date_gmt":"2017-06-07T23:55:46","guid":{"rendered":"http:\/\/laredsocial-noticias.com\/wp\/?p=69597"},"modified":"2017-06-07T18:35:49","modified_gmt":"2017-06-07T23:35:49","slug":"afirman-nahle-garcia-y-barbosa-huerta-que-unidad-de-las-izquierdas-para-las-elecciones-de-2018-se-dara-en-las-bases-y-no-en-las-cupulas-de-los-partidos-politicos","status":"publish","type":"post","link":"https:\/\/laredsocial-noticias.com\/wp\/afirman-nahle-garcia-y-barbosa-huerta-que-unidad-de-las-izquierdas-para-las-elecciones-de-2018-se-dara-en-las-bases-y-no-en-las-cupulas-de-los-partidos-politicos\/","title":{"rendered":"Afirman Nahle Garc\u00eda y Barbosa Huerta que unidad de las izquierdas, para las elecciones de 2018, se dar\u00e1 en las bases y no en las c\u00fapulas de los partidos pol\u00edticos"},"content":{"rendered":"<p><strong>CIUDAD DE M\u00c9XICO, 07 de junio, (ATIZAP\u00c1N HOY\/C\u00cdRCULO DIGITAL).\u2014\u00a0<\/strong>La coordinadora de los diputados de Morena, Roc\u00edo Nahle Garc\u00eda, y el vicecoordinador de los senadores del PT, Miguel Barbosa Huerta, afirmaron que la unidad de las izquierdas, de cara a las elecciones de 2018, se dar\u00e1 en las bases y no en las c\u00fapulas de los partidos pol\u00edticos.<\/p>\n<p>En conferencia de prensa conjunta en el Senado, en el marco de la sesi\u00f3n de la Comisi\u00f3n Permanente, los legisladores cuestionaron que en el PRD se hable de responsabilidades por la divisi\u00f3n de las izquierdas, particularmente en las pasadas elecciones del Estado de M\u00e9xico, cuando ese partido ha formalizado alianzas electorales con el PAN.<\/p>\n<p>\u201cNosotros estamos construyendo, como dijo el senador (Barbosa Huerta), con las bases. La (unidad de la) izquierda se va a dar desde el pueblo\u201d, enfatiz\u00f3 la diputada de Morena.<\/p>\n<p>El senador Barbosa Huerta previamente coment\u00f3 que \u201cnadie puede cancelar un di\u00e1logo pol\u00edtico en lo futuro; (pero) para m\u00ed, la verdadera coalici\u00f3n de las izquierdas se va a dar abajo, no en las c\u00fapulas\u201d.<\/p>\n<p>Nahle Garc\u00eda asever\u00f3 que Morena hizo una llamado a la unidad de las izquierdas, y la prueba est\u00e1 en que \u201c12 senadores del PRD acudieron al llamado, y aqu\u00ed est\u00e1n algunos de ellos\u201d.<\/p>\n<p>Consider\u00f3 que el PRD tiene un problema \u201cmuy grande\u201d por haberse aliado con el PAN en los estados, porque se est\u00e1 enviciando y enquistando, \u201ca tal grado que, por ejemplo, el secretario de Gobierno de Veracruz, que es el dirigente del PRD, est\u00e1 proponiendo a Miguel \u00c1ngel Yunes para Presidente de la Rep\u00fablica; en esos absurdos est\u00e1n\u201d.<\/p>\n<p>En la rueda de prensa tambi\u00e9n estuvieron presentes el diputado Vidal Llerenas Morales (Morena) y el senador Mario Delgado Carrillo, quienes informaron que presentaron un punto de acuerdo ante la Comisi\u00f3n Permanente, para solicitar al Instituto Electoral del Estado de M\u00e9xico (IEEM) abrir todos los paquetes electorales y transparentar los resultados de la elecci\u00f3n.<\/p>\n<p>El diputado Vidal Llerenas asegur\u00f3 que \u201chubo una intervenci\u00f3n muy clara del gobierno federal\u201d en los comicios de esa entidad, por lo que deber\u00e1 haber una investigaci\u00f3n sobre la misma.<\/p>\n<p>Sostuvo que aun con la intervenci\u00f3n de funcionarios y recursos federales, \u201cMorena es el partido que sale fortalecido en la elecci\u00f3n anterior. Hay enormes triunfos de un partido nuevo\u201d.<\/p>\n<p>Nahle Garc\u00eda indic\u00f3 que en Veracruz las elecciones se llevaron a cabo en un marco de \u201cviolencia desmedida\u201d, ya que un candidato de Morena, en el municipio de Cosoleacaque, fue baleado 48 horas antes de los comicios, y la casa de la candidata a la presidencia municipal de Amatl\u00e1n de Los Reyes, tambi\u00e9n fue atacada con armas de fuego.<\/p>\n<p>\u201cEl d\u00eda de la elecci\u00f3n, a la una de la tarde levantaron a nuestro candidato de Chicontepec y a su esposa, y lo dejaron golpeado. Est\u00e1 en el hospital; lo van a operar. Lo soltaron a las seis y media de la tarde; subieron a la esposa tambi\u00e9n a otra camioneta y la violentaron\u201d, agreg\u00f3.<\/p>\n<p>La legisladora lament\u00f3 que se hayan suscitado esos hechos de violencia que perjudican la democracia y que la atenci\u00f3n se est\u00e9 enfocando en las elecciones del Estado de M\u00e9xico y Coahuila.<\/p>\n","protected":false},"excerpt":{"rendered":"<p>CIUDAD DE M\u00c9XICO, 07 de junio, (ATIZAP\u00c1N HOY\/C\u00cdRCULO DIGITAL).\u2014\u00a0La coordinadora de los diputados de Morena, Roc\u00edo Nahle Garc\u00eda, y el&#8230;<\/p>\n","protected":false},"author":1,"featured_media":0,"comment_status":"closed","ping_status":"closed","sticky":false,"template":"","format":"standard","meta":{"footnotes":""},"categories":[1796,389,73],"tags":[332,77],"class_list":["post-69597","post","type-post","status-publish","format-standard","hentry","category-circulodigital","category-mexico","category-principal","tag-mexico","tag-principal"],"yoast_head":"<!-- This site is optimized with the Yoast SEO plugin v26.5 - https:\/\/yoast.com\/wordpress\/plugins\/seo\/ -->\n<title>Afirman Nahle Garc\u00eda y Barbosa Huerta que unidad de las izquierdas, para las elecciones de 2018, se dar\u00e1 en las bases y no en las c\u00fapulas de los partidos pol\u00edticos - NOTICIAS<\/title>\n<meta name=\"robots\" content=\"index, follow, max-snippet:-1, max-image-preview:large, max-video-preview:-1\" \/>\n<link rel=\"canonical\" href=\"https:\/\/laredsocial-noticias.com\/wp\/afirman-nahle-garcia-y-barbosa-huerta-que-unidad-de-las-izquierdas-para-las-elecciones-de-2018-se-dara-en-las-bases-y-no-en-las-cupulas-de-los-partidos-politicos\/\" \/>\n<meta property=\"og:locale\" content=\"es_ES\" \/>\n<meta property=\"og:type\" content=\"article\" \/>\n<meta property=\"og:title\" content=\"Afirman Nahle Garc\u00eda y Barbosa Huerta que unidad de las izquierdas, para las elecciones de 2018, se dar\u00e1 en las bases y no en las c\u00fapulas de los partidos pol\u00edticos - NOTICIAS\" \/>\n<meta property=\"og:description\" content=\"CIUDAD DE M\u00c9XICO, 07 de junio, (ATIZAP\u00c1N HOY\/C\u00cdRCULO DIGITAL).\u2014\u00a0La coordinadora de los diputados de Morena, Roc\u00edo Nahle Garc\u00eda, y el...\" \/>\n<meta property=\"og:url\" content=\"https:\/\/laredsocial-noticias.com\/wp\/afirman-nahle-garcia-y-barbosa-huerta-que-unidad-de-las-izquierdas-para-las-elecciones-de-2018-se-dara-en-las-bases-y-no-en-las-cupulas-de-los-partidos-politicos\/\" \/>\n<meta property=\"og:site_name\" content=\"NOTICIAS\" \/>\n<meta property=\"article:published_time\" content=\"2017-06-07T23:55:46+00:00\" \/>\n<meta property=\"og:image\" content=\"https:\/\/laredsocial-noticias.com\/wp\/wp-content\/uploads\/2017\/06\/Roc\u00edo-Nahle-Garc\u00eda.jpg\" \/>\n\t<meta property=\"og:image:width\" content=\"600\" \/>\n\t<meta property=\"og:image:height\" content=\"401\" \/>\n\t<meta property=\"og:image:type\" content=\"image\/jpeg\" \/>\n<meta name=\"author\" content=\"Editor en Jefe\" \/>\n<meta name=\"twitter:card\" content=\"summary_large_image\" \/>\n<meta name=\"twitter:label1\" content=\"Escrito por\" \/>\n\t<meta name=\"twitter:data1\" content=\"Editor en Jefe\" \/>\n\t<meta name=\"twitter:label2\" content=\"Tiempo de lectura\" \/>\n\t<meta name=\"twitter:data2\" content=\"3 minutos\" \/>\n<!-- \/ Yoast SEO plugin. -->","yoast_head_json":{"title":"Afirman Nahle Garc\u00eda y Barbosa Huerta que unidad de las izquierdas, para las elecciones de 2018, se dar\u00e1 en las bases y no en las c\u00fapulas de los partidos pol\u00edticos - NOTICIAS","robots":{"index":"index","follow":"follow","max-snippet":"max-snippet:-1","max-image-preview":"max-image-preview:large","max-video-preview":"max-video-preview:-1"},"canonical":"https:\/\/laredsocial-noticias.com\/wp\/afirman-nahle-garcia-y-barbosa-huerta-que-unidad-de-las-izquierdas-para-las-elecciones-de-2018-se-dara-en-las-bases-y-no-en-las-cupulas-de-los-partidos-politicos\/","og_locale":"es_ES","og_type":"article","og_title":"Afirman Nahle Garc\u00eda y Barbosa Huerta que unidad de las izquierdas, para las elecciones de 2018, se dar\u00e1 en las bases y no en las c\u00fapulas de los partidos pol\u00edticos - NOTICIAS","og_description":"CIUDAD DE M\u00c9XICO, 07 de junio, (ATIZAP\u00c1N HOY\/C\u00cdRCULO DIGITAL).\u2014\u00a0La coordinadora de los diputados de Morena, Roc\u00edo Nahle Garc\u00eda, y el...","og_url":"https:\/\/laredsocial-noticias.com\/wp\/afirman-nahle-garcia-y-barbosa-huerta-que-unidad-de-las-izquierdas-para-las-elecciones-de-2018-se-dara-en-las-bases-y-no-en-las-cupulas-de-los-partidos-politicos\/","og_site_name":"NOTICIAS","article_published_time":"2017-06-07T23:55:46+00:00","og_image":[{"width":600,"height":401,"url":"https:\/\/laredsocial-noticias.com\/wp\/wp-content\/uploads\/2017\/06\/Roc\u00edo-Nahle-Garc\u00eda.jpg","type":"image\/jpeg"}],"author":"Editor en Jefe","twitter_card":"summary_large_image","twitter_misc":{"Escrito por":"Editor en Jefe","Tiempo de lectura":"3 minutos"},"schema":{"@context":"https:\/\/schema.org","@graph":[{"@type":"WebPage","@id":"https:\/\/laredsocial-noticias.com\/wp\/afirman-nahle-garcia-y-barbosa-huerta-que-unidad-de-las-izquierdas-para-las-elecciones-de-2018-se-dara-en-las-bases-y-no-en-las-cupulas-de-los-partidos-politicos\/","url":"https:\/\/laredsocial-noticias.com\/wp\/afirman-nahle-garcia-y-barbosa-huerta-que-unidad-de-las-izquierdas-para-las-elecciones-de-2018-se-dara-en-las-bases-y-no-en-las-cupulas-de-los-partidos-politicos\/","name":"Afirman Nahle Garc\u00eda y Barbosa Huerta que unidad de las izquierdas, para las elecciones de 2018, se dar\u00e1 en las bases y no en las c\u00fapulas de los partidos pol\u00edticos - NOTICIAS","isPartOf":{"@id":"https:\/\/laredsocial-noticias.com\/wp\/#website"},"datePublished":"2017-06-07T23:55:46+00:00","author":{"@id":"https:\/\/laredsocial-noticias.com\/wp\/#\/schema\/person\/0ce78643f2de7aae6f6ef10e8453a6e0"},"breadcrumb":{"@id":"https:\/\/laredsocial-noticias.com\/wp\/afirman-nahle-garcia-y-barbosa-huerta-que-unidad-de-las-izquierdas-para-las-elecciones-de-2018-se-dara-en-las-bases-y-no-en-las-cupulas-de-los-partidos-politicos\/#breadcrumb"},"inLanguage":"es","potentialAction":[{"@type":"ReadAction","target":["https:\/\/laredsocial-noticias.com\/wp\/afirman-nahle-garcia-y-barbosa-huerta-que-unidad-de-las-izquierdas-para-las-elecciones-de-2018-se-dara-en-las-bases-y-no-en-las-cupulas-de-los-partidos-politicos\/"]}]},{"@type":"BreadcrumbList","@id":"https:\/\/laredsocial-noticias.com\/wp\/afirman-nahle-garcia-y-barbosa-huerta-que-unidad-de-las-izquierdas-para-las-elecciones-de-2018-se-dara-en-las-bases-y-no-en-las-cupulas-de-los-partidos-politicos\/#breadcrumb","itemListElement":[{"@type":"ListItem","position":1,"name":"Portada","item":"https:\/\/laredsocial-noticias.com\/wp\/"},{"@type":"ListItem","position":2,"name":"Afirman Nahle Garc\u00eda y Barbosa Huerta que unidad de las izquierdas, para las elecciones de 2018, se dar\u00e1 en las bases y no en las c\u00fapulas de los partidos pol\u00edticos"}]},{"@type":"WebSite","@id":"https:\/\/laredsocial-noticias.com\/wp\/#website","url":"https:\/\/laredsocial-noticias.com\/wp\/","name":"NOTICIAS","description":"Lo que se ve y se dice en las redes sociales","potentialAction":[{"@type":"SearchAction","target":{"@type":"EntryPoint","urlTemplate":"https:\/\/laredsocial-noticias.com\/wp\/?s={search_term_string}"},"query-input":{"@type":"PropertyValueSpecification","valueRequired":true,"valueName":"search_term_string"}}],"inLanguage":"es"},{"@type":"Person","@id":"https:\/\/laredsocial-noticias.com\/wp\/#\/schema\/person\/0ce78643f2de7aae6f6ef10e8453a6e0","name":"Editor en Jefe","url":"https:\/\/laredsocial-noticias.com\/wp\/author\/jorgeochoa\/"}]}},"_links":{"self":[{"href":"https:\/\/laredsocial-noticias.com\/wp\/wp-json\/wp\/v2\/posts\/69597","targetHints":{"allow":["GET"]}}],"collection":[{"href":"https:\/\/laredsocial-noticias.com\/wp\/wp-json\/wp\/v2\/posts"}],"about":[{"href":"https:\/\/laredsocial-noticias.com\/wp\/wp-json\/wp\/v2\/types\/post"}],"author":[{"embeddable":true,"href":"https:\/\/laredsocial-noticias.com\/wp\/wp-json\/wp\/v2\/users\/1"}],"replies":[{"embeddable":true,"href":"https:\/\/laredsocial-noticias.com\/wp\/wp-json\/wp\/v2\/comments?post=69597"}],"version-history":[{"count":1,"href":"https:\/\/laredsocial-noticias.com\/wp\/wp-json\/wp\/v2\/posts\/69597\/revisions"}],"predecessor-version":[{"id":69598,"href":"https:\/\/laredsocial-noticias.com\/wp\/wp-json\/wp\/v2\/posts\/69597\/revisions\/69598"}],"wp:attachment":[{"href":"https:\/\/laredsocial-noticias.com\/wp\/wp-json\/wp\/v2\/media?parent=69597"}],"wp:term":[{"taxonomy":"category","embeddable":true,"href":"https:\/\/laredsocial-noticias.com\/wp\/wp-json\/wp\/v2\/categories?post=69597"},{"taxonomy":"post_tag","embeddable":true,"href":"https:\/\/laredsocial-noticias.com\/wp\/wp-json\/wp\/v2\/tags?post=69597"}],"curies":[{"name":"wp","href":"https:\/\/api.w.org\/{rel}","templated":true}]}}