{"id":69937,"date":"2017-06-09T18:40:44","date_gmt":"2017-06-09T23:40:44","guid":{"rendered":"http:\/\/laredsocial-noticias.com\/wp\/?p=69937"},"modified":"2017-06-09T18:35:12","modified_gmt":"2017-06-09T23:35:12","slug":"es-hora-de-sumar-y-proponer-en-beneficio-del-estado-de-mexico-alfredo-del-mazo","status":"publish","type":"post","link":"https:\/\/laredsocial-noticias.com\/wp\/es-hora-de-sumar-y-proponer-en-beneficio-del-estado-de-mexico-alfredo-del-mazo\/","title":{"rendered":"Es hora de sumar y proponer en beneficio del Estado de M\u00e9xico: Alfredo Del Mazo"},"content":{"rendered":"<p><strong>TOLUCA, 09 de junio, (POLITIQUER\u00cdAS\/C\u00cdRCULO DIGITAL).\u2014\u00a0<\/strong>El candidato de la coalici\u00f3n de los partidos Revolucionario Institucional (PRI), Verde Ecologista de M\u00e9xico y Nueva Alianza, Alfredo del Mazo, dijo que una vez que el c\u00f3mputo de la autoridad electoral confirm\u00f3 que es el ganador de la elecci\u00f3n a la gubernatura del Estado de M\u00e9xico, es la hora de sumar y de proponer para lograr una mejor entidad.<\/p>\n<p>En un videomensaje que public\u00f3 en sus redes sociales, se\u00f1al\u00f3: &#8220;Hoy invito a que todos demos el siguiente paso, caminar juntos para enfrentar los retos del estado y construir un mejor futuro.<\/p>\n<p>&#8220;Es momento de enfocar nuestra energ\u00eda en sumar, en proponer, en incluir, pero sobre todo en trabajar en equipo con un solo objetivo: construir un mejor Estado de M\u00e9xico para las familias mexiquenses&#8221;.<\/p>\n<p>Del Mazo expres\u00f3 su agradecimiento a quienes, dijo,\u00a0 hicieron posible el triunfo. &#8220;A los millones de mexiquenses que confiaron en nuestro proyecto y votaron por nosotros, quiero agradecer a todas las mujeres, los j\u00f3venes y a los hombres de mi partido que todos los d\u00edas salieron a las calles a llevar nuestras propuestas y convencer a la gente&#8221;, afirm\u00d3.<\/p>\n<p>Expres\u00f3 tambi\u00e9n su reconocimiento a quienes participaron con su voto, que contaron los votos como funcionarios de casilla &#8220;y quienes fueron testigos de c\u00f3mo cada voto cuenta y se cuenta&#8221;, as\u00ed como a todos los representantes de casilla de la coalici\u00f3n.<\/p>\n<p>Dijo que la jornada electoral del pasado domingo fortalece la democracia en el Estado de M\u00e9xico, ya que &#8220;los mexiquenses nos caracterizamos por nuestra unidad por ver siempre hacia delante y pensar con optimismo&#8221;.<\/p>\n","protected":false},"excerpt":{"rendered":"<p>TOLUCA, 09 de junio, (POLITIQUER\u00cdAS\/C\u00cdRCULO DIGITAL).\u2014\u00a0El candidato de la coalici\u00f3n de los partidos Revolucionario Institucional (PRI), Verde Ecologista de M\u00e9xico&#8230;<\/p>\n","protected":false},"author":1,"featured_media":0,"comment_status":"closed","ping_status":"closed","sticky":false,"template":"","format":"standard","meta":{"footnotes":""},"categories":[1796,389,73],"tags":[332,77],"class_list":["post-69937","post","type-post","status-publish","format-standard","hentry","category-circulodigital","category-mexico","category-principal","tag-mexico","tag-principal"],"yoast_head":"<!-- This site is optimized with the Yoast SEO plugin v26.5 - https:\/\/yoast.com\/wordpress\/plugins\/seo\/ -->\n<title>Es hora de sumar y proponer en beneficio del Estado de M\u00e9xico: Alfredo Del Mazo - NOTICIAS<\/title>\n<meta name=\"robots\" content=\"index, follow, max-snippet:-1, max-image-preview:large, max-video-preview:-1\" \/>\n<link rel=\"canonical\" href=\"https:\/\/laredsocial-noticias.com\/wp\/es-hora-de-sumar-y-proponer-en-beneficio-del-estado-de-mexico-alfredo-del-mazo\/\" \/>\n<meta property=\"og:locale\" content=\"es_ES\" \/>\n<meta property=\"og:type\" content=\"article\" \/>\n<meta property=\"og:title\" content=\"Es hora de sumar y proponer en beneficio del Estado de M\u00e9xico: Alfredo Del Mazo - NOTICIAS\" \/>\n<meta property=\"og:description\" content=\"TOLUCA, 09 de junio, (POLITIQUER\u00cdAS\/C\u00cdRCULO DIGITAL).\u2014\u00a0El candidato de la coalici\u00f3n de los partidos Revolucionario Institucional (PRI), Verde Ecologista de M\u00e9xico...\" \/>\n<meta property=\"og:url\" content=\"https:\/\/laredsocial-noticias.com\/wp\/es-hora-de-sumar-y-proponer-en-beneficio-del-estado-de-mexico-alfredo-del-mazo\/\" \/>\n<meta property=\"og:site_name\" content=\"NOTICIAS\" \/>\n<meta property=\"article:published_time\" content=\"2017-06-09T23:40:44+00:00\" \/>\n<meta property=\"og:image\" content=\"https:\/\/laredsocial-noticias.com\/wp\/wp-content\/uploads\/2017\/06\/Alfredo-del-mazo.jpg\" \/>\n\t<meta property=\"og:image:width\" content=\"600\" \/>\n\t<meta property=\"og:image:height\" content=\"400\" \/>\n\t<meta property=\"og:image:type\" content=\"image\/jpeg\" \/>\n<meta name=\"author\" content=\"Editor en Jefe\" \/>\n<meta name=\"twitter:card\" content=\"summary_large_image\" \/>\n<meta name=\"twitter:label1\" content=\"Escrito por\" \/>\n\t<meta name=\"twitter:data1\" content=\"Editor en Jefe\" \/>\n\t<meta name=\"twitter:label2\" content=\"Tiempo de lectura\" \/>\n\t<meta name=\"twitter:data2\" content=\"1 minuto\" \/>\n<!-- \/ Yoast SEO plugin. -->","yoast_head_json":{"title":"Es hora de sumar y proponer en beneficio del Estado de M\u00e9xico: Alfredo Del Mazo - NOTICIAS","robots":{"index":"index","follow":"follow","max-snippet":"max-snippet:-1","max-image-preview":"max-image-preview:large","max-video-preview":"max-video-preview:-1"},"canonical":"https:\/\/laredsocial-noticias.com\/wp\/es-hora-de-sumar-y-proponer-en-beneficio-del-estado-de-mexico-alfredo-del-mazo\/","og_locale":"es_ES","og_type":"article","og_title":"Es hora de sumar y proponer en beneficio del Estado de M\u00e9xico: Alfredo Del Mazo - NOTICIAS","og_description":"TOLUCA, 09 de junio, (POLITIQUER\u00cdAS\/C\u00cdRCULO DIGITAL).\u2014\u00a0El candidato de la coalici\u00f3n de los partidos Revolucionario Institucional (PRI), Verde Ecologista de M\u00e9xico...","og_url":"https:\/\/laredsocial-noticias.com\/wp\/es-hora-de-sumar-y-proponer-en-beneficio-del-estado-de-mexico-alfredo-del-mazo\/","og_site_name":"NOTICIAS","article_published_time":"2017-06-09T23:40:44+00:00","og_image":[{"width":600,"height":400,"url":"https:\/\/laredsocial-noticias.com\/wp\/wp-content\/uploads\/2017\/06\/Alfredo-del-mazo.jpg","type":"image\/jpeg"}],"author":"Editor en Jefe","twitter_card":"summary_large_image","twitter_misc":{"Escrito por":"Editor en Jefe","Tiempo de lectura":"1 minuto"},"schema":{"@context":"https:\/\/schema.org","@graph":[{"@type":"WebPage","@id":"https:\/\/laredsocial-noticias.com\/wp\/es-hora-de-sumar-y-proponer-en-beneficio-del-estado-de-mexico-alfredo-del-mazo\/","url":"https:\/\/laredsocial-noticias.com\/wp\/es-hora-de-sumar-y-proponer-en-beneficio-del-estado-de-mexico-alfredo-del-mazo\/","name":"Es hora de sumar y proponer en beneficio del Estado de M\u00e9xico: Alfredo Del Mazo - NOTICIAS","isPartOf":{"@id":"https:\/\/laredsocial-noticias.com\/wp\/#website"},"datePublished":"2017-06-09T23:40:44+00:00","author":{"@id":"https:\/\/laredsocial-noticias.com\/wp\/#\/schema\/person\/0ce78643f2de7aae6f6ef10e8453a6e0"},"breadcrumb":{"@id":"https:\/\/laredsocial-noticias.com\/wp\/es-hora-de-sumar-y-proponer-en-beneficio-del-estado-de-mexico-alfredo-del-mazo\/#breadcrumb"},"inLanguage":"es","potentialAction":[{"@type":"ReadAction","target":["https:\/\/laredsocial-noticias.com\/wp\/es-hora-de-sumar-y-proponer-en-beneficio-del-estado-de-mexico-alfredo-del-mazo\/"]}]},{"@type":"BreadcrumbList","@id":"https:\/\/laredsocial-noticias.com\/wp\/es-hora-de-sumar-y-proponer-en-beneficio-del-estado-de-mexico-alfredo-del-mazo\/#breadcrumb","itemListElement":[{"@type":"ListItem","position":1,"name":"Portada","item":"https:\/\/laredsocial-noticias.com\/wp\/"},{"@type":"ListItem","position":2,"name":"Es hora de sumar y proponer en beneficio del Estado de M\u00e9xico: Alfredo Del Mazo"}]},{"@type":"WebSite","@id":"https:\/\/laredsocial-noticias.com\/wp\/#website","url":"https:\/\/laredsocial-noticias.com\/wp\/","name":"NOTICIAS","description":"Lo que se ve y se dice en las redes sociales","potentialAction":[{"@type":"SearchAction","target":{"@type":"EntryPoint","urlTemplate":"https:\/\/laredsocial-noticias.com\/wp\/?s={search_term_string}"},"query-input":{"@type":"PropertyValueSpecification","valueRequired":true,"valueName":"search_term_string"}}],"inLanguage":"es"},{"@type":"Person","@id":"https:\/\/laredsocial-noticias.com\/wp\/#\/schema\/person\/0ce78643f2de7aae6f6ef10e8453a6e0","name":"Editor en Jefe","url":"https:\/\/laredsocial-noticias.com\/wp\/author\/jorgeochoa\/"}]}},"_links":{"self":[{"href":"https:\/\/laredsocial-noticias.com\/wp\/wp-json\/wp\/v2\/posts\/69937","targetHints":{"allow":["GET"]}}],"collection":[{"href":"https:\/\/laredsocial-noticias.com\/wp\/wp-json\/wp\/v2\/posts"}],"about":[{"href":"https:\/\/laredsocial-noticias.com\/wp\/wp-json\/wp\/v2\/types\/post"}],"author":[{"embeddable":true,"href":"https:\/\/laredsocial-noticias.com\/wp\/wp-json\/wp\/v2\/users\/1"}],"replies":[{"embeddable":true,"href":"https:\/\/laredsocial-noticias.com\/wp\/wp-json\/wp\/v2\/comments?post=69937"}],"version-history":[{"count":1,"href":"https:\/\/laredsocial-noticias.com\/wp\/wp-json\/wp\/v2\/posts\/69937\/revisions"}],"predecessor-version":[{"id":69938,"href":"https:\/\/laredsocial-noticias.com\/wp\/wp-json\/wp\/v2\/posts\/69937\/revisions\/69938"}],"wp:attachment":[{"href":"https:\/\/laredsocial-noticias.com\/wp\/wp-json\/wp\/v2\/media?parent=69937"}],"wp:term":[{"taxonomy":"category","embeddable":true,"href":"https:\/\/laredsocial-noticias.com\/wp\/wp-json\/wp\/v2\/categories?post=69937"},{"taxonomy":"post_tag","embeddable":true,"href":"https:\/\/laredsocial-noticias.com\/wp\/wp-json\/wp\/v2\/tags?post=69937"}],"curies":[{"name":"wp","href":"https:\/\/api.w.org\/{rel}","templated":true}]}}