{"id":7030,"date":"2016-04-26T09:26:55","date_gmt":"2016-04-26T14:26:55","guid":{"rendered":"http:\/\/laredsocial-noticias.com\/wp\/?p=7030"},"modified":"2016-04-26T09:27:07","modified_gmt":"2016-04-26T14:27:07","slug":"convocan-a-proceso-para-ingresar-a-la-policia-preventiva-capitalina","status":"publish","type":"post","link":"https:\/\/laredsocial-noticias.com\/wp\/convocan-a-proceso-para-ingresar-a-la-policia-preventiva-capitalina\/","title":{"rendered":"Convocan a proceso para ingresar a la Polic\u00eda Preventiva capitalina"},"content":{"rendered":"<p><strong>CIUDAD DE M\u00c9XICO, 26 de abril, (RELOJ CIUDADANO \/ C\u00cdRCULO DIGITAL).&#8211;<\/strong>La Secretar\u00eda de Seguridad P\u00fablica de la Ciudad de M\u00e9xico dio a conocer hoy la convocatoria para participar en el proceso de reclutamiento, selecci\u00f3n e ingreso de aspirantes a la Polic\u00eda Preventiva.<\/p>\n<p>Esta invitaci\u00f3n, publicada en la Gaceta Oficial capitalina, est\u00e1 dirigida a los interesados que cumplan con los requisitos establecidos y que cuenten con vocaci\u00f3n de servicio, honestidad, lealtad y disciplina.<\/p>\n<p>Para la etapa de reclutamiento, que es el proceso mediante el cual la Comisi\u00f3n T\u00e9cnica de Selecci\u00f3n y Promoci\u00f3n, a trav\u00e9s del Instituto T\u00e9cnico de Formaci\u00f3n Policial, convoca a candidatos para ocupar una plaza, deber\u00e1n cumplir con requisitos como ser mexicanos por nacimiento sin otra nacionalidad y tener entre 18 y 30 a\u00f1os de edad.<\/p>\n<p>Tambi\u00e9n acreditar haber concluido la ense\u00f1anza media superior o equivalente; tener estatura m\u00ednima en hombres de 1.60 metros y en mujeres, 1.50; buena conducta, no haber sido condenado por sentencia irrevocable por delito doloso, ni estar sujeto a proceso penal ni estar inhabilitado o destituido de alguna instituci\u00f3n policial.<\/p>\n<p>As\u00ed como haber cumplido con el Servicio Militar Nacional; acreditar buena salud f\u00edsica y mental; aprobar los procesos de evaluaci\u00f3n del Instituto T\u00e9cnico de Formaci\u00f3n Policial; no utilizar sustancias psicotr\u00f3picas, estupefacientes u otras, ni padecer alcoholismo; adem\u00e1s de no tener tatuajes, dibujos o grabados en la piel.<\/p>\n<p>La documentaci\u00f3n requerida deber\u00e1 ser entregada en el Departamento de Selecci\u00f3n e Inducci\u00f3n de Aspirantes del Instituto T\u00e9cnico, ubicado en Camino al Desierto de los Leones n\u00famero 5715, colonia Olivar de los Padres, delegaci\u00f3n \u00c1lvaro Obreg\u00f3n.<\/p>\n<p>La convocatoria indica que para ingresar como alumno al Curso B\u00e1sico de Formaci\u00f3n Policial deber\u00e1 acreditar y aprobar las evaluaciones f\u00edsica, m\u00e9dica y de control de confianza.<\/p>\n<p>Menciona que durante la capacitaci\u00f3n en el Instituto T\u00e9cnico, los becarios podr\u00e1n recibir uniforme, equipo complementario, material did\u00e1ctico, alimentaci\u00f3n y alojamiento, d\u00edas de descanso conforme al programa que se encuentre cursando y, adicionalmente, una ayuda econ\u00f3mica semanal, que no implica relaci\u00f3n laboral alguna con el gobierno capitalino.<\/p>\n<p>La contrataci\u00f3n estar\u00e1 sujeta a la existencia de presupuesto, as\u00ed como al resultado de las evaluaciones y la aprobaci\u00f3n del Curso B\u00e1sico de Formaci\u00f3n Policial.<\/p>\n","protected":false},"excerpt":{"rendered":"<p>La Secretar\u00eda de Seguridad P\u00fablica de la Ciudad de M\u00e9xico dio a conocer hoy la convocatoria para participar en el proceso de reclutamiento, selecci\u00f3n e ingreso de aspirantes a la Polic\u00eda Preventiva.<\/p>\n","protected":false},"author":1,"featured_media":0,"comment_status":"closed","ping_status":"closed","sticky":false,"template":"","format":"standard","meta":{"footnotes":""},"categories":[91,73],"tags":[1665,678,1666,77],"class_list":["post-7030","post","type-post","status-publish","format-standard","hentry","category-cdmx","category-principal","tag-agilizar","tag-policia","tag-preventiva","tag-principal"],"yoast_head":"<!-- This site is optimized with the Yoast SEO plugin v26.5 - https:\/\/yoast.com\/wordpress\/plugins\/seo\/ -->\n<title>Convocan a proceso para ingresar a la Polic\u00eda Preventiva capitalina - NOTICIAS<\/title>\n<meta name=\"robots\" content=\"index, follow, max-snippet:-1, max-image-preview:large, max-video-preview:-1\" \/>\n<link rel=\"canonical\" href=\"https:\/\/laredsocial-noticias.com\/wp\/convocan-a-proceso-para-ingresar-a-la-policia-preventiva-capitalina\/\" \/>\n<meta property=\"og:locale\" content=\"es_ES\" \/>\n<meta property=\"og:type\" content=\"article\" \/>\n<meta property=\"og:title\" content=\"Convocan a proceso para ingresar a la Polic\u00eda Preventiva capitalina - NOTICIAS\" \/>\n<meta property=\"og:description\" content=\"La Secretar\u00eda de Seguridad P\u00fablica de la Ciudad de M\u00e9xico dio a conocer hoy la convocatoria para participar en el proceso de reclutamiento, selecci\u00f3n e ingreso de aspirantes a la Polic\u00eda Preventiva.\" \/>\n<meta property=\"og:url\" content=\"https:\/\/laredsocial-noticias.com\/wp\/convocan-a-proceso-para-ingresar-a-la-policia-preventiva-capitalina\/\" \/>\n<meta property=\"og:site_name\" content=\"NOTICIAS\" \/>\n<meta property=\"article:published_time\" content=\"2016-04-26T14:26:55+00:00\" \/>\n<meta property=\"article:modified_time\" content=\"2016-04-26T14:27:07+00:00\" \/>\n<meta name=\"author\" content=\"Editor en Jefe\" \/>\n<meta name=\"twitter:card\" content=\"summary_large_image\" \/>\n<meta name=\"twitter:label1\" content=\"Escrito por\" \/>\n\t<meta name=\"twitter:data1\" content=\"Editor en Jefe\" \/>\n\t<meta name=\"twitter:label2\" content=\"Tiempo de lectura\" \/>\n\t<meta name=\"twitter:data2\" content=\"2 minutos\" \/>\n<!-- \/ Yoast SEO plugin. -->","yoast_head_json":{"title":"Convocan a proceso para ingresar a la Polic\u00eda Preventiva capitalina - NOTICIAS","robots":{"index":"index","follow":"follow","max-snippet":"max-snippet:-1","max-image-preview":"max-image-preview:large","max-video-preview":"max-video-preview:-1"},"canonical":"https:\/\/laredsocial-noticias.com\/wp\/convocan-a-proceso-para-ingresar-a-la-policia-preventiva-capitalina\/","og_locale":"es_ES","og_type":"article","og_title":"Convocan a proceso para ingresar a la Polic\u00eda Preventiva capitalina - NOTICIAS","og_description":"La Secretar\u00eda de Seguridad P\u00fablica de la Ciudad de M\u00e9xico dio a conocer hoy la convocatoria para participar en el proceso de reclutamiento, selecci\u00f3n e ingreso de aspirantes a la Polic\u00eda Preventiva.","og_url":"https:\/\/laredsocial-noticias.com\/wp\/convocan-a-proceso-para-ingresar-a-la-policia-preventiva-capitalina\/","og_site_name":"NOTICIAS","article_published_time":"2016-04-26T14:26:55+00:00","article_modified_time":"2016-04-26T14:27:07+00:00","author":"Editor en Jefe","twitter_card":"summary_large_image","twitter_misc":{"Escrito por":"Editor en Jefe","Tiempo de lectura":"2 minutos"},"schema":{"@context":"https:\/\/schema.org","@graph":[{"@type":"WebPage","@id":"https:\/\/laredsocial-noticias.com\/wp\/convocan-a-proceso-para-ingresar-a-la-policia-preventiva-capitalina\/","url":"https:\/\/laredsocial-noticias.com\/wp\/convocan-a-proceso-para-ingresar-a-la-policia-preventiva-capitalina\/","name":"Convocan a proceso para ingresar a la Polic\u00eda Preventiva capitalina - NOTICIAS","isPartOf":{"@id":"https:\/\/laredsocial-noticias.com\/wp\/#website"},"datePublished":"2016-04-26T14:26:55+00:00","dateModified":"2016-04-26T14:27:07+00:00","author":{"@id":"https:\/\/laredsocial-noticias.com\/wp\/#\/schema\/person\/0ce78643f2de7aae6f6ef10e8453a6e0"},"breadcrumb":{"@id":"https:\/\/laredsocial-noticias.com\/wp\/convocan-a-proceso-para-ingresar-a-la-policia-preventiva-capitalina\/#breadcrumb"},"inLanguage":"es","potentialAction":[{"@type":"ReadAction","target":["https:\/\/laredsocial-noticias.com\/wp\/convocan-a-proceso-para-ingresar-a-la-policia-preventiva-capitalina\/"]}]},{"@type":"BreadcrumbList","@id":"https:\/\/laredsocial-noticias.com\/wp\/convocan-a-proceso-para-ingresar-a-la-policia-preventiva-capitalina\/#breadcrumb","itemListElement":[{"@type":"ListItem","position":1,"name":"Portada","item":"https:\/\/laredsocial-noticias.com\/wp\/"},{"@type":"ListItem","position":2,"name":"Convocan a proceso para ingresar a la Polic\u00eda Preventiva capitalina"}]},{"@type":"WebSite","@id":"https:\/\/laredsocial-noticias.com\/wp\/#website","url":"https:\/\/laredsocial-noticias.com\/wp\/","name":"NOTICIAS","description":"Lo que se ve y se dice en las redes sociales","potentialAction":[{"@type":"SearchAction","target":{"@type":"EntryPoint","urlTemplate":"https:\/\/laredsocial-noticias.com\/wp\/?s={search_term_string}"},"query-input":{"@type":"PropertyValueSpecification","valueRequired":true,"valueName":"search_term_string"}}],"inLanguage":"es"},{"@type":"Person","@id":"https:\/\/laredsocial-noticias.com\/wp\/#\/schema\/person\/0ce78643f2de7aae6f6ef10e8453a6e0","name":"Editor en Jefe","url":"https:\/\/laredsocial-noticias.com\/wp\/author\/jorgeochoa\/"}]}},"_links":{"self":[{"href":"https:\/\/laredsocial-noticias.com\/wp\/wp-json\/wp\/v2\/posts\/7030","targetHints":{"allow":["GET"]}}],"collection":[{"href":"https:\/\/laredsocial-noticias.com\/wp\/wp-json\/wp\/v2\/posts"}],"about":[{"href":"https:\/\/laredsocial-noticias.com\/wp\/wp-json\/wp\/v2\/types\/post"}],"author":[{"embeddable":true,"href":"https:\/\/laredsocial-noticias.com\/wp\/wp-json\/wp\/v2\/users\/1"}],"replies":[{"embeddable":true,"href":"https:\/\/laredsocial-noticias.com\/wp\/wp-json\/wp\/v2\/comments?post=7030"}],"version-history":[{"count":1,"href":"https:\/\/laredsocial-noticias.com\/wp\/wp-json\/wp\/v2\/posts\/7030\/revisions"}],"predecessor-version":[{"id":7031,"href":"https:\/\/laredsocial-noticias.com\/wp\/wp-json\/wp\/v2\/posts\/7030\/revisions\/7031"}],"wp:attachment":[{"href":"https:\/\/laredsocial-noticias.com\/wp\/wp-json\/wp\/v2\/media?parent=7030"}],"wp:term":[{"taxonomy":"category","embeddable":true,"href":"https:\/\/laredsocial-noticias.com\/wp\/wp-json\/wp\/v2\/categories?post=7030"},{"taxonomy":"post_tag","embeddable":true,"href":"https:\/\/laredsocial-noticias.com\/wp\/wp-json\/wp\/v2\/tags?post=7030"}],"curies":[{"name":"wp","href":"https:\/\/api.w.org\/{rel}","templated":true}]}}