{"id":71383,"date":"2017-06-20T09:16:06","date_gmt":"2017-06-20T14:16:06","guid":{"rendered":"http:\/\/laredsocial-noticias.com\/wp\/?p=71383"},"modified":"2017-06-20T09:12:05","modified_gmt":"2017-06-20T14:12:05","slug":"el-concierto-sones-de-tierra-y-nube-muestra-que-el-arte-es-uno-de-los-caminos-para-llegar-a-la-verdadera-convivencia-humana-lidia-camacho","status":"publish","type":"post","link":"https:\/\/laredsocial-noticias.com\/wp\/el-concierto-sones-de-tierra-y-nube-muestra-que-el-arte-es-uno-de-los-caminos-para-llegar-a-la-verdadera-convivencia-humana-lidia-camacho\/","title":{"rendered":"El concierto Sones de tierra y nube muestra que el arte es uno de los caminos para llegar a la verdadera convivencia humana: Lidia Camacho"},"content":{"rendered":"<p><strong>CIUDAD DE M\u00c9XICO, 20 de junio, (DE VAGOS \/ C\u00cdRCULO DIGITAL).-\u00a0<\/strong><span lang=\"ES-TRAD\"><span style=\"font-size: large;\">\u201cPara la Secretar\u00eda de Cultura federal y el Instituto Nacional de Bellas Artes (INBA) es motivo de alegr\u00eda presentar en este emblem\u00e1tico recinto (el Palacio de Bellas Artes) un concierto que al reunir tanto talento nos dar\u00e1 clara muestra de que el arte es uno de los caminos para llegar a la verdadera convivencia humana\u201d.<\/span><\/span><\/p>\n<p class=\"x_MsoNormal\"><span lang=\"ES-TRAD\"><span style=\"font-size: large;\">\u00a0<\/span><\/span><\/p>\n<p class=\"x_MsoNormal\"><span lang=\"ES-TRAD\"><span style=\"font-size: large;\">As\u00ed se expres\u00f3 Lidia Camacho, titular del INBA, en la conferencia de prensa para anunciar el concierto <i>Sones de tierra y nube<\/i>, con el que el Centro de Capacitaci\u00f3n Musical y Desarrollo de la Cultura Mixe (Cecam) celebrar\u00e1 su 40 aniversario.<\/span><\/span><\/p>\n<p class=\"x_MsoNormal\"><span style=\"font-size: large;\"><span lang=\"ES-TRAD\">Este evento, apoyado por la Asociaci\u00f3n Cultural Xquenda A.C., se realizar\u00e1 el s\u00e1bado 1\u00b0 de julio a las 19:00 en la Sala Principal del Palacio de Bellas Artes. El p\u00fablico podr\u00e1 disfrutar de un programa conformado por sones, boleros, polcas, danzones, vals y chilenas realizadas por compositores de origen oaxaque\u00f1o, e interpretadas por la Banda Filarm\u00f3nica del Cecam, que tendr\u00e1 como invitados al <\/span>tenor Fernando de la Mora, el pianista H\u00e9ctor Infanz\u00f3n, la cantante Susana Harp y los flautistas Horacio Franco y Concepci\u00f3n Hern\u00e1ndez. Participar\u00e1n adem\u00e1s <span lang=\"ES-TRAD\">los directores art\u00edsticos Silvestre V\u00e1squez y Leovigildo Mart\u00ednez, as\u00ed como el director invitado C\u00e9sar Delgado.<\/span><br \/>\n<\/span><\/p>\n<p class=\"x_MsoNormal\"><span lang=\"ES-TRAD\"><span style=\"font-size: large;\">\u00a0<\/span><\/span><\/p>\n<p class=\"x_MsoNormal\"><span lang=\"ES-TRAD\"><span style=\"font-size: large;\">Lidia Camacho se\u00f1al\u00f3 que este concierto ser\u00e1 todo un acontecimiento, no solo por la m\u00fasica que se escuchar\u00e1 y la magnitud de los int\u00e9rpretes que se han reunido, sino porque adem\u00e1s se abrir\u00e1 una ventana que llevar\u00e1 al espectador a la esencia musical de Oaxaca. \u201cNadie ignora la riqueza de la cultura oaxaque\u00f1a, en especial la de sus manifestaciones musicales que tanto han ensanchado nuestra herencia m\u00e1s \u00edntima, esa que nos distingue como mexicanos\u201d.<\/span><\/span><\/p>\n<p class=\"x_MsoNormal\"><span lang=\"ES-TRAD\"><span style=\"font-size: large;\">\u00a0<\/span><\/span><\/p>\n<p class=\"x_MsoNormal\"><span lang=\"ES-TRAD\"><span style=\"font-size: large;\">Reconoci\u00f3 la labor realizada por el Cecam, ya que se trata de un centro que no solo ofrece educaci\u00f3n musical y formal en la comunidad mixe, sino que al rescatar, interpretar y difundir la m\u00fasica entra\u00f1able de Oaxaca ha contribuido a fortalecer el aprecio por la diversidad cultural del estado y de nuestro pa\u00eds. \u201cSe ama lo que se conoce y lo que se conoce se ama, se preserva, se cuida, se hereda a aquellos que habr\u00e1n de venir despu\u00e9s de nosotros. No de otro modo se construyen las tradiciones culturales\u201d.<\/span><\/span><\/p>\n<p class=\"x_MsoNormal\"><span lang=\"ES-TRAD\"><span style=\"font-size: large;\">\u00a0<\/span><\/span><\/p>\n<p class=\"x_MsoNormal\"><span lang=\"ES-TRAD\"><span style=\"font-size: large;\">En su oportunidad, el director del Cecam, Mauro Delgado, indic\u00f3 que esta instituci\u00f3n contar\u00e1 por primera vez con el apoyo del Gobierno del Estado de Oaxaca, despu\u00e9s de 40 a\u00f1os de trabajo arduo. \u201cEs un proyecto que ha seguido con vida gracias al trabajo.\u00a0 En el Cecam sentimos que una de nuestras identidades que no hemos querido perder es la m\u00fasica, y esperamos que participen todos del concierto porque los estudiantes se est\u00e1n preparando para que todo salga muy bonito, acompa\u00f1ados de los artistas\u201d.<\/span><\/span><\/p>\n<p class=\"x_MsoNormal\"><span lang=\"ES-TRAD\"><span style=\"font-size: large;\">Susana Harp, cantante y directora de la Asociaci\u00f3n Cultural Xquenda A.C., dijo que \u00e9sta siempre ha acompa\u00f1ado al Cecam para apoyarlo. \u201cHoy estamos de fiesta porque cumple 40 a\u00f1os de un extraordinario esfuerzo comunitario para albergar a todos los alumnos que tiene y que son de comunidades cercanas y de diversas regiones de Oaxaca y de otros estados. Su Banda Filarm\u00f3nica sustituye las cuerdas por una gran cantidad de clarinetes y otro tipo de instrumentos, y pueden tocar desde m\u00fasica tradicional hasta m\u00fasica sinf\u00f3nica\u201d.<\/span><\/span><\/p>\n<p class=\"x_MsoNormal\"><span lang=\"ES-TRAD\"><span style=\"font-size: large;\">\u00a0<\/span><\/span><\/p>\n<p class=\"x_MsoNormal\"><span lang=\"ES-TRAD\"><span style=\"font-size: large;\">Los artistas invitados hablaron de su experiencia de participar con el Cecam y en el concierto <i>Sones de tierra y nube<\/i>. El pianista H\u00e9ctor Infanz\u00f3n dijo sentirse muy honrado de haber sido invitado a participar en los dos discos del concierto <i>Sones de tierra y nube<\/i>, \u201cuna experiencia \u00fanica que marc\u00f3 mi vida profesional y que desde entonces he tenido la oportunidad de colaborar.\u00a0 Para esta ocasi\u00f3n me propuse estrenar una obra para la Banda en su lenguaje propio y como fruto de la experiencia que hemos tenido\u201d.<\/span><\/span><\/p>\n<p class=\"x_MsoNormal\"><span lang=\"ES-TRAD\"><span style=\"font-size: large;\">\u00a0<\/span><\/span><\/p>\n<p class=\"x_MsoNormal\"><span lang=\"ES-TRAD\"><span style=\"font-size: large;\">El tenor Fernando de la Mora agradeci\u00f3 estar en el Palacio de Bellas Artes para mostrar un proyecto de un lugar muy peque\u00f1o de la Rep\u00fablica Mexicana pero muy grande en el coraz\u00f3n de mucha gente, Tlahuitoltepec. \u201cEs un concierto altruista, cultural y que se convierte en parte fundamental econ\u00f3micamente para muchas familias\u201d. La flautista Concepci\u00f3n Hern\u00e1ndez afirm\u00f3 que gracias al Cecam se dio cuenta que la m\u00fasica iba a ser su vida. \u201cMe gradu\u00e9 en esa escuela que me brind\u00f3 unos grandes maestros y gracias a ella sigo con mi vida musical\u201d.<\/span><\/span><\/p>\n","protected":false},"excerpt":{"rendered":"<p>CIUDAD DE M\u00c9XICO, 20 de junio, (DE VAGOS \/ C\u00cdRCULO DIGITAL).-\u00a0\u201cPara la Secretar\u00eda de Cultura federal y el Instituto Nacional&#8230;<\/p>\n","protected":false},"author":1,"featured_media":0,"comment_status":"closed","ping_status":"closed","sticky":false,"template":"","format":"standard","meta":{"footnotes":""},"categories":[91,1796,73],"tags":[261,77],"class_list":["post-71383","post","type-post","status-publish","format-standard","hentry","category-cdmx","category-circulodigital","category-principal","tag-cdmx","tag-principal"],"yoast_head":"<!-- This site is optimized with the Yoast SEO plugin v26.5 - https:\/\/yoast.com\/wordpress\/plugins\/seo\/ -->\n<title>El concierto Sones de tierra y nube muestra que el arte es uno de los caminos para llegar a la verdadera convivencia humana: Lidia Camacho - NOTICIAS<\/title>\n<meta name=\"robots\" content=\"index, follow, max-snippet:-1, max-image-preview:large, max-video-preview:-1\" \/>\n<link rel=\"canonical\" href=\"https:\/\/laredsocial-noticias.com\/wp\/el-concierto-sones-de-tierra-y-nube-muestra-que-el-arte-es-uno-de-los-caminos-para-llegar-a-la-verdadera-convivencia-humana-lidia-camacho\/\" \/>\n<meta property=\"og:locale\" content=\"es_ES\" \/>\n<meta property=\"og:type\" content=\"article\" \/>\n<meta property=\"og:title\" content=\"El concierto Sones de tierra y nube muestra que el arte es uno de los caminos para llegar a la verdadera convivencia humana: Lidia Camacho - NOTICIAS\" \/>\n<meta property=\"og:description\" content=\"CIUDAD DE M\u00c9XICO, 20 de junio, (DE VAGOS \/ C\u00cdRCULO DIGITAL).-\u00a0\u201cPara la Secretar\u00eda de Cultura federal y el Instituto Nacional...\" \/>\n<meta property=\"og:url\" content=\"https:\/\/laredsocial-noticias.com\/wp\/el-concierto-sones-de-tierra-y-nube-muestra-que-el-arte-es-uno-de-los-caminos-para-llegar-a-la-verdadera-convivencia-humana-lidia-camacho\/\" \/>\n<meta property=\"og:site_name\" content=\"NOTICIAS\" \/>\n<meta property=\"article:published_time\" content=\"2017-06-20T14:16:06+00:00\" \/>\n<meta property=\"og:image\" content=\"https:\/\/laredsocial-noticias.com\/wp\/wp-content\/uploads\/2017\/06\/CECAM-e1497967890538.jpg\" \/>\n\t<meta property=\"og:image:width\" content=\"600\" \/>\n\t<meta property=\"og:image:height\" content=\"346\" \/>\n\t<meta property=\"og:image:type\" content=\"image\/jpeg\" \/>\n<meta name=\"author\" content=\"Editor en Jefe\" \/>\n<meta name=\"twitter:card\" content=\"summary_large_image\" \/>\n<meta name=\"twitter:label1\" content=\"Escrito por\" \/>\n\t<meta name=\"twitter:data1\" content=\"Editor en Jefe\" \/>\n\t<meta name=\"twitter:label2\" content=\"Tiempo de lectura\" \/>\n\t<meta name=\"twitter:data2\" content=\"4 minutos\" \/>\n<!-- \/ Yoast SEO plugin. -->","yoast_head_json":{"title":"El concierto Sones de tierra y nube muestra que el arte es uno de los caminos para llegar a la verdadera convivencia humana: Lidia Camacho - NOTICIAS","robots":{"index":"index","follow":"follow","max-snippet":"max-snippet:-1","max-image-preview":"max-image-preview:large","max-video-preview":"max-video-preview:-1"},"canonical":"https:\/\/laredsocial-noticias.com\/wp\/el-concierto-sones-de-tierra-y-nube-muestra-que-el-arte-es-uno-de-los-caminos-para-llegar-a-la-verdadera-convivencia-humana-lidia-camacho\/","og_locale":"es_ES","og_type":"article","og_title":"El concierto Sones de tierra y nube muestra que el arte es uno de los caminos para llegar a la verdadera convivencia humana: Lidia Camacho - NOTICIAS","og_description":"CIUDAD DE M\u00c9XICO, 20 de junio, (DE VAGOS \/ C\u00cdRCULO DIGITAL).-\u00a0\u201cPara la Secretar\u00eda de Cultura federal y el Instituto Nacional...","og_url":"https:\/\/laredsocial-noticias.com\/wp\/el-concierto-sones-de-tierra-y-nube-muestra-que-el-arte-es-uno-de-los-caminos-para-llegar-a-la-verdadera-convivencia-humana-lidia-camacho\/","og_site_name":"NOTICIAS","article_published_time":"2017-06-20T14:16:06+00:00","og_image":[{"width":600,"height":346,"url":"https:\/\/laredsocial-noticias.com\/wp\/wp-content\/uploads\/2017\/06\/CECAM-e1497967890538.jpg","type":"image\/jpeg"}],"author":"Editor en Jefe","twitter_card":"summary_large_image","twitter_misc":{"Escrito por":"Editor en Jefe","Tiempo de lectura":"4 minutos"},"schema":{"@context":"https:\/\/schema.org","@graph":[{"@type":"WebPage","@id":"https:\/\/laredsocial-noticias.com\/wp\/el-concierto-sones-de-tierra-y-nube-muestra-que-el-arte-es-uno-de-los-caminos-para-llegar-a-la-verdadera-convivencia-humana-lidia-camacho\/","url":"https:\/\/laredsocial-noticias.com\/wp\/el-concierto-sones-de-tierra-y-nube-muestra-que-el-arte-es-uno-de-los-caminos-para-llegar-a-la-verdadera-convivencia-humana-lidia-camacho\/","name":"El concierto Sones de tierra y nube muestra que el arte es uno de los caminos para llegar a la verdadera convivencia humana: Lidia Camacho - NOTICIAS","isPartOf":{"@id":"https:\/\/laredsocial-noticias.com\/wp\/#website"},"datePublished":"2017-06-20T14:16:06+00:00","author":{"@id":"https:\/\/laredsocial-noticias.com\/wp\/#\/schema\/person\/0ce78643f2de7aae6f6ef10e8453a6e0"},"breadcrumb":{"@id":"https:\/\/laredsocial-noticias.com\/wp\/el-concierto-sones-de-tierra-y-nube-muestra-que-el-arte-es-uno-de-los-caminos-para-llegar-a-la-verdadera-convivencia-humana-lidia-camacho\/#breadcrumb"},"inLanguage":"es","potentialAction":[{"@type":"ReadAction","target":["https:\/\/laredsocial-noticias.com\/wp\/el-concierto-sones-de-tierra-y-nube-muestra-que-el-arte-es-uno-de-los-caminos-para-llegar-a-la-verdadera-convivencia-humana-lidia-camacho\/"]}]},{"@type":"BreadcrumbList","@id":"https:\/\/laredsocial-noticias.com\/wp\/el-concierto-sones-de-tierra-y-nube-muestra-que-el-arte-es-uno-de-los-caminos-para-llegar-a-la-verdadera-convivencia-humana-lidia-camacho\/#breadcrumb","itemListElement":[{"@type":"ListItem","position":1,"name":"Portada","item":"https:\/\/laredsocial-noticias.com\/wp\/"},{"@type":"ListItem","position":2,"name":"El concierto Sones de tierra y nube muestra que el arte es uno de los caminos para llegar a la verdadera convivencia humana: Lidia Camacho"}]},{"@type":"WebSite","@id":"https:\/\/laredsocial-noticias.com\/wp\/#website","url":"https:\/\/laredsocial-noticias.com\/wp\/","name":"NOTICIAS","description":"Lo que se ve y se dice en las redes sociales","potentialAction":[{"@type":"SearchAction","target":{"@type":"EntryPoint","urlTemplate":"https:\/\/laredsocial-noticias.com\/wp\/?s={search_term_string}"},"query-input":{"@type":"PropertyValueSpecification","valueRequired":true,"valueName":"search_term_string"}}],"inLanguage":"es"},{"@type":"Person","@id":"https:\/\/laredsocial-noticias.com\/wp\/#\/schema\/person\/0ce78643f2de7aae6f6ef10e8453a6e0","name":"Editor en Jefe","url":"https:\/\/laredsocial-noticias.com\/wp\/author\/jorgeochoa\/"}]}},"_links":{"self":[{"href":"https:\/\/laredsocial-noticias.com\/wp\/wp-json\/wp\/v2\/posts\/71383","targetHints":{"allow":["GET"]}}],"collection":[{"href":"https:\/\/laredsocial-noticias.com\/wp\/wp-json\/wp\/v2\/posts"}],"about":[{"href":"https:\/\/laredsocial-noticias.com\/wp\/wp-json\/wp\/v2\/types\/post"}],"author":[{"embeddable":true,"href":"https:\/\/laredsocial-noticias.com\/wp\/wp-json\/wp\/v2\/users\/1"}],"replies":[{"embeddable":true,"href":"https:\/\/laredsocial-noticias.com\/wp\/wp-json\/wp\/v2\/comments?post=71383"}],"version-history":[{"count":1,"href":"https:\/\/laredsocial-noticias.com\/wp\/wp-json\/wp\/v2\/posts\/71383\/revisions"}],"predecessor-version":[{"id":71384,"href":"https:\/\/laredsocial-noticias.com\/wp\/wp-json\/wp\/v2\/posts\/71383\/revisions\/71384"}],"wp:attachment":[{"href":"https:\/\/laredsocial-noticias.com\/wp\/wp-json\/wp\/v2\/media?parent=71383"}],"wp:term":[{"taxonomy":"category","embeddable":true,"href":"https:\/\/laredsocial-noticias.com\/wp\/wp-json\/wp\/v2\/categories?post=71383"},{"taxonomy":"post_tag","embeddable":true,"href":"https:\/\/laredsocial-noticias.com\/wp\/wp-json\/wp\/v2\/tags?post=71383"}],"curies":[{"name":"wp","href":"https:\/\/api.w.org\/{rel}","templated":true}]}}