{"id":71835,"date":"2017-06-22T11:45:43","date_gmt":"2017-06-22T16:45:43","guid":{"rendered":"http:\/\/laredsocial-noticias.com\/wp\/?p=71835"},"modified":"2017-06-22T11:38:22","modified_gmt":"2017-06-22T16:38:22","slug":"los-estigmas-de-felipe-calderon-asesino-y-de-vicente-fox-estupido","status":"publish","type":"post","link":"https:\/\/laredsocial-noticias.com\/wp\/los-estigmas-de-felipe-calderon-asesino-y-de-vicente-fox-estupido\/","title":{"rendered":"Los estigmas de Felipe Calder\u00f3n (&#8220;\u00a1asesino!&#8221;) y de Vicente Fox (&#8220;\u00a1est\u00fapido!&#8221;)"},"content":{"rendered":"<h2 style=\"text-align: center;\"><strong>Percepci\u00f3n Pol\u00edtica<\/strong><\/h2>\n<h4><strong>*Juan Manuel Maga\u00f1a<\/strong><\/h4>\n<p>Con los gritos de \u201casesino\u201d y \u201cmentiroso\u201d, un grupo de activistas interrumpi\u00f3 una conferencia de Felipe Calder\u00f3n en la Universidad del Caribe en Canc\u00fan en la que \u00e9ste -intelectualmente deficitario- trataba de hablar sobre algo que nunca ha entendido: \u201cel conocimiento y la cultura para el desarrollo humano\u201d.<\/p>\n<p>Se trat\u00f3 de activistas bragadas, mujeres en su mayor parte.<\/p>\n<p>Y con rostro, pues son parte de la Coordinaci\u00f3n de Padres de Familia y del Movimiento por la Paz con Justicia y Dignidad.<\/p>\n<p>Acorralado por los reclamos, el ex inquilino de Los Pinos respondi\u00f3 a una de ellas que \u201chay gente como t\u00fa que agrede, que violenta, que insulta, que miente, pero que no tiene ning\u00fan fundamento\u201d.<\/p>\n<p>Enseguida retorci\u00f3 m\u00e1s el asunto:<\/p>\n<p>\u2014 \u00bfA qui\u00e9n apoyas, a Andr\u00e9s Manuel?-, le pregunt\u00f3 a la activista.<\/p>\n<p>\u2014 Apoyo a la justicia y a la verdad-, fue la respuesta.<\/p>\n<p>El repudiado termin\u00f3 de tratar de enrevesar el asunto:<\/p>\n<p>\u2014 Muy bien, apoyas a Andr\u00e9s Manuel.<\/p>\n<p>Mientras le segu\u00edan gritando en sus narices \u201c\u00a1asesino!\u201d, Calder\u00f3n improvis\u00f3 un soliloquio para soltar dardos envenenados: que \u00e9l combati\u00f3 el crimen organizado a diferencia del l\u00edder de Morena, quien puso a \u201cun alcalde en Iguala, Guerrero, de su partido y que es su amigo, cuya Polic\u00eda secuestr\u00f3 y asesin\u00f3 a 43 estudiantes\u201d.<\/p>\n<p>\u2013 Ahorita vienen sus pap\u00e1s para que se los digas en su cara-, le gritaron las activistas.<\/p>\n<p>Calder\u00f3n fue temerariamente m\u00e1s all\u00e1 al asegurar que la pol\u00edtica que impulsan esas activistas que lo confrontaron es de \u201ccomplicidad con el crimen organizado\u201d, ya que, dijo, \u201cme acusan de combatir el crimen organizado; s\u00ed, lo combat\u00ed y lo volver\u00eda a hacer\u201d.<\/p>\n<p>Pero no lo acusaron de eso. Lo acusaron de \u201c\u00a1asesino!\u201d. Es decir, de ser responsable de decisiones graves e irresponsables, por decir lo menos, que dejaron m\u00e1s de cien mil muertos en el pa\u00eds durante el sexenio en el que fue sentado en el poder.<\/p>\n<p>Y luego tambi\u00e9n le cuestionaron el papel de su gobierno en el incendio de la Guarder\u00eda ABC en Sonora, a lo que Calder\u00f3n asegur\u00f3 que ese establecimiento \u201cfue destinado por un gobierno que no fue el m\u00edo\u201d. Dijo que el hecho de que ese lugar lo administrara una prima de Margarita, su mujer, no ten\u00eda nada que ver.<\/p>\n<p>Los gritos siguieron, los guaruras pagados por el erario formaron un cerco y todo termin\u00f3 con algunos forcejeos.<\/p>\n<p>\u201c\u00a1Asesino!\u201d, fue el grito de despedida de los asistentes.<\/p>\n<p>&nbsp;<\/p>\n<p><b>Fox, su gran boca y su peque\u00f1o cerebro<\/b><\/p>\n<p>La respuesta a Vicente Fox fue de antolog\u00eda: le dijeron que \u00e9l es tan grande como su estupidez.<\/p>\n<p>Hace unos d\u00edas, este otro panista que tambi\u00e9n se hosped\u00f3 seis a\u00f1os en Los Pinos advirti\u00f3,\u00a0<i>urbi et orbi,\u00a0<\/i>que se encargar\u00e1 de que L\u00f3pez Obrador no llegue a la Presidencia de la Rep\u00fablica en 2018, por m\u00e1s que el tabasque\u00f1o \u201cpresuma\u201d de encabezar las encuestas.<\/p>\n<p>Con aire vulgar y con cierto cinismo, Fox asegur\u00f3 que tiene sus \u201cma\u00f1as\u201d para impedirlo. Amenaz\u00f3: \u201csi no el pueblo de M\u00e9xico, yo me voy a encargar, yo personalmente, que ese cuate no llegue, que no queremos otra Venezuela aqu\u00ed\u201d.<\/p>\n<p>Y fue Yeidckol Polevnsky, secretaria general de Morena, a quien toc\u00f3 responder\u00e9. Dijo que lo dicho por el guanajuatense \u201cLo retrata del tama\u00f1o que es. \u00c9l no s\u00f3lo es un hombre grande, su estupidez tambi\u00e9n es grande. Este tipo de actitud de \u00e9l lo retrata, porque en lugar de tener una posici\u00f3n de altura, de clase, que se respete a s\u00ed mismo, que respete la institucionalidad de ser un ex presidente, porque tuvo la oportunidad de ser presidente, a lo mejor por el error de la gente que no se acord\u00f3 y no se dio cuenta de por qui\u00e9n estaba votando, es aberrante\u201d.<\/p>\n<p>Para Morena, en fin, esta clase de declaraciones son el inicio de la guerra sucia contra el tabasque\u00f1o.<\/p>\n<p>Y ah\u00ed est\u00e1 la prueba, Calder\u00f3n y Fox son una energ\u00eda parasitaria y vol\u00e1til obsesionada en contra de AMLO. Nada que ver con una mentalidad democr\u00e1tica, \u00bfno es cierto?<\/p>\n","protected":false},"excerpt":{"rendered":"<p>Con los gritos de \u201casesino\u201d y \u201cmentiroso\u201d, un grupo de activistas interrumpi\u00f3 una conferencia de Felipe Calder\u00f3n en la Universidad del Caribe en Canc\u00fan en la que \u00e9ste -intelectualmente deficitario- trataba de hablar sobre algo que nunca ha entendido: \u201cel conocimiento y la cultura para el desarrollo humano\u201d.<\/p>\n","protected":false},"author":1,"featured_media":0,"comment_status":"closed","ping_status":"closed","sticky":false,"template":"","format":"standard","meta":{"footnotes":""},"categories":[1796,697,73],"tags":[696,1059,77],"class_list":["post-71835","post","type-post","status-publish","format-standard","hentry","category-circulodigital","category-opinion","category-principal","tag-columnas","tag-opinion","tag-principal"],"yoast_head":"<!-- This site is optimized with the Yoast SEO plugin v26.5 - https:\/\/yoast.com\/wordpress\/plugins\/seo\/ -->\n<title>Los estigmas de Felipe Calder\u00f3n (&quot;\u00a1asesino!&quot;) y de Vicente Fox (&quot;\u00a1est\u00fapido!&quot;) - NOTICIAS<\/title>\n<meta name=\"robots\" content=\"index, follow, max-snippet:-1, max-image-preview:large, max-video-preview:-1\" \/>\n<link rel=\"canonical\" href=\"https:\/\/laredsocial-noticias.com\/wp\/los-estigmas-de-felipe-calderon-asesino-y-de-vicente-fox-estupido\/\" \/>\n<meta property=\"og:locale\" content=\"es_ES\" \/>\n<meta property=\"og:type\" content=\"article\" \/>\n<meta property=\"og:title\" content=\"Los estigmas de Felipe Calder\u00f3n (&quot;\u00a1asesino!&quot;) y de Vicente Fox (&quot;\u00a1est\u00fapido!&quot;) - NOTICIAS\" \/>\n<meta property=\"og:description\" content=\"Con los gritos de \u201casesino\u201d y \u201cmentiroso\u201d, un grupo de activistas interrumpi\u00f3 una conferencia de Felipe Calder\u00f3n en la Universidad del Caribe en Canc\u00fan en la que \u00e9ste -intelectualmente deficitario- trataba de hablar sobre algo que nunca ha entendido: \u201cel conocimiento y la cultura para el desarrollo humano\u201d.\" \/>\n<meta property=\"og:url\" content=\"https:\/\/laredsocial-noticias.com\/wp\/los-estigmas-de-felipe-calderon-asesino-y-de-vicente-fox-estupido\/\" \/>\n<meta property=\"og:site_name\" content=\"NOTICIAS\" \/>\n<meta property=\"article:published_time\" content=\"2017-06-22T16:45:43+00:00\" \/>\n<meta name=\"author\" content=\"Editor en Jefe\" \/>\n<meta name=\"twitter:card\" content=\"summary_large_image\" \/>\n<meta name=\"twitter:label1\" content=\"Escrito por\" \/>\n\t<meta name=\"twitter:data1\" content=\"Editor en Jefe\" \/>\n\t<meta name=\"twitter:label2\" content=\"Tiempo de lectura\" \/>\n\t<meta name=\"twitter:data2\" content=\"4 minutos\" \/>\n<!-- \/ Yoast SEO plugin. -->","yoast_head_json":{"title":"Los estigmas de Felipe Calder\u00f3n (\"\u00a1asesino!\") y de Vicente Fox (\"\u00a1est\u00fapido!\") - NOTICIAS","robots":{"index":"index","follow":"follow","max-snippet":"max-snippet:-1","max-image-preview":"max-image-preview:large","max-video-preview":"max-video-preview:-1"},"canonical":"https:\/\/laredsocial-noticias.com\/wp\/los-estigmas-de-felipe-calderon-asesino-y-de-vicente-fox-estupido\/","og_locale":"es_ES","og_type":"article","og_title":"Los estigmas de Felipe Calder\u00f3n (\"\u00a1asesino!\") y de Vicente Fox (\"\u00a1est\u00fapido!\") - NOTICIAS","og_description":"Con los gritos de \u201casesino\u201d y \u201cmentiroso\u201d, un grupo de activistas interrumpi\u00f3 una conferencia de Felipe Calder\u00f3n en la Universidad del Caribe en Canc\u00fan en la que \u00e9ste -intelectualmente deficitario- trataba de hablar sobre algo que nunca ha entendido: \u201cel conocimiento y la cultura para el desarrollo humano\u201d.","og_url":"https:\/\/laredsocial-noticias.com\/wp\/los-estigmas-de-felipe-calderon-asesino-y-de-vicente-fox-estupido\/","og_site_name":"NOTICIAS","article_published_time":"2017-06-22T16:45:43+00:00","author":"Editor en Jefe","twitter_card":"summary_large_image","twitter_misc":{"Escrito por":"Editor en Jefe","Tiempo de lectura":"4 minutos"},"schema":{"@context":"https:\/\/schema.org","@graph":[{"@type":"WebPage","@id":"https:\/\/laredsocial-noticias.com\/wp\/los-estigmas-de-felipe-calderon-asesino-y-de-vicente-fox-estupido\/","url":"https:\/\/laredsocial-noticias.com\/wp\/los-estigmas-de-felipe-calderon-asesino-y-de-vicente-fox-estupido\/","name":"Los estigmas de Felipe Calder\u00f3n (\"\u00a1asesino!\") y de Vicente Fox (\"\u00a1est\u00fapido!\") - NOTICIAS","isPartOf":{"@id":"https:\/\/laredsocial-noticias.com\/wp\/#website"},"datePublished":"2017-06-22T16:45:43+00:00","author":{"@id":"https:\/\/laredsocial-noticias.com\/wp\/#\/schema\/person\/0ce78643f2de7aae6f6ef10e8453a6e0"},"breadcrumb":{"@id":"https:\/\/laredsocial-noticias.com\/wp\/los-estigmas-de-felipe-calderon-asesino-y-de-vicente-fox-estupido\/#breadcrumb"},"inLanguage":"es","potentialAction":[{"@type":"ReadAction","target":["https:\/\/laredsocial-noticias.com\/wp\/los-estigmas-de-felipe-calderon-asesino-y-de-vicente-fox-estupido\/"]}]},{"@type":"BreadcrumbList","@id":"https:\/\/laredsocial-noticias.com\/wp\/los-estigmas-de-felipe-calderon-asesino-y-de-vicente-fox-estupido\/#breadcrumb","itemListElement":[{"@type":"ListItem","position":1,"name":"Portada","item":"https:\/\/laredsocial-noticias.com\/wp\/"},{"@type":"ListItem","position":2,"name":"Los estigmas de Felipe Calder\u00f3n (&#8220;\u00a1asesino!&#8221;) y de Vicente Fox (&#8220;\u00a1est\u00fapido!&#8221;)"}]},{"@type":"WebSite","@id":"https:\/\/laredsocial-noticias.com\/wp\/#website","url":"https:\/\/laredsocial-noticias.com\/wp\/","name":"NOTICIAS","description":"Lo que se ve y se dice en las redes sociales","potentialAction":[{"@type":"SearchAction","target":{"@type":"EntryPoint","urlTemplate":"https:\/\/laredsocial-noticias.com\/wp\/?s={search_term_string}"},"query-input":{"@type":"PropertyValueSpecification","valueRequired":true,"valueName":"search_term_string"}}],"inLanguage":"es"},{"@type":"Person","@id":"https:\/\/laredsocial-noticias.com\/wp\/#\/schema\/person\/0ce78643f2de7aae6f6ef10e8453a6e0","name":"Editor en Jefe","url":"https:\/\/laredsocial-noticias.com\/wp\/author\/jorgeochoa\/"}]}},"_links":{"self":[{"href":"https:\/\/laredsocial-noticias.com\/wp\/wp-json\/wp\/v2\/posts\/71835","targetHints":{"allow":["GET"]}}],"collection":[{"href":"https:\/\/laredsocial-noticias.com\/wp\/wp-json\/wp\/v2\/posts"}],"about":[{"href":"https:\/\/laredsocial-noticias.com\/wp\/wp-json\/wp\/v2\/types\/post"}],"author":[{"embeddable":true,"href":"https:\/\/laredsocial-noticias.com\/wp\/wp-json\/wp\/v2\/users\/1"}],"replies":[{"embeddable":true,"href":"https:\/\/laredsocial-noticias.com\/wp\/wp-json\/wp\/v2\/comments?post=71835"}],"version-history":[{"count":0,"href":"https:\/\/laredsocial-noticias.com\/wp\/wp-json\/wp\/v2\/posts\/71835\/revisions"}],"wp:attachment":[{"href":"https:\/\/laredsocial-noticias.com\/wp\/wp-json\/wp\/v2\/media?parent=71835"}],"wp:term":[{"taxonomy":"category","embeddable":true,"href":"https:\/\/laredsocial-noticias.com\/wp\/wp-json\/wp\/v2\/categories?post=71835"},{"taxonomy":"post_tag","embeddable":true,"href":"https:\/\/laredsocial-noticias.com\/wp\/wp-json\/wp\/v2\/tags?post=71835"}],"curies":[{"name":"wp","href":"https:\/\/api.w.org\/{rel}","templated":true}]}}