{"id":72952,"date":"2017-06-29T12:45:53","date_gmt":"2017-06-29T17:45:53","guid":{"rendered":"http:\/\/laredsocial-noticias.com\/wp\/?p=72952"},"modified":"2017-06-29T12:46:14","modified_gmt":"2017-06-29T17:46:14","slug":"inundaciones-en-la-capital-resultado-de-13-mil-toneladas-de-basura-prd","status":"publish","type":"post","link":"https:\/\/laredsocial-noticias.com\/wp\/inundaciones-en-la-capital-resultado-de-13-mil-toneladas-de-basura-prd\/","title":{"rendered":"Inundaciones en la capital, resultado de 13 mil toneladas de basura: PRD"},"content":{"rendered":"<p><strong>CIUDAD DE M\u00c9XICO, 29 de junio, (POLITIQUER\u00cdAS \/ C\u00cdRCULO DIGITAL).-\u00a0<\/strong>La Ciudad de M\u00e9xico\u00a0genera 13 mil toneladas de basura diarias que afectan al drenaje, lo que junto con la falta de \u00e1reas verdes y el cambio clim\u00e1tico, inciden en las severas inundaciones que se registraron ayer\u00a0en varias zonas\u00a0del Valle de M\u00e9xico, afirm\u00f3 el diputado Fernando Rubio Quiroz.<\/p>\n<p class=\"text\">El secretario de la Comisi\u00f3n de Medio Ambienten de la C\u00e1mara de Diputados se\u00f1al\u00f3 que la capital del pa\u00eds genera\u00a013 mil toneladas de basura al d\u00eda,\u00a0de las cuales el 15 por ciento\u00a0se va a la calle y obstruye las coladeras pluviales, que sumado a\u00a0la falta de mantenimiento de la de red de drenaje, provoca inundaciones como las vistas ayer en\u00a0Polanco.<\/p>\n<p class=\"text\">Ello, adem\u00e1s de la falta de \u00e1reas verdes y zonas donde se pueda filtrar el agua a los mantos acu\u00edferos y subsuelo de la zona urbana, expres\u00f3 el legislador del PRD, tras resaltar la necesidad de poner el tema ambiental entre las prioridades de las pol\u00edticas p\u00fablicas en M\u00e9xico.<\/p>\n<p class=\"text\">&#8220;Estamos viviendo los efectos del cambio clim\u00e1tico, por lo que es necesario que todos hagamos conciencia en el tema de la basura y el cuidado del medio ambiente&#8221;, apunt\u00f3 el tambi\u00e9n\u00a0miembro de la Comisi\u00f3n de Desarrollo Metropolitano en San L\u00e1zaro.<\/p>\n<p class=\"text\">Resalt\u00f3 en ese sentido\u00a0la nueva norma ambiental NADF-024, que entrar\u00e1 en vigor el pr\u00f3ximo 8 de julio e implica hacer una recolecci\u00f3n y separar en grupos la basura, para incluso canalizar de forma adecuada la reciclable.<\/p>\n<p class=\"text\">Rubio Quiroz subray\u00f3 que con la entrada en vigor de la norma, se estar\u00e1 tocando un tema educacional. &#8220;Si no hay una cultura constante, si no hay una educaci\u00f3n constante, entonces la norma no funcionar\u00e1, por eso tiene que ir de la mano con los buenos principios&#8221;.<\/p>\n<p class=\"text\">El diputado perredista consider\u00f3 que este tipo de medidas\u00a0busca tambi\u00e9n cambiar la mentalidad de las personas, y\u00a0hacerles recapacitar de que si no tiran basura en las calles, no se les inundar\u00e1n las coladeras en \u00e9poca de lluvia.<\/p>\n<p class=\"text\">Asimismo, reiter\u00f3 su llamado a los j\u00f3venes a hacer un frente com\u00fan\u00a0a favor de los temas ambientales y que\u00a0los\u00a0Grupos Parlamentarios en el Congreso, &#8220;m\u00e1s all\u00e1 de colores partidarios, nos unamos para garantizar el Derecho Constitucional a un medio\u00a0ambiente sano&#8221;.<\/p>\n","protected":false},"excerpt":{"rendered":"<p>CIUDAD DE M\u00c9XICO, 29 de junio, (POLITIQUER\u00cdAS \/ C\u00cdRCULO DIGITAL).-\u00a0La Ciudad de M\u00e9xico\u00a0genera 13 mil toneladas de basura diarias que&#8230;<\/p>\n","protected":false},"author":1,"featured_media":0,"comment_status":"closed","ping_status":"closed","sticky":false,"template":"","format":"standard","meta":{"footnotes":""},"categories":[1796,78,73],"tags":[454,77],"class_list":["post-72952","post","type-post","status-publish","format-standard","hentry","category-circulodigital","category-nacional","category-principal","tag-nacional","tag-principal"],"yoast_head":"<!-- This site is optimized with the Yoast SEO plugin v26.5 - https:\/\/yoast.com\/wordpress\/plugins\/seo\/ -->\n<title>Inundaciones en la capital, resultado de 13 mil toneladas de basura: PRD - NOTICIAS<\/title>\n<meta name=\"robots\" content=\"index, follow, max-snippet:-1, max-image-preview:large, max-video-preview:-1\" \/>\n<link rel=\"canonical\" href=\"https:\/\/laredsocial-noticias.com\/wp\/inundaciones-en-la-capital-resultado-de-13-mil-toneladas-de-basura-prd\/\" \/>\n<meta property=\"og:locale\" content=\"es_ES\" \/>\n<meta property=\"og:type\" content=\"article\" \/>\n<meta property=\"og:title\" content=\"Inundaciones en la capital, resultado de 13 mil toneladas de basura: PRD - NOTICIAS\" \/>\n<meta property=\"og:description\" content=\"CIUDAD DE M\u00c9XICO, 29 de junio, (POLITIQUER\u00cdAS \/ C\u00cdRCULO DIGITAL).-\u00a0La Ciudad de M\u00e9xico\u00a0genera 13 mil toneladas de basura diarias que...\" \/>\n<meta property=\"og:url\" content=\"https:\/\/laredsocial-noticias.com\/wp\/inundaciones-en-la-capital-resultado-de-13-mil-toneladas-de-basura-prd\/\" \/>\n<meta property=\"og:site_name\" content=\"NOTICIAS\" \/>\n<meta property=\"article:published_time\" content=\"2017-06-29T17:45:53+00:00\" \/>\n<meta property=\"article:modified_time\" content=\"2017-06-29T17:46:14+00:00\" \/>\n<meta property=\"og:image\" content=\"https:\/\/laredsocial-noticias.com\/wp\/wp-content\/uploads\/2017\/06\/PRD-e1473797390491.jpg\" \/>\n\t<meta property=\"og:image:width\" content=\"600\" \/>\n\t<meta property=\"og:image:height\" content=\"339\" \/>\n\t<meta property=\"og:image:type\" content=\"image\/jpeg\" \/>\n<meta name=\"author\" content=\"Editor en Jefe\" \/>\n<meta name=\"twitter:card\" content=\"summary_large_image\" \/>\n<meta name=\"twitter:label1\" content=\"Escrito por\" \/>\n\t<meta name=\"twitter:data1\" content=\"Editor en Jefe\" \/>\n\t<meta name=\"twitter:label2\" content=\"Tiempo de lectura\" \/>\n\t<meta name=\"twitter:data2\" content=\"2 minutos\" \/>\n<!-- \/ Yoast SEO plugin. -->","yoast_head_json":{"title":"Inundaciones en la capital, resultado de 13 mil toneladas de basura: PRD - NOTICIAS","robots":{"index":"index","follow":"follow","max-snippet":"max-snippet:-1","max-image-preview":"max-image-preview:large","max-video-preview":"max-video-preview:-1"},"canonical":"https:\/\/laredsocial-noticias.com\/wp\/inundaciones-en-la-capital-resultado-de-13-mil-toneladas-de-basura-prd\/","og_locale":"es_ES","og_type":"article","og_title":"Inundaciones en la capital, resultado de 13 mil toneladas de basura: PRD - NOTICIAS","og_description":"CIUDAD DE M\u00c9XICO, 29 de junio, (POLITIQUER\u00cdAS \/ C\u00cdRCULO DIGITAL).-\u00a0La Ciudad de M\u00e9xico\u00a0genera 13 mil toneladas de basura diarias que...","og_url":"https:\/\/laredsocial-noticias.com\/wp\/inundaciones-en-la-capital-resultado-de-13-mil-toneladas-de-basura-prd\/","og_site_name":"NOTICIAS","article_published_time":"2017-06-29T17:45:53+00:00","article_modified_time":"2017-06-29T17:46:14+00:00","og_image":[{"width":600,"height":339,"url":"https:\/\/laredsocial-noticias.com\/wp\/wp-content\/uploads\/2017\/06\/PRD-e1473797390491.jpg","type":"image\/jpeg"}],"author":"Editor en Jefe","twitter_card":"summary_large_image","twitter_misc":{"Escrito por":"Editor en Jefe","Tiempo de lectura":"2 minutos"},"schema":{"@context":"https:\/\/schema.org","@graph":[{"@type":"WebPage","@id":"https:\/\/laredsocial-noticias.com\/wp\/inundaciones-en-la-capital-resultado-de-13-mil-toneladas-de-basura-prd\/","url":"https:\/\/laredsocial-noticias.com\/wp\/inundaciones-en-la-capital-resultado-de-13-mil-toneladas-de-basura-prd\/","name":"Inundaciones en la capital, resultado de 13 mil toneladas de basura: PRD - NOTICIAS","isPartOf":{"@id":"https:\/\/laredsocial-noticias.com\/wp\/#website"},"datePublished":"2017-06-29T17:45:53+00:00","dateModified":"2017-06-29T17:46:14+00:00","author":{"@id":"https:\/\/laredsocial-noticias.com\/wp\/#\/schema\/person\/0ce78643f2de7aae6f6ef10e8453a6e0"},"breadcrumb":{"@id":"https:\/\/laredsocial-noticias.com\/wp\/inundaciones-en-la-capital-resultado-de-13-mil-toneladas-de-basura-prd\/#breadcrumb"},"inLanguage":"es","potentialAction":[{"@type":"ReadAction","target":["https:\/\/laredsocial-noticias.com\/wp\/inundaciones-en-la-capital-resultado-de-13-mil-toneladas-de-basura-prd\/"]}]},{"@type":"BreadcrumbList","@id":"https:\/\/laredsocial-noticias.com\/wp\/inundaciones-en-la-capital-resultado-de-13-mil-toneladas-de-basura-prd\/#breadcrumb","itemListElement":[{"@type":"ListItem","position":1,"name":"Portada","item":"https:\/\/laredsocial-noticias.com\/wp\/"},{"@type":"ListItem","position":2,"name":"Inundaciones en la capital, resultado de 13 mil toneladas de basura: PRD"}]},{"@type":"WebSite","@id":"https:\/\/laredsocial-noticias.com\/wp\/#website","url":"https:\/\/laredsocial-noticias.com\/wp\/","name":"NOTICIAS","description":"Lo que se ve y se dice en las redes sociales","potentialAction":[{"@type":"SearchAction","target":{"@type":"EntryPoint","urlTemplate":"https:\/\/laredsocial-noticias.com\/wp\/?s={search_term_string}"},"query-input":{"@type":"PropertyValueSpecification","valueRequired":true,"valueName":"search_term_string"}}],"inLanguage":"es"},{"@type":"Person","@id":"https:\/\/laredsocial-noticias.com\/wp\/#\/schema\/person\/0ce78643f2de7aae6f6ef10e8453a6e0","name":"Editor en Jefe","url":"https:\/\/laredsocial-noticias.com\/wp\/author\/jorgeochoa\/"}]}},"_links":{"self":[{"href":"https:\/\/laredsocial-noticias.com\/wp\/wp-json\/wp\/v2\/posts\/72952","targetHints":{"allow":["GET"]}}],"collection":[{"href":"https:\/\/laredsocial-noticias.com\/wp\/wp-json\/wp\/v2\/posts"}],"about":[{"href":"https:\/\/laredsocial-noticias.com\/wp\/wp-json\/wp\/v2\/types\/post"}],"author":[{"embeddable":true,"href":"https:\/\/laredsocial-noticias.com\/wp\/wp-json\/wp\/v2\/users\/1"}],"replies":[{"embeddable":true,"href":"https:\/\/laredsocial-noticias.com\/wp\/wp-json\/wp\/v2\/comments?post=72952"}],"version-history":[{"count":1,"href":"https:\/\/laredsocial-noticias.com\/wp\/wp-json\/wp\/v2\/posts\/72952\/revisions"}],"predecessor-version":[{"id":72953,"href":"https:\/\/laredsocial-noticias.com\/wp\/wp-json\/wp\/v2\/posts\/72952\/revisions\/72953"}],"wp:attachment":[{"href":"https:\/\/laredsocial-noticias.com\/wp\/wp-json\/wp\/v2\/media?parent=72952"}],"wp:term":[{"taxonomy":"category","embeddable":true,"href":"https:\/\/laredsocial-noticias.com\/wp\/wp-json\/wp\/v2\/categories?post=72952"},{"taxonomy":"post_tag","embeddable":true,"href":"https:\/\/laredsocial-noticias.com\/wp\/wp-json\/wp\/v2\/tags?post=72952"}],"curies":[{"name":"wp","href":"https:\/\/api.w.org\/{rel}","templated":true}]}}