{"id":7337,"date":"2016-04-27T15:55:58","date_gmt":"2016-04-27T20:55:58","guid":{"rendered":"http:\/\/laredsocial-noticias.com\/wp\/?p=7337"},"modified":"2016-04-27T15:51:42","modified_gmt":"2016-04-27T20:51:42","slug":"oposicion-inicia-recoleccion-de-firmas-para-referendum-contra-maduro","status":"publish","type":"post","link":"https:\/\/laredsocial-noticias.com\/wp\/oposicion-inicia-recoleccion-de-firmas-para-referendum-contra-maduro\/","title":{"rendered":"Oposici\u00f3n inicia recolecci\u00f3n de firmas para refer\u00e9ndum contra Maduro"},"content":{"rendered":"<p><strong>CARACAS<\/strong>,<strong> 27 DE ABRIL (C\u00cdRCULO DIGITAL).-\u00a0<\/strong>La alianza opositora Mesa de Unidad Democr\u00e1tica (MUD) inici\u00f3 hoy la recolecci\u00f3n de firmas para respaldar la solicitud de un refer\u00e9ndum revocatorio del mandato del presidente venezolano Nicol\u00e1s Maduro, con la meta de recolectar 200 mil en una sola jornada.<\/p>\n<p>La oposici\u00f3n aprovech\u00f3 la convocatoria para marchar este mi\u00e9rcoles a las sedes del Consejo Nacional Electoral (CNE), que se suspendi\u00f3 anoche tras la entrega de la planilla oficial, por lo que los sitios de concentraci\u00f3n se convirtieron en lugares para recabar las firmas.<\/p>\n<p>Atendidos por voluntarios de los partidos opositores, cientos de puntos de recolecci\u00f3n comenzaron esta ma\u00f1ana a reunir las firmas en todo el pa\u00eds.<\/p>\n<p>En Caracas, la mesa principal se ubic\u00f3 en la plaza Bri\u00f3n, del municipio Chacao, en el este de la ciudad, a donde llegaron los firmantes entonando canciones contra el gobierno y Maduro.<\/p>\n<p>La jornada se inici\u00f3 despu\u00e9s que el Consejo Nacional Electoral (CNE) entregara a la oposici\u00f3n el formato oficial para recolectar las firmas, que deber\u00e1n sumar en total 195 mil 721, que representan el 1.0 por ciento del padr\u00f3n electoral.<\/p>\n<p>La MUD explic\u00f3 que una marcha hacia el CNE que hab\u00eda sido convocada para exigir la planilla de recolecci\u00f3n fue suspendida, una vez que \u00e9sta fue entregada, por lo que los puntos de reuni\u00f3n de esa manifestaci\u00f3n fueron convertidos en centro para reunir las firmas.<\/p>\n<p>El principal impulsor del refer\u00e9ndum y l\u00edder de la oposici\u00f3n, Henrique Capriles, pronostic\u00f3 este mi\u00e9rcoles que la cifra se alcanzar\u00e1 en \u201choras\u201d, aunque el CNE estableci\u00f3 que podr\u00eda recibir las firmas en un periodo de hasta en 30 d\u00edas.<\/p>\n<p>Capriles firm\u00f3 en el centro de recolecci\u00f3n de Caracas y, sonriente, dijo que al final de la jornada se contabilizar\u00e1 el n\u00famero de r\u00fabricas obtenidas. El pol\u00edtico estim\u00f3 que la jornada continuar\u00e1 hasta el fin de semana.<\/p>\n<p>\u201cNuestras expectativas han sido cubiertas, yo sab\u00eda que el pueblo iba a responder y entre todos vamos a buscar una soluci\u00f3n a la crisis, como queremos la mayor\u00eda de los venezolanos\u201d, sostuvo.<\/p>\n<p>\u201cCon esta demostraci\u00f3n, no tengo dudas de que podemos imponer esta opci\u00f3n democr\u00e1tica, constitucional y electoral para salir de la crisis\u201d, se\u00f1al\u00f3 Capriles, quien agreg\u00f3 que el refer\u00e9ndum es una oportunidad para impulsar un cambio y \u201cevitar un estallido social\u201d.<\/p>\n<p>\u201cAl gobierno le digo que no cierre el camino democr\u00e1tico al cambio, porque est\u00e1 jugando con la paciencia de los venezolanos (&#8230;) En este pa\u00eds est\u00e1n dadas las condiciones para un estallido social o un golpe de Estado, son dos escenarios latentes\u201d, advirti\u00f3.<\/p>\n<p>En una segunda etapa del proceso, la MUD deber\u00e1 recolectar casi cuatro millones de firmas, con las cuales se activar\u00e1 la consulta.<\/p>\n<p>Los venezolanos ya realizaron una consulta como esta en 2004, cuando activaron un refer\u00e9ndum contra el entonces mandatario Hugo Ch\u00e1vez, quien lo gan\u00f3 y despu\u00e9s logr\u00f3 dos reelecciones.<\/p>\n<p>El secretario ejecutivo de la MUD, Jes\u00fas Torrealba, inform\u00f3 que no hay un plazo estricto para la recolecci\u00f3n de r\u00fabricas.<\/p>\n<p>\u201cEstamos conscientes de que las firmas ser\u00e1n recolectadas en tiempo r\u00e9cord, porque la gente quiere un cambio de gobierno\u201d, asever\u00f3.<\/p>\n<p>En la planilla los firmantes deben colocar una serie de datos personales, relacionados con los centros de votaci\u00f3n donde est\u00e1n inscritos, y estampar su huella dactilar.<\/p>\n<p>En su programa semanal de radio y televisi\u00f3n, la noche del martes, Maduro consider\u00f3 que la oposici\u00f3n fracasar\u00e1 en todos sus intentos por \u201cdestruir\u201d la revoluci\u00f3n bolivariana.<\/p>\n<p>\u201cNinguno de los caminos que han ensayado ni en el primer trimestre, ni en el segundo trimestre del a\u00f1o, que se han planteado para destruir la revoluci\u00f3n bolivariana tiene ni tendr\u00e1 viabilidad pol\u00edtica, humana e hist\u00f3rica, y todos van a fracasar\u201d, afirm\u00f3.<\/p>\n<p>\u201cNuestro pueblo quiere paz, continuidad de lo avanzado y futuro en revoluci\u00f3n y se lo vamos a dar, cueste lo que cueste\u201d, sentenci\u00f3 el mandatario.<\/p>\n","protected":false},"excerpt":{"rendered":"<p>CARACAS, 27 DE ABRIL (C\u00cdRCULO DIGITAL).-\u00a0La alianza opositora Mesa de Unidad Democr\u00e1tica (MUD) inici\u00f3 hoy la recolecci\u00f3n de firmas para&#8230;<\/p>\n","protected":false},"author":1,"featured_media":0,"comment_status":"closed","ping_status":"closed","sticky":false,"template":"","format":"standard","meta":{"footnotes":""},"categories":[101,73],"tags":[145,77],"class_list":["post-7337","post","type-post","status-publish","format-standard","hentry","category-internacional","category-principal","tag-internacional","tag-principal"],"yoast_head":"<!-- This site is optimized with the Yoast SEO plugin v26.5 - https:\/\/yoast.com\/wordpress\/plugins\/seo\/ -->\n<title>Oposici\u00f3n inicia recolecci\u00f3n de firmas para refer\u00e9ndum contra Maduro - NOTICIAS<\/title>\n<meta name=\"robots\" content=\"index, follow, max-snippet:-1, max-image-preview:large, max-video-preview:-1\" \/>\n<link rel=\"canonical\" href=\"https:\/\/laredsocial-noticias.com\/wp\/oposicion-inicia-recoleccion-de-firmas-para-referendum-contra-maduro\/\" \/>\n<meta property=\"og:locale\" content=\"es_ES\" \/>\n<meta property=\"og:type\" content=\"article\" \/>\n<meta property=\"og:title\" content=\"Oposici\u00f3n inicia recolecci\u00f3n de firmas para refer\u00e9ndum contra Maduro - NOTICIAS\" \/>\n<meta property=\"og:description\" content=\"CARACAS, 27 DE ABRIL (C\u00cdRCULO DIGITAL).-\u00a0La alianza opositora Mesa de Unidad Democr\u00e1tica (MUD) inici\u00f3 hoy la recolecci\u00f3n de firmas para...\" \/>\n<meta property=\"og:url\" content=\"https:\/\/laredsocial-noticias.com\/wp\/oposicion-inicia-recoleccion-de-firmas-para-referendum-contra-maduro\/\" \/>\n<meta property=\"og:site_name\" content=\"NOTICIAS\" \/>\n<meta property=\"article:published_time\" content=\"2016-04-27T20:55:58+00:00\" \/>\n<meta name=\"author\" content=\"Editor en Jefe\" \/>\n<meta name=\"twitter:card\" content=\"summary_large_image\" \/>\n<meta name=\"twitter:label1\" content=\"Escrito por\" \/>\n\t<meta name=\"twitter:data1\" content=\"Editor en Jefe\" \/>\n\t<meta name=\"twitter:label2\" content=\"Tiempo de lectura\" \/>\n\t<meta name=\"twitter:data2\" content=\"3 minutos\" \/>\n<!-- \/ Yoast SEO plugin. -->","yoast_head_json":{"title":"Oposici\u00f3n inicia recolecci\u00f3n de firmas para refer\u00e9ndum contra Maduro - NOTICIAS","robots":{"index":"index","follow":"follow","max-snippet":"max-snippet:-1","max-image-preview":"max-image-preview:large","max-video-preview":"max-video-preview:-1"},"canonical":"https:\/\/laredsocial-noticias.com\/wp\/oposicion-inicia-recoleccion-de-firmas-para-referendum-contra-maduro\/","og_locale":"es_ES","og_type":"article","og_title":"Oposici\u00f3n inicia recolecci\u00f3n de firmas para refer\u00e9ndum contra Maduro - NOTICIAS","og_description":"CARACAS, 27 DE ABRIL (C\u00cdRCULO DIGITAL).-\u00a0La alianza opositora Mesa de Unidad Democr\u00e1tica (MUD) inici\u00f3 hoy la recolecci\u00f3n de firmas para...","og_url":"https:\/\/laredsocial-noticias.com\/wp\/oposicion-inicia-recoleccion-de-firmas-para-referendum-contra-maduro\/","og_site_name":"NOTICIAS","article_published_time":"2016-04-27T20:55:58+00:00","author":"Editor en Jefe","twitter_card":"summary_large_image","twitter_misc":{"Escrito por":"Editor en Jefe","Tiempo de lectura":"3 minutos"},"schema":{"@context":"https:\/\/schema.org","@graph":[{"@type":"WebPage","@id":"https:\/\/laredsocial-noticias.com\/wp\/oposicion-inicia-recoleccion-de-firmas-para-referendum-contra-maduro\/","url":"https:\/\/laredsocial-noticias.com\/wp\/oposicion-inicia-recoleccion-de-firmas-para-referendum-contra-maduro\/","name":"Oposici\u00f3n inicia recolecci\u00f3n de firmas para refer\u00e9ndum contra Maduro - NOTICIAS","isPartOf":{"@id":"https:\/\/laredsocial-noticias.com\/wp\/#website"},"datePublished":"2016-04-27T20:55:58+00:00","author":{"@id":"https:\/\/laredsocial-noticias.com\/wp\/#\/schema\/person\/0ce78643f2de7aae6f6ef10e8453a6e0"},"breadcrumb":{"@id":"https:\/\/laredsocial-noticias.com\/wp\/oposicion-inicia-recoleccion-de-firmas-para-referendum-contra-maduro\/#breadcrumb"},"inLanguage":"es","potentialAction":[{"@type":"ReadAction","target":["https:\/\/laredsocial-noticias.com\/wp\/oposicion-inicia-recoleccion-de-firmas-para-referendum-contra-maduro\/"]}]},{"@type":"BreadcrumbList","@id":"https:\/\/laredsocial-noticias.com\/wp\/oposicion-inicia-recoleccion-de-firmas-para-referendum-contra-maduro\/#breadcrumb","itemListElement":[{"@type":"ListItem","position":1,"name":"Portada","item":"https:\/\/laredsocial-noticias.com\/wp\/"},{"@type":"ListItem","position":2,"name":"Oposici\u00f3n inicia recolecci\u00f3n de firmas para refer\u00e9ndum contra Maduro"}]},{"@type":"WebSite","@id":"https:\/\/laredsocial-noticias.com\/wp\/#website","url":"https:\/\/laredsocial-noticias.com\/wp\/","name":"NOTICIAS","description":"Lo que se ve y se dice en las redes sociales","potentialAction":[{"@type":"SearchAction","target":{"@type":"EntryPoint","urlTemplate":"https:\/\/laredsocial-noticias.com\/wp\/?s={search_term_string}"},"query-input":{"@type":"PropertyValueSpecification","valueRequired":true,"valueName":"search_term_string"}}],"inLanguage":"es"},{"@type":"Person","@id":"https:\/\/laredsocial-noticias.com\/wp\/#\/schema\/person\/0ce78643f2de7aae6f6ef10e8453a6e0","name":"Editor en Jefe","url":"https:\/\/laredsocial-noticias.com\/wp\/author\/jorgeochoa\/"}]}},"_links":{"self":[{"href":"https:\/\/laredsocial-noticias.com\/wp\/wp-json\/wp\/v2\/posts\/7337","targetHints":{"allow":["GET"]}}],"collection":[{"href":"https:\/\/laredsocial-noticias.com\/wp\/wp-json\/wp\/v2\/posts"}],"about":[{"href":"https:\/\/laredsocial-noticias.com\/wp\/wp-json\/wp\/v2\/types\/post"}],"author":[{"embeddable":true,"href":"https:\/\/laredsocial-noticias.com\/wp\/wp-json\/wp\/v2\/users\/1"}],"replies":[{"embeddable":true,"href":"https:\/\/laredsocial-noticias.com\/wp\/wp-json\/wp\/v2\/comments?post=7337"}],"version-history":[{"count":1,"href":"https:\/\/laredsocial-noticias.com\/wp\/wp-json\/wp\/v2\/posts\/7337\/revisions"}],"predecessor-version":[{"id":7338,"href":"https:\/\/laredsocial-noticias.com\/wp\/wp-json\/wp\/v2\/posts\/7337\/revisions\/7338"}],"wp:attachment":[{"href":"https:\/\/laredsocial-noticias.com\/wp\/wp-json\/wp\/v2\/media?parent=7337"}],"wp:term":[{"taxonomy":"category","embeddable":true,"href":"https:\/\/laredsocial-noticias.com\/wp\/wp-json\/wp\/v2\/categories?post=7337"},{"taxonomy":"post_tag","embeddable":true,"href":"https:\/\/laredsocial-noticias.com\/wp\/wp-json\/wp\/v2\/tags?post=7337"}],"curies":[{"name":"wp","href":"https:\/\/api.w.org\/{rel}","templated":true}]}}