{"id":73793,"date":"2017-07-06T12:18:26","date_gmt":"2017-07-06T17:18:26","guid":{"rendered":"http:\/\/laredsocial-noticias.com\/wp\/?p=73793"},"modified":"2017-07-06T12:18:57","modified_gmt":"2017-07-06T17:18:57","slug":"el-pri-aun-festeja-el-triunfo-en-el-edomex","status":"publish","type":"post","link":"https:\/\/laredsocial-noticias.com\/wp\/el-pri-aun-festeja-el-triunfo-en-el-edomex\/","title":{"rendered":"El PRI a\u00fan festeja el triunfo en el Edomex"},"content":{"rendered":"<h2 style=\"text-align: center;\"><strong>S\u00f3tano 2<\/strong><\/h2>\n<div class=\" col-lg-12 col-md-12 col-sm-12 col-xs-12 \">\n<p>Mareado todav\u00eda por el triunfo electoral obtenido en el Estado de M\u00e9xico y Coahuila, el dirigente nacional del PRI, Enrique Ochoa Reza comparti\u00f3 el pan y la sal, con los\u00a0 senadores del tricolor encabezados por su coordinador Emilio Gamboa Patr\u00f3n.<\/p>\n<p>En la Torre Mayor, los legisladores analizaron junto con el l\u00edder de su partido los resultados de las pasadas elecciones del 4 de junio y delinearon el perfil que deber\u00e1n tener sus candidatos a puestos de elecci\u00f3n popular y en particular, de qui\u00e9n ser\u00e1 su abanderado (a) a la presidencia de la Rep\u00fablica, en 2018.<\/p>\n<p>Como buenos soldados priistas, como dir\u00eda Jorge Hank Rhon, los legisladores escucharon a Ochoa Reza y se comprometieron a trabajar desde sus trincheras, con el objetivo de concretar esa alianza ciudadana, que tanto hablan y necesitan para mantenerse en el Gobierno.<\/p>\n<p>Sin mencionar nombres, aunque entre ellos, pesa la figura del secretario de Relaciones Exteriores, Luis Videgaray, debido a su cercan\u00eda con el se\u00f1or de Los Pinos, los asistentes coincidieron que su candidato presidencial, debe ser un pol\u00edtico probo, honesto y con una capacidad comprobada para dirigir este pa\u00eds, el cual se debate entre la inseguridad y la falta de un bienestar social generalizado. Obvio ya ni hablar de las desigualdades econ\u00f3micas y sociales.<\/p>\n<h2><strong>Las encuestas de Ochoa Reza<\/strong><\/h2>\n<p>Adem\u00e1s y debido a esa euforia de triunfo electoral -que para algunos analistas pol\u00edticos fue p\u00edrrico, pues tan s\u00f3lo en territorio mexiquense el tricolor perdi\u00f3 alrededor de un mill\u00f3n de votos, en comparaci\u00f3n con otros comicios-, \u00a1aceptaron! las encuestas presentadas por Enrique Ochoa, mismas que \u00a1le dan una considerable ventaja al PRI, sobre Andr\u00e9s Manuel L\u00f3pez Obrador!, no obstante \u00a0que la mayor\u00eda de las casas encuestadoras y medios de comunicaci\u00f3n, dan una clara y ampl\u00eda ventaja al pol\u00edtico tabasque\u00f1o.<\/p>\n<h2><strong>Los nombramientos<\/strong><\/h2>\n<p>En la reuni\u00f3n que se manten\u00eda en \u201cabsoluto secreto\u201d, pues no quer\u00edan prensa, se inform\u00f3 que el senador tamaulipeco, Manuel Cavazos Lerma, ser\u00e1 delegado del PRI en Jalisco para apuntalar la candidatura del dirigente nacional de la CNOP, Arturo Zamora a la gubernatura de esa entidad \u2013aunque desde que asumi\u00f3 la secretar\u00eda general de la organizaci\u00f3n asegur\u00f3 que no ten\u00eda aspiraciones para contender por la gubernatura y ser\u00eda dirigente de tiempo completo, hasta pidi\u00f3 licencia en el Senado, la senadora Graciela Ort\u00edz, como delegada del CEN en Guanajuato, a fin de realizar el mismo trabajo electoral, en beneficio de su colega Miguel \u00c1ngel Chico Herrera, as\u00ed como el nombramiento del senador zacatecano, Marco Antonio Olvera, en Puebla.<\/p>\n<h2><strong>Merodio quiere la Mesa Directiva del Senado<\/strong><\/h2>\n<p>Y como sucede en las mejores familias, no falto el frijolito negro en el arroz, puesto que cuando todos calificaban de provechosa\u00a0 la reuni\u00f3n, la senadora por Chihuahua, Lilia Merodio, quien quiere ser dirigente del PRI en su estado, platic\u00f3 a solas con Ochoa Reza y Gamboa Patr\u00f3n, sobre sus aspiraciones, entre otros temas, que seguramente les incomodaron al l\u00edder nacional priista y al coordinador de la bancada tricolor en el Senado, al grado de que cuando bajaron de la comida y conversaron con la prensa sus rostros no eran de j\u00fabilo o alegr\u00eda.<\/p>\n<p>Al decir de algunos comensales asistentes a la comida, la finalidad de la senadora Merodio es presionar para que se fijen en ella y le den los primeros seis meses de la presidencia de la C\u00e1mara alta, de los doce que le corresponden a su partido a partir del pr\u00f3ximo mes de septiembre.<\/p>\n<h2><strong>Las puntadas de Joel Ayala<\/strong><\/h2>\n<p>Mientras se daba esta conversaci\u00f3n privada, el senador Joel Ayala platicaba con varios reporteros sobre qui\u00e9n podr\u00eda ser el candidato del PRI a la presidencia. Se dio a la tarea de ir descartando a algunos suspirantes, como al secretario de Salud, Jos\u00e9 Narro, de quien dijo: mejor que arregle los hospitales del pa\u00eds, que est\u00e1n en muy mal estado; el de Gobernaci\u00f3n, Miguel \u00c1ngel Osorio Chong, no puede con la inseguridad en M\u00e9xico y el canciller mexicano Luis Videgaray, a quien se le est\u00e1 complicando el TLC. Para el l\u00edder de la FSTSE el secretario de Hacienda, Jos\u00e9 Antonio Meade es el bueno y adem\u00e1s, es el candidato del presidente, coment\u00f3 el dirigente de la burocracia nacional. As\u00ed las cosas en el PRI.<\/p>\n<\/div>\n","protected":false},"excerpt":{"rendered":"<p>S\u00f3tano 2 Mareado todav\u00eda por el triunfo electoral obtenido en el Estado de M\u00e9xico y Coahuila, el dirigente nacional del&#8230;<\/p>\n","protected":false},"author":1,"featured_media":0,"comment_status":"closed","ping_status":"closed","sticky":false,"template":"","format":"standard","meta":{"footnotes":""},"categories":[1796,697],"tags":[696,1059,77],"class_list":["post-73793","post","type-post","status-publish","format-standard","hentry","category-circulodigital","category-opinion","tag-columnas","tag-opinion","tag-principal"],"yoast_head":"<!-- This site is optimized with the Yoast SEO plugin v26.5 - https:\/\/yoast.com\/wordpress\/plugins\/seo\/ -->\n<title>El PRI a\u00fan festeja el triunfo en el Edomex - NOTICIAS<\/title>\n<meta name=\"robots\" content=\"index, follow, max-snippet:-1, max-image-preview:large, max-video-preview:-1\" \/>\n<link rel=\"canonical\" href=\"https:\/\/laredsocial-noticias.com\/wp\/el-pri-aun-festeja-el-triunfo-en-el-edomex\/\" \/>\n<meta property=\"og:locale\" content=\"es_ES\" \/>\n<meta property=\"og:type\" content=\"article\" \/>\n<meta property=\"og:title\" content=\"El PRI a\u00fan festeja el triunfo en el Edomex - NOTICIAS\" \/>\n<meta property=\"og:description\" content=\"S\u00f3tano 2 Mareado todav\u00eda por el triunfo electoral obtenido en el Estado de M\u00e9xico y Coahuila, el dirigente nacional del...\" \/>\n<meta property=\"og:url\" content=\"https:\/\/laredsocial-noticias.com\/wp\/el-pri-aun-festeja-el-triunfo-en-el-edomex\/\" \/>\n<meta property=\"og:site_name\" content=\"NOTICIAS\" \/>\n<meta property=\"article:published_time\" content=\"2017-07-06T17:18:26+00:00\" \/>\n<meta property=\"article:modified_time\" content=\"2017-07-06T17:18:57+00:00\" \/>\n<meta name=\"author\" content=\"Editor en Jefe\" \/>\n<meta name=\"twitter:card\" content=\"summary_large_image\" \/>\n<meta name=\"twitter:label1\" content=\"Escrito por\" \/>\n\t<meta name=\"twitter:data1\" content=\"Editor en Jefe\" \/>\n\t<meta name=\"twitter:label2\" content=\"Tiempo de lectura\" \/>\n\t<meta name=\"twitter:data2\" content=\"4 minutos\" \/>\n<!-- \/ Yoast SEO plugin. -->","yoast_head_json":{"title":"El PRI a\u00fan festeja el triunfo en el Edomex - NOTICIAS","robots":{"index":"index","follow":"follow","max-snippet":"max-snippet:-1","max-image-preview":"max-image-preview:large","max-video-preview":"max-video-preview:-1"},"canonical":"https:\/\/laredsocial-noticias.com\/wp\/el-pri-aun-festeja-el-triunfo-en-el-edomex\/","og_locale":"es_ES","og_type":"article","og_title":"El PRI a\u00fan festeja el triunfo en el Edomex - NOTICIAS","og_description":"S\u00f3tano 2 Mareado todav\u00eda por el triunfo electoral obtenido en el Estado de M\u00e9xico y Coahuila, el dirigente nacional del...","og_url":"https:\/\/laredsocial-noticias.com\/wp\/el-pri-aun-festeja-el-triunfo-en-el-edomex\/","og_site_name":"NOTICIAS","article_published_time":"2017-07-06T17:18:26+00:00","article_modified_time":"2017-07-06T17:18:57+00:00","author":"Editor en Jefe","twitter_card":"summary_large_image","twitter_misc":{"Escrito por":"Editor en Jefe","Tiempo de lectura":"4 minutos"},"schema":{"@context":"https:\/\/schema.org","@graph":[{"@type":"WebPage","@id":"https:\/\/laredsocial-noticias.com\/wp\/el-pri-aun-festeja-el-triunfo-en-el-edomex\/","url":"https:\/\/laredsocial-noticias.com\/wp\/el-pri-aun-festeja-el-triunfo-en-el-edomex\/","name":"El PRI a\u00fan festeja el triunfo en el Edomex - NOTICIAS","isPartOf":{"@id":"https:\/\/laredsocial-noticias.com\/wp\/#website"},"datePublished":"2017-07-06T17:18:26+00:00","dateModified":"2017-07-06T17:18:57+00:00","author":{"@id":"https:\/\/laredsocial-noticias.com\/wp\/#\/schema\/person\/0ce78643f2de7aae6f6ef10e8453a6e0"},"breadcrumb":{"@id":"https:\/\/laredsocial-noticias.com\/wp\/el-pri-aun-festeja-el-triunfo-en-el-edomex\/#breadcrumb"},"inLanguage":"es","potentialAction":[{"@type":"ReadAction","target":["https:\/\/laredsocial-noticias.com\/wp\/el-pri-aun-festeja-el-triunfo-en-el-edomex\/"]}]},{"@type":"BreadcrumbList","@id":"https:\/\/laredsocial-noticias.com\/wp\/el-pri-aun-festeja-el-triunfo-en-el-edomex\/#breadcrumb","itemListElement":[{"@type":"ListItem","position":1,"name":"Portada","item":"https:\/\/laredsocial-noticias.com\/wp\/"},{"@type":"ListItem","position":2,"name":"El PRI a\u00fan festeja el triunfo en el Edomex"}]},{"@type":"WebSite","@id":"https:\/\/laredsocial-noticias.com\/wp\/#website","url":"https:\/\/laredsocial-noticias.com\/wp\/","name":"NOTICIAS","description":"Lo que se ve y se dice en las redes sociales","potentialAction":[{"@type":"SearchAction","target":{"@type":"EntryPoint","urlTemplate":"https:\/\/laredsocial-noticias.com\/wp\/?s={search_term_string}"},"query-input":{"@type":"PropertyValueSpecification","valueRequired":true,"valueName":"search_term_string"}}],"inLanguage":"es"},{"@type":"Person","@id":"https:\/\/laredsocial-noticias.com\/wp\/#\/schema\/person\/0ce78643f2de7aae6f6ef10e8453a6e0","name":"Editor en Jefe","url":"https:\/\/laredsocial-noticias.com\/wp\/author\/jorgeochoa\/"}]}},"_links":{"self":[{"href":"https:\/\/laredsocial-noticias.com\/wp\/wp-json\/wp\/v2\/posts\/73793","targetHints":{"allow":["GET"]}}],"collection":[{"href":"https:\/\/laredsocial-noticias.com\/wp\/wp-json\/wp\/v2\/posts"}],"about":[{"href":"https:\/\/laredsocial-noticias.com\/wp\/wp-json\/wp\/v2\/types\/post"}],"author":[{"embeddable":true,"href":"https:\/\/laredsocial-noticias.com\/wp\/wp-json\/wp\/v2\/users\/1"}],"replies":[{"embeddable":true,"href":"https:\/\/laredsocial-noticias.com\/wp\/wp-json\/wp\/v2\/comments?post=73793"}],"version-history":[{"count":0,"href":"https:\/\/laredsocial-noticias.com\/wp\/wp-json\/wp\/v2\/posts\/73793\/revisions"}],"wp:attachment":[{"href":"https:\/\/laredsocial-noticias.com\/wp\/wp-json\/wp\/v2\/media?parent=73793"}],"wp:term":[{"taxonomy":"category","embeddable":true,"href":"https:\/\/laredsocial-noticias.com\/wp\/wp-json\/wp\/v2\/categories?post=73793"},{"taxonomy":"post_tag","embeddable":true,"href":"https:\/\/laredsocial-noticias.com\/wp\/wp-json\/wp\/v2\/tags?post=73793"}],"curies":[{"name":"wp","href":"https:\/\/api.w.org\/{rel}","templated":true}]}}