{"id":74387,"date":"2017-07-17T17:51:29","date_gmt":"2017-07-17T22:51:29","guid":{"rendered":"http:\/\/laredsocial-noticias.com\/wp\/?p=74387"},"modified":"2017-07-17T17:51:29","modified_gmt":"2017-07-17T22:51:29","slug":"acusa-citlali-hernandez-violacion-a-derechos-de-expresion-y-reunion-pacifica-en-tanto-carlos-estrada-se-deslinda-y-dice-que-es-matiz-politico","status":"publish","type":"post","link":"https:\/\/laredsocial-noticias.com\/wp\/acusa-citlali-hernandez-violacion-a-derechos-de-expresion-y-reunion-pacifica-en-tanto-carlos-estrada-se-deslinda-y-dice-que-es-matiz-politico\/","title":{"rendered":"Acusa Citlali Hern\u00e1ndez violaci\u00f3n a derechos de expresi\u00f3n y reuni\u00f3n pac\u00edfica; en tanto, Carlos Estrada, se deslinda y dice que es \u201cmatiz pol\u00edtico\u201d"},"content":{"rendered":"<p><strong>Reporte Especial<\/strong><\/p>\n<p><strong>Afrontan lucha de credibilidad morena contra PRD por \u201cGrupo de Choque\u201c en Iztacalco, ante evento de vecinos <\/strong><\/p>\n<p><strong>Por Guillermo Pimentel Balderas \u00a0<\/strong><\/p>\n<p><a href=\"http:\/\/laredsocial-noticias.com\/wp\/acusa-citlali-hernandez-violacion-a-derechos-de-expresion-y-reunion-pacifica-en-tanto-carlos-estrada-se-deslinda-y-dice-que-es-matiz-politico\/foto-agresion-a-dip-morena-iztacalco\/\" rel=\"attachment wp-att-74389\"><img loading=\"lazy\" decoding=\"async\" class=\"aligncenter wp-image-74389\" src=\"http:\/\/laredsocial-noticias.com\/wp\/wp-content\/uploads\/2017\/07\/foto.AGRESION.A.DIP_.MORENA.IZTACALCO.-300x225.jpg\" alt=\"\" width=\"532\" height=\"399\" data-wp-pid=\"74389\" \/><\/a><a href=\"http:\/\/laredsocial-noticias.com\/wp\/acusa-citlali-hernandez-violacion-a-derechos-de-expresion-y-reunion-pacifica-en-tanto-carlos-estrada-se-deslinda-y-dice-que-es-matiz-politico\/foto-carlos-estrada\/\" rel=\"attachment wp-att-74388\"><img loading=\"lazy\" decoding=\"async\" class=\"size-full wp-image-74388 alignleft\" src=\"http:\/\/laredsocial-noticias.com\/wp\/wp-content\/uploads\/2017\/07\/FOTO.-CARLOS-ESTRADA...jpg\" alt=\"\" width=\"242\" height=\"208\" data-wp-pid=\"74388\" \/><\/a> <a href=\"http:\/\/laredsocial-noticias.com\/wp\/acusa-citlali-hernandez-violacion-a-derechos-de-expresion-y-reunion-pacifica-en-tanto-carlos-estrada-se-deslinda-y-dice-que-es-matiz-politico\/foto-citlalli-morena-2\/\" rel=\"attachment wp-att-74390\"><img loading=\"lazy\" decoding=\"async\" class=\"size-medium wp-image-74390 alignnone\" src=\"http:\/\/laredsocial-noticias.com\/wp\/wp-content\/uploads\/2017\/07\/FOTO.CITLALLI.MORENA.jpg\" alt=\"\" width=\"276\" height=\"183\" data-wp-pid=\"74390\" \/><\/a><\/p>\n<p>&nbsp;<\/p>\n<p>No es la primera vez que la diputada de morena, Citlalli Hern\u00e1ndez Mora, se enfrenta al delegado en Iztacalco, Carlos Estrada, por cuestiones vecinales, de ideolog\u00eda o de partido.<\/p>\n<p>La lucha, se ha convertido hoy en un choque de credibilidades, que hasta el momento, lleva la delantera la morenista ante un perredista que va a la baja en la preferencia de los vecinos de la jurisdicci\u00f3n.<\/p>\n<p>Con im\u00e1genes de video y fotograf\u00edas, de la agresi\u00f3n del Grupo de ambulantes denominado \u201cLos Calpulli\u201d, al irrumpir en el Foro para tratar temas del agua e inmobiliario, la Diputada de morena Citlalli Hern\u00e1ndez, convocante, denunci\u00f3 la violaci\u00f3n a derechos fundamentales como la libre expresi\u00f3n, la libertad de reuni\u00f3n pac\u00edfica y de asociaci\u00f3n y el uso de lugares p\u00fablicos por parte del delegado en Iztacalco, Carlos Estrada.<\/p>\n<p>Por su parte, este pol\u00edtico perredista (que va a la baja), se deslind\u00f3 de las agresiones registradas en tal evento morenista en la colonia Agr\u00edcola Oriental y argument\u00f3 que se est\u00e1 utilizando este tipo de acusaciones en su contra \u201cpara darle un matiz pol\u00edtico\u201d.<\/p>\n<p>Dijo que la legisladora \u201cnunca nos solicit\u00f3 de manera formal un espacio para realizar su evento\u201d. Es decir, que las \u00e1reas encargadas de brindar un espacio y atenci\u00f3n a los solicitantes no recibieron ninguna notificaci\u00f3n de un foro de Morena, y \u201cno pod\u00edamos autorizarles compartieran espacio con una feria en el parque, porque \u00e9sta la hab\u00eda solicitado con anticipaci\u00f3n\u201d, arguy\u00f3.<\/p>\n<p>Por su parte, la diputada morenista lament\u00f3 que Estrada no entienda que en vez de amedrentar a quienes considera adversarios, deber\u00eda ponerse a trabajar y generar las condiciones de seguridad para todas y todos los iztacalquenses.<\/p>\n<p>Se\u00f1al\u00f3 que se hab\u00eda invitado a este evento a la delegada de Tlalpan, Claudia Sheinbaum; sin embargo, no se efectu\u00f3 por la interrupci\u00f3n violenta por parte del \u201cGrupo de Choque\u201d ligado al PRD en Iztacalco y a la Jefatura delegacional, que es utilizado constantemente para golpear a opositores.<\/p>\n<p>Explic\u00f3 Hern\u00e1ndez Mora que la convocatoria fue para abordar la problem\u00e1tica del agua y la lucha contra los abusos inmobiliarios, donde la delegada de Tlalpan compartir\u00eda su experiencia en un di\u00e1logo abierto entre vecinos de distintas colonias de Iztacalco.<\/p>\n<p>Narr\u00f3 la Diputada Citlalli Hern\u00e1ndez que por la noche del s\u00e1bado (15 de julio) se instalaron juegos de feria en el Quiosco de Rojo G\u00f3mez y Sur 16 en la colonia Agr\u00edcola Oriental, donde se llevar\u00eda a cabo dicha charla, por lo que tuvieron que realizarlo a unos cuantos metros.<\/p>\n<p>Asegur\u00f3 la diputada de morena que el grupo de personas provocadoras, algunas de ellas en estado narc\u00f3tico, llegaron a espaldas del templete con un autom\u00f3vil y bocinas en la parte superior, con m\u00fasica a muy alto nivel para sabotear el evento.<\/p>\n<p>Adem\u00e1s de golpear a colaboradores, asistentes y personal de log\u00edstica, los provocadores, intentaban impactar dicho autom\u00f3vil en la parte trasera del templete. \u201cCuando aparentemente todo estaba bajo control, una mujer y un grupo de hombres tomaron por asalto el templete y se sentaron en la mesa donde se encontraban las participantes\u201d, acus\u00f3.<\/p>\n<p>La diputada por el distrito XIV de Iztacalco, Citlalli Hern\u00e1ndez Mora, as\u00ed como Claudia Sheinbaum, hicieron un llamado al Jefe delegacional Carlos Estrada Meraz, a no tener miedo por el avance de morena en la Ciudad de M\u00e9xico y en el pa\u00eds y a generar garant\u00edas para realizar este y otros tipos de foros.<\/p>\n<p>Tambi\u00e9n, advirtieron que programar\u00e1n de nuevo dicho Encuentro, denominado &#8216;Charla por el derecho al agua y contra el abuso de las inmobiliarias&#8217;.<\/p>\n<p>Pero, Carlos Estrada, se deslind\u00f3 de las agresiones registradas en dicho evento del partido morena en la colonia Agr\u00edcola Oriental e indic\u00f3 que cada domingo, puestos ambulantes son colocados en esa zona, por lo cual \u201cno hubo ning\u00fan boicot y menos hayamos enviado un grupo de choque, como afirm\u00f3 la diputada, para agredirlos\u201d.<\/p>\n<p>Afirm\u00f3 que se comunic\u00f3 con Citlalli y con Claudia Sheinbaum, para expresarles su solidaridad y comprometerse a investigar estos hechos. Agreg\u00f3 que la jefatura delegacional les ofreci\u00f3 adem\u00e1s el directorio con los nombres y fotograf\u00edas de sus 187 funcionarios para que identifiquen a los \u00b4posibles agresores.<\/p>\n<p>Adelant\u00f3 que se invitar\u00e1 a la diputada Citlalli a una mesa p\u00fablica para hablar sobre los problemas en materia inmobiliaria y agua.<\/p>\n<p>Pero, cabe se\u00f1alar que de acuerdo a denuncias de vecinos de Iztacalco, muchas de ellas publicadas en medios informativos, \u00a0hacen ver que cada vez se quedan sin el suministro de agua y que las inmobiliarias se han adue\u00f1ado de la localidad, con construcciones irregulares que son solapadas por autoridades del Gobierno local y de la delegaci\u00f3n.<\/p>\n<p>Hecho reciente, la obra de Calle 7 de la colonia Agr\u00edcola Pantitl\u00e1n, donde esta delegaci\u00f3n tal\u00f3 8 \u00e1rboles a petici\u00f3n del grupo inmobiliario Gap Metropolitana, sin que se tomara en cuenta a los vecinos del lugar.<\/p>\n<p>Asimismo, el delegado ha consentido una variedad de irregularidades a esta inmobiliaria, que desde inicio los trabajos de construcci\u00f3n (en 2015) de 220 viviendas, ha violentado normas y derechos humanos de los vecinos de la Privada Elizarrar\u00e1s.<\/p>\n<p>==00==<\/p>\n","protected":false},"excerpt":{"rendered":"<p>Reporte Especial Afrontan lucha de credibilidad morena contra PRD por \u201cGrupo de Choque\u201c en Iztacalco, ante evento de vecinos Por&#8230;<\/p>\n","protected":false},"author":10,"featured_media":0,"comment_status":"closed","ping_status":"open","sticky":false,"template":"","format":"standard","meta":{"footnotes":""},"categories":[2788,2326,25],"tags":[77],"class_list":["post-74387","post","type-post","status-publish","format-standard","hentry","category-aldf","category-morena","category-partidos-politicos","tag-principal"],"yoast_head":"<!-- This site is optimized with the Yoast SEO plugin v26.5 - https:\/\/yoast.com\/wordpress\/plugins\/seo\/ -->\n<title>Acusa Citlali Hern\u00e1ndez violaci\u00f3n a derechos de expresi\u00f3n y reuni\u00f3n pac\u00edfica; en tanto, Carlos Estrada, se deslinda y dice que es \u201cmatiz pol\u00edtico\u201d - NOTICIAS<\/title>\n<meta name=\"robots\" content=\"index, follow, max-snippet:-1, max-image-preview:large, max-video-preview:-1\" \/>\n<link rel=\"canonical\" href=\"https:\/\/laredsocial-noticias.com\/wp\/acusa-citlali-hernandez-violacion-a-derechos-de-expresion-y-reunion-pacifica-en-tanto-carlos-estrada-se-deslinda-y-dice-que-es-matiz-politico\/\" \/>\n<meta property=\"og:locale\" content=\"es_ES\" \/>\n<meta property=\"og:type\" content=\"article\" \/>\n<meta property=\"og:title\" content=\"Acusa Citlali Hern\u00e1ndez violaci\u00f3n a derechos de expresi\u00f3n y reuni\u00f3n pac\u00edfica; en tanto, Carlos Estrada, se deslinda y dice que es \u201cmatiz pol\u00edtico\u201d - NOTICIAS\" \/>\n<meta property=\"og:description\" content=\"Reporte Especial Afrontan lucha de credibilidad morena contra PRD por \u201cGrupo de Choque\u201c en Iztacalco, ante evento de vecinos Por...\" \/>\n<meta property=\"og:url\" content=\"https:\/\/laredsocial-noticias.com\/wp\/acusa-citlali-hernandez-violacion-a-derechos-de-expresion-y-reunion-pacifica-en-tanto-carlos-estrada-se-deslinda-y-dice-que-es-matiz-politico\/\" \/>\n<meta property=\"og:site_name\" content=\"NOTICIAS\" \/>\n<meta property=\"article:published_time\" content=\"2017-07-17T22:51:29+00:00\" \/>\n<meta property=\"og:image\" content=\"https:\/\/laredsocial-noticias.com\/wp\/wp-content\/uploads\/2017\/07\/foto.AGRESION.A.DIP_.MORENA.IZTACALCO..jpg\" \/>\n\t<meta property=\"og:image:width\" content=\"480\" \/>\n\t<meta property=\"og:image:height\" content=\"360\" \/>\n\t<meta property=\"og:image:type\" content=\"image\/jpeg\" \/>\n<meta name=\"author\" content=\"Guillermo Pimentel\" \/>\n<meta name=\"twitter:card\" content=\"summary_large_image\" \/>\n<meta name=\"twitter:label1\" content=\"Escrito por\" \/>\n\t<meta name=\"twitter:data1\" content=\"Guillermo Pimentel\" \/>\n\t<meta name=\"twitter:label2\" content=\"Tiempo de lectura\" \/>\n\t<meta name=\"twitter:data2\" content=\"5 minutos\" \/>\n<!-- \/ Yoast SEO plugin. -->","yoast_head_json":{"title":"Acusa Citlali Hern\u00e1ndez violaci\u00f3n a derechos de expresi\u00f3n y reuni\u00f3n pac\u00edfica; en tanto, Carlos Estrada, se deslinda y dice que es \u201cmatiz pol\u00edtico\u201d - NOTICIAS","robots":{"index":"index","follow":"follow","max-snippet":"max-snippet:-1","max-image-preview":"max-image-preview:large","max-video-preview":"max-video-preview:-1"},"canonical":"https:\/\/laredsocial-noticias.com\/wp\/acusa-citlali-hernandez-violacion-a-derechos-de-expresion-y-reunion-pacifica-en-tanto-carlos-estrada-se-deslinda-y-dice-que-es-matiz-politico\/","og_locale":"es_ES","og_type":"article","og_title":"Acusa Citlali Hern\u00e1ndez violaci\u00f3n a derechos de expresi\u00f3n y reuni\u00f3n pac\u00edfica; en tanto, Carlos Estrada, se deslinda y dice que es \u201cmatiz pol\u00edtico\u201d - NOTICIAS","og_description":"Reporte Especial Afrontan lucha de credibilidad morena contra PRD por \u201cGrupo de Choque\u201c en Iztacalco, ante evento de vecinos Por...","og_url":"https:\/\/laredsocial-noticias.com\/wp\/acusa-citlali-hernandez-violacion-a-derechos-de-expresion-y-reunion-pacifica-en-tanto-carlos-estrada-se-deslinda-y-dice-que-es-matiz-politico\/","og_site_name":"NOTICIAS","article_published_time":"2017-07-17T22:51:29+00:00","og_image":[{"width":480,"height":360,"url":"https:\/\/laredsocial-noticias.com\/wp\/wp-content\/uploads\/2017\/07\/foto.AGRESION.A.DIP_.MORENA.IZTACALCO..jpg","type":"image\/jpeg"}],"author":"Guillermo Pimentel","twitter_card":"summary_large_image","twitter_misc":{"Escrito por":"Guillermo Pimentel","Tiempo de lectura":"5 minutos"},"schema":{"@context":"https:\/\/schema.org","@graph":[{"@type":"WebPage","@id":"https:\/\/laredsocial-noticias.com\/wp\/acusa-citlali-hernandez-violacion-a-derechos-de-expresion-y-reunion-pacifica-en-tanto-carlos-estrada-se-deslinda-y-dice-que-es-matiz-politico\/","url":"https:\/\/laredsocial-noticias.com\/wp\/acusa-citlali-hernandez-violacion-a-derechos-de-expresion-y-reunion-pacifica-en-tanto-carlos-estrada-se-deslinda-y-dice-que-es-matiz-politico\/","name":"Acusa Citlali Hern\u00e1ndez violaci\u00f3n a derechos de expresi\u00f3n y reuni\u00f3n pac\u00edfica; en tanto, Carlos Estrada, se deslinda y dice que es \u201cmatiz pol\u00edtico\u201d - NOTICIAS","isPartOf":{"@id":"https:\/\/laredsocial-noticias.com\/wp\/#website"},"primaryImageOfPage":{"@id":"https:\/\/laredsocial-noticias.com\/wp\/acusa-citlali-hernandez-violacion-a-derechos-de-expresion-y-reunion-pacifica-en-tanto-carlos-estrada-se-deslinda-y-dice-que-es-matiz-politico\/#primaryimage"},"image":{"@id":"https:\/\/laredsocial-noticias.com\/wp\/acusa-citlali-hernandez-violacion-a-derechos-de-expresion-y-reunion-pacifica-en-tanto-carlos-estrada-se-deslinda-y-dice-que-es-matiz-politico\/#primaryimage"},"thumbnailUrl":"http:\/\/laredsocial-noticias.com\/wp\/wp-content\/uploads\/2017\/07\/foto.AGRESION.A.DIP_.MORENA.IZTACALCO.-300x225.jpg","datePublished":"2017-07-17T22:51:29+00:00","author":{"@id":"https:\/\/laredsocial-noticias.com\/wp\/#\/schema\/person\/9c09eb8c35c46dac6d30e2baff4b64d6"},"breadcrumb":{"@id":"https:\/\/laredsocial-noticias.com\/wp\/acusa-citlali-hernandez-violacion-a-derechos-de-expresion-y-reunion-pacifica-en-tanto-carlos-estrada-se-deslinda-y-dice-que-es-matiz-politico\/#breadcrumb"},"inLanguage":"es","potentialAction":[{"@type":"ReadAction","target":["https:\/\/laredsocial-noticias.com\/wp\/acusa-citlali-hernandez-violacion-a-derechos-de-expresion-y-reunion-pacifica-en-tanto-carlos-estrada-se-deslinda-y-dice-que-es-matiz-politico\/"]}]},{"@type":"ImageObject","inLanguage":"es","@id":"https:\/\/laredsocial-noticias.com\/wp\/acusa-citlali-hernandez-violacion-a-derechos-de-expresion-y-reunion-pacifica-en-tanto-carlos-estrada-se-deslinda-y-dice-que-es-matiz-politico\/#primaryimage","url":"","contentUrl":""},{"@type":"BreadcrumbList","@id":"https:\/\/laredsocial-noticias.com\/wp\/acusa-citlali-hernandez-violacion-a-derechos-de-expresion-y-reunion-pacifica-en-tanto-carlos-estrada-se-deslinda-y-dice-que-es-matiz-politico\/#breadcrumb","itemListElement":[{"@type":"ListItem","position":1,"name":"Portada","item":"https:\/\/laredsocial-noticias.com\/wp\/"},{"@type":"ListItem","position":2,"name":"Acusa Citlali Hern\u00e1ndez violaci\u00f3n a derechos de expresi\u00f3n y reuni\u00f3n pac\u00edfica; en tanto, Carlos Estrada, se deslinda y dice que es \u201cmatiz pol\u00edtico\u201d"}]},{"@type":"WebSite","@id":"https:\/\/laredsocial-noticias.com\/wp\/#website","url":"https:\/\/laredsocial-noticias.com\/wp\/","name":"NOTICIAS","description":"Lo que se ve y se dice en las redes sociales","potentialAction":[{"@type":"SearchAction","target":{"@type":"EntryPoint","urlTemplate":"https:\/\/laredsocial-noticias.com\/wp\/?s={search_term_string}"},"query-input":{"@type":"PropertyValueSpecification","valueRequired":true,"valueName":"search_term_string"}}],"inLanguage":"es"},{"@type":"Person","@id":"https:\/\/laredsocial-noticias.com\/wp\/#\/schema\/person\/9c09eb8c35c46dac6d30e2baff4b64d6","name":"Guillermo Pimentel","url":"https:\/\/laredsocial-noticias.com\/wp\/author\/guillermo\/"}]}},"_links":{"self":[{"href":"https:\/\/laredsocial-noticias.com\/wp\/wp-json\/wp\/v2\/posts\/74387","targetHints":{"allow":["GET"]}}],"collection":[{"href":"https:\/\/laredsocial-noticias.com\/wp\/wp-json\/wp\/v2\/posts"}],"about":[{"href":"https:\/\/laredsocial-noticias.com\/wp\/wp-json\/wp\/v2\/types\/post"}],"author":[{"embeddable":true,"href":"https:\/\/laredsocial-noticias.com\/wp\/wp-json\/wp\/v2\/users\/10"}],"replies":[{"embeddable":true,"href":"https:\/\/laredsocial-noticias.com\/wp\/wp-json\/wp\/v2\/comments?post=74387"}],"version-history":[{"count":3,"href":"https:\/\/laredsocial-noticias.com\/wp\/wp-json\/wp\/v2\/posts\/74387\/revisions"}],"predecessor-version":[{"id":74393,"href":"https:\/\/laredsocial-noticias.com\/wp\/wp-json\/wp\/v2\/posts\/74387\/revisions\/74393"}],"wp:attachment":[{"href":"https:\/\/laredsocial-noticias.com\/wp\/wp-json\/wp\/v2\/media?parent=74387"}],"wp:term":[{"taxonomy":"category","embeddable":true,"href":"https:\/\/laredsocial-noticias.com\/wp\/wp-json\/wp\/v2\/categories?post=74387"},{"taxonomy":"post_tag","embeddable":true,"href":"https:\/\/laredsocial-noticias.com\/wp\/wp-json\/wp\/v2\/tags?post=74387"}],"curies":[{"name":"wp","href":"https:\/\/api.w.org\/{rel}","templated":true}]}}