{"id":75190,"date":"2017-08-02T16:37:19","date_gmt":"2017-08-02T21:37:19","guid":{"rendered":"http:\/\/laredsocial-noticias.com\/wp\/?p=75190"},"modified":"2017-08-02T16:38:40","modified_gmt":"2017-08-02T21:38:40","slug":"senado-analizara-los-ejes-para-modernizar-el-tlc-escudero-morales","status":"publish","type":"post","link":"https:\/\/laredsocial-noticias.com\/wp\/senado-analizara-los-ejes-para-modernizar-el-tlc-escudero-morales\/","title":{"rendered":"Senado analizar\u00e1 los ejes para modernizar el TLC: Escudero Morales"},"content":{"rendered":"<p><img loading=\"lazy\" decoding=\"async\" class=\"alignleft  wp-image-75191\" src=\"http:\/\/laredsocial-noticias.com\/wp\/wp-content\/uploads\/2017\/08\/pablo-escudero.jpg\" alt=\"\" width=\"506\" height=\"307\" data-wp-pid=\"75191\" \/>El presidente de la Mesa Directiva del Senado de la Rep\u00fablica, Pablo Escudero Morales, anunci\u00f3 que recibi\u00f3 del Secretario de Econom\u00eda, Dr. Ildefonso Guajardo Villarreal, el documento denominado &#8220;Prioridades de M\u00e9xico en las negociaciones para modernizar el Tratado de Libre Comercio de Am\u00e9rica del Norte\u201d.<\/p>\n<p>Dicho documento, inform\u00f3 el legislador, fue elaborado tomando en consideraci\u00f3n la discusi\u00f3n p\u00fablica, los comentarios y propuestas recibidos, a trav\u00e9s de las consultas p\u00fablicas sobre la modernizaci\u00f3n del TLCAN, as\u00ed como el di\u00e1logo que sostuvo la Secretar\u00eda de Econom\u00eda con los sectores productivos del pa\u00eds, en torno a este tema.<\/p>\n<p>El senador Escudero Morales se\u00f1al\u00f3 que el documento propone cuatro ejes fundamentales que guiar\u00e1n la postura de M\u00e9xico en la mesa de negociaciones; el primero de ellos es fortalecer la competitividad como plataforma de producci\u00f3n y exportaci\u00f3n, promoviendo una mayor participaci\u00f3n de m\u00e1s industrias y empresas del pa\u00eds en las cadenas globales de valor y fortaleciendo la proveedur\u00eda regional.<\/p>\n<p>El presidente del Senado explic\u00f3 que avanzar hacia un comercio regional inclusivo y responsable para promover un piso parejo para que m\u00e1s emprendedores y m\u00e1s PyMes se incorporen competitivamente al comercio internacional, es otra de las prioridades; as\u00ed como aprovechar las oportunidades de la econom\u00eda del siglo XXI, para facilitar el comercio de servicios, propiciar una mayor integraci\u00f3n de la infraestructura de telecomunicaciones y fortalecer el marco regional de protecci\u00f3n a la propiedad intelectual.<\/p>\n<p>\u201cEl \u00faltimo eje que sugiere el documento es promover la certidumbre del comercio y las inversiones en Am\u00e9rica del Norte, por lo que es indispensable mantener y promover disposiciones que contribuyan a que sean m\u00e1s previsibles las operaciones de comercio exterior y las inversiones; por ello, cobra importancia los mecanismos de soluci\u00f3n de controversias como un instrumento que permite hacer m\u00e1s predecible el comercio regional, adem\u00e1s de incorporar los elementos m\u00e1s recientes de transparencia y participaci\u00f3n de otros actores relevantes\u201d, indic\u00f3.<\/p>\n<p>Finalmente, el presidente del Senado advirti\u00f3 que se analizar\u00e1 puntualmente cada una de las medidas que permitan actualizar el TLC, continuando el fomento del libre comercio, la integraci\u00f3n regional y la generaci\u00f3n de empleos en los tres pa\u00edses equitativamente, con el objeto de enfrentar los desaf\u00edos econ\u00f3micos actuales y velando siempre por los intereses de M\u00e9xico.<\/p>\n","protected":false},"excerpt":{"rendered":"<p>El presidente de la Mesa Directiva del Senado de la Rep\u00fablica, Pablo Escudero Morales, anunci\u00f3 que recibi\u00f3 del Secretario de&#8230;<\/p>\n","protected":false},"author":1,"featured_media":0,"comment_status":"closed","ping_status":"open","sticky":false,"template":"","format":"standard","meta":{"footnotes":""},"categories":[389,73],"tags":[3611,60],"class_list":["post-75190","post","type-post","status-publish","format-standard","hentry","category-mexico","category-principal","tag-pablo-escudero-morales","tag-senado"],"yoast_head":"<!-- This site is optimized with the Yoast SEO plugin v26.5 - https:\/\/yoast.com\/wordpress\/plugins\/seo\/ -->\n<title>Senado analizar\u00e1 los ejes para modernizar el TLC: Escudero Morales - NOTICIAS<\/title>\n<meta name=\"robots\" content=\"index, follow, max-snippet:-1, max-image-preview:large, max-video-preview:-1\" \/>\n<link rel=\"canonical\" href=\"https:\/\/laredsocial-noticias.com\/wp\/senado-analizara-los-ejes-para-modernizar-el-tlc-escudero-morales\/\" \/>\n<meta property=\"og:locale\" content=\"es_ES\" \/>\n<meta property=\"og:type\" content=\"article\" \/>\n<meta property=\"og:title\" content=\"Senado analizar\u00e1 los ejes para modernizar el TLC: Escudero Morales - NOTICIAS\" \/>\n<meta property=\"og:description\" content=\"El presidente de la Mesa Directiva del Senado de la Rep\u00fablica, Pablo Escudero Morales, anunci\u00f3 que recibi\u00f3 del Secretario de...\" \/>\n<meta property=\"og:url\" content=\"https:\/\/laredsocial-noticias.com\/wp\/senado-analizara-los-ejes-para-modernizar-el-tlc-escudero-morales\/\" \/>\n<meta property=\"og:site_name\" content=\"NOTICIAS\" \/>\n<meta property=\"article:published_time\" content=\"2017-08-02T21:37:19+00:00\" \/>\n<meta property=\"article:modified_time\" content=\"2017-08-02T21:38:40+00:00\" \/>\n<meta property=\"og:image\" content=\"https:\/\/laredsocial-noticias.com\/wp\/wp-content\/uploads\/2017\/08\/pablo-escudero.jpg\" \/>\n\t<meta property=\"og:image:width\" content=\"600\" \/>\n\t<meta property=\"og:image:height\" content=\"364\" \/>\n\t<meta property=\"og:image:type\" content=\"image\/jpeg\" \/>\n<meta name=\"author\" content=\"Editor en Jefe\" \/>\n<meta name=\"twitter:card\" content=\"summary_large_image\" \/>\n<meta name=\"twitter:label1\" content=\"Escrito por\" \/>\n\t<meta name=\"twitter:data1\" content=\"Editor en Jefe\" \/>\n\t<meta name=\"twitter:label2\" content=\"Tiempo de lectura\" \/>\n\t<meta name=\"twitter:data2\" content=\"2 minutos\" \/>\n<!-- \/ Yoast SEO plugin. -->","yoast_head_json":{"title":"Senado analizar\u00e1 los ejes para modernizar el TLC: Escudero Morales - NOTICIAS","robots":{"index":"index","follow":"follow","max-snippet":"max-snippet:-1","max-image-preview":"max-image-preview:large","max-video-preview":"max-video-preview:-1"},"canonical":"https:\/\/laredsocial-noticias.com\/wp\/senado-analizara-los-ejes-para-modernizar-el-tlc-escudero-morales\/","og_locale":"es_ES","og_type":"article","og_title":"Senado analizar\u00e1 los ejes para modernizar el TLC: Escudero Morales - NOTICIAS","og_description":"El presidente de la Mesa Directiva del Senado de la Rep\u00fablica, Pablo Escudero Morales, anunci\u00f3 que recibi\u00f3 del Secretario de...","og_url":"https:\/\/laredsocial-noticias.com\/wp\/senado-analizara-los-ejes-para-modernizar-el-tlc-escudero-morales\/","og_site_name":"NOTICIAS","article_published_time":"2017-08-02T21:37:19+00:00","article_modified_time":"2017-08-02T21:38:40+00:00","og_image":[{"width":600,"height":364,"url":"https:\/\/laredsocial-noticias.com\/wp\/wp-content\/uploads\/2017\/08\/pablo-escudero.jpg","type":"image\/jpeg"}],"author":"Editor en Jefe","twitter_card":"summary_large_image","twitter_misc":{"Escrito por":"Editor en Jefe","Tiempo de lectura":"2 minutos"},"schema":{"@context":"https:\/\/schema.org","@graph":[{"@type":"WebPage","@id":"https:\/\/laredsocial-noticias.com\/wp\/senado-analizara-los-ejes-para-modernizar-el-tlc-escudero-morales\/","url":"https:\/\/laredsocial-noticias.com\/wp\/senado-analizara-los-ejes-para-modernizar-el-tlc-escudero-morales\/","name":"Senado analizar\u00e1 los ejes para modernizar el TLC: Escudero Morales - NOTICIAS","isPartOf":{"@id":"https:\/\/laredsocial-noticias.com\/wp\/#website"},"primaryImageOfPage":{"@id":"https:\/\/laredsocial-noticias.com\/wp\/senado-analizara-los-ejes-para-modernizar-el-tlc-escudero-morales\/#primaryimage"},"image":{"@id":"https:\/\/laredsocial-noticias.com\/wp\/senado-analizara-los-ejes-para-modernizar-el-tlc-escudero-morales\/#primaryimage"},"thumbnailUrl":"http:\/\/laredsocial-noticias.com\/wp\/wp-content\/uploads\/2017\/08\/pablo-escudero.jpg","datePublished":"2017-08-02T21:37:19+00:00","dateModified":"2017-08-02T21:38:40+00:00","author":{"@id":"https:\/\/laredsocial-noticias.com\/wp\/#\/schema\/person\/0ce78643f2de7aae6f6ef10e8453a6e0"},"breadcrumb":{"@id":"https:\/\/laredsocial-noticias.com\/wp\/senado-analizara-los-ejes-para-modernizar-el-tlc-escudero-morales\/#breadcrumb"},"inLanguage":"es","potentialAction":[{"@type":"ReadAction","target":["https:\/\/laredsocial-noticias.com\/wp\/senado-analizara-los-ejes-para-modernizar-el-tlc-escudero-morales\/"]}]},{"@type":"ImageObject","inLanguage":"es","@id":"https:\/\/laredsocial-noticias.com\/wp\/senado-analizara-los-ejes-para-modernizar-el-tlc-escudero-morales\/#primaryimage","url":"","contentUrl":""},{"@type":"BreadcrumbList","@id":"https:\/\/laredsocial-noticias.com\/wp\/senado-analizara-los-ejes-para-modernizar-el-tlc-escudero-morales\/#breadcrumb","itemListElement":[{"@type":"ListItem","position":1,"name":"Portada","item":"https:\/\/laredsocial-noticias.com\/wp\/"},{"@type":"ListItem","position":2,"name":"Senado analizar\u00e1 los ejes para modernizar el TLC: Escudero Morales"}]},{"@type":"WebSite","@id":"https:\/\/laredsocial-noticias.com\/wp\/#website","url":"https:\/\/laredsocial-noticias.com\/wp\/","name":"NOTICIAS","description":"Lo que se ve y se dice en las redes sociales","potentialAction":[{"@type":"SearchAction","target":{"@type":"EntryPoint","urlTemplate":"https:\/\/laredsocial-noticias.com\/wp\/?s={search_term_string}"},"query-input":{"@type":"PropertyValueSpecification","valueRequired":true,"valueName":"search_term_string"}}],"inLanguage":"es"},{"@type":"Person","@id":"https:\/\/laredsocial-noticias.com\/wp\/#\/schema\/person\/0ce78643f2de7aae6f6ef10e8453a6e0","name":"Editor en Jefe","url":"https:\/\/laredsocial-noticias.com\/wp\/author\/jorgeochoa\/"}]}},"_links":{"self":[{"href":"https:\/\/laredsocial-noticias.com\/wp\/wp-json\/wp\/v2\/posts\/75190","targetHints":{"allow":["GET"]}}],"collection":[{"href":"https:\/\/laredsocial-noticias.com\/wp\/wp-json\/wp\/v2\/posts"}],"about":[{"href":"https:\/\/laredsocial-noticias.com\/wp\/wp-json\/wp\/v2\/types\/post"}],"author":[{"embeddable":true,"href":"https:\/\/laredsocial-noticias.com\/wp\/wp-json\/wp\/v2\/users\/1"}],"replies":[{"embeddable":true,"href":"https:\/\/laredsocial-noticias.com\/wp\/wp-json\/wp\/v2\/comments?post=75190"}],"version-history":[{"count":2,"href":"https:\/\/laredsocial-noticias.com\/wp\/wp-json\/wp\/v2\/posts\/75190\/revisions"}],"predecessor-version":[{"id":75193,"href":"https:\/\/laredsocial-noticias.com\/wp\/wp-json\/wp\/v2\/posts\/75190\/revisions\/75193"}],"wp:attachment":[{"href":"https:\/\/laredsocial-noticias.com\/wp\/wp-json\/wp\/v2\/media?parent=75190"}],"wp:term":[{"taxonomy":"category","embeddable":true,"href":"https:\/\/laredsocial-noticias.com\/wp\/wp-json\/wp\/v2\/categories?post=75190"},{"taxonomy":"post_tag","embeddable":true,"href":"https:\/\/laredsocial-noticias.com\/wp\/wp-json\/wp\/v2\/tags?post=75190"}],"curies":[{"name":"wp","href":"https:\/\/api.w.org\/{rel}","templated":true}]}}