{"id":75698,"date":"2017-08-08T17:00:05","date_gmt":"2017-08-08T22:00:05","guid":{"rendered":"http:\/\/laredsocial-noticias.com\/wp\/?p=75698"},"modified":"2017-08-08T16:27:38","modified_gmt":"2017-08-08T21:27:38","slug":"franklin-tocaria-tierra-el-jueves-en-costas-del-golfo-de-mexico","status":"publish","type":"post","link":"https:\/\/laredsocial-noticias.com\/wp\/franklin-tocaria-tierra-el-jueves-en-costas-del-golfo-de-mexico\/","title":{"rendered":"Franklin tocar\u00eda tierra el jueves en costas del Golfo de M\u00e9xico"},"content":{"rendered":"<p>La tormenta tropical Franklin avanza en las costas del Golfo de M\u00e9xico y podr\u00eda convertirse en hurac\u00e1n y tener un segundo impact\u00f3 en Veracruz, por lo que se han iniciado acciones preventivas en las entidades que ser\u00e1n afectadas, entre ellas Puebla.<\/p>\n<p><img loading=\"lazy\" decoding=\"async\" class=\"alignleft size-full wp-image-75699\" src=\"http:\/\/laredsocial-noticias.com\/wp\/wp-content\/uploads\/2017\/08\/2017-08-08_02-08-56___2069.jpg\" alt=\"\" width=\"720\" height=\"480\" data-wp-pid=\"75699\" \/>El director de Protecci\u00f3n Civil de la Secretaria de Gobernaci\u00f3n, Ricardo de la Cruz y el gerente de Meteorolog\u00eda de la Comisi\u00f3n Nacional del Agua (Conagua), Humberto Hern\u00e1ndez Unz\u00f3n, informaron que el fen\u00f3meno que afect\u00f3 costas de Campeche, Yucat\u00e1n y Quintana Roo provocar\u00e1 intensas lluvias que impactaron hasta la zona centro del pa\u00eds.<\/p>\n<p>En conferencia de prensa, los funcionarios detallaron que en esa regi\u00f3n las autoridades federales y estatales han desplegado operativos para evitar p\u00e9rdidas humanas. En la Pen\u00ednsula de Yucat\u00e1n los efectos de la tormenta tropical no fueron graves.<\/p>\n<p>De la Cruz Musalem refiri\u00f3 que la Secretaria de la Defensa Nacional (Sedena) despleg\u00f3 en Plan DNIII de auxilio a la poblaci\u00f3n en la Pen\u00ednsula de Yucat\u00e1n, en tanto que la Secretaria de Marina Armada de M\u00e9xico (Semar) implement\u00f3 el Plan Marina.<\/p>\n<p>La Polic\u00eda Federal aplic\u00f3 el Plan General de Apoyo y Auxilio a la Poblaci\u00f3n, por lo que sus elementos realizan corridos en carreteras e informan a la poblaci\u00f3n sobre el estado de las vialidades para que los automovilistas manejen con precauci\u00f3n.<\/p>\n<p>El funcionario de la Secretar\u00eda de Gobernaci\u00f3n indic\u00f3 que se iniciaron todos los protocolos de acci\u00f3n en las zonas afectadas por los fuertes vientos, oleaje y lluvias, luego de que la noche del lunes el cicl\u00f3n tropical peg\u00f3 en las costas de Yucat\u00e1n.<\/p>\n<p>Se ha puesto especial atenci\u00f3n en las zonas tur\u00edsticas como Cozumel, Canc\u00fan y Playa del Carmen, entre otras por ser temporada vacacional.<\/p>\n<p>Indic\u00f3 que entre las acciones emprendidas por la dependencia federal, est\u00e1n la emisi\u00f3n de 11 boletines del Sistema de Alerta Temprana para ciclones y huracanes y tres oficios de alertamiento para Yucat\u00e1n, Campeche, Chiapas, Hidalgo, Puebla, Quer\u00e9taro, San Luis Potos\u00ed, Tabasco, Tamaulipas y Veracruz.<\/p>\n<p>El director de Protecci\u00f3n Civil abund\u00f3 que ninguno de esos estados se encuentra en alerta roja y solo Yucat\u00e1n y Campeche tienen a\u00fan activada la alerta naranja.<\/p>\n<p>Indic\u00f3 que a las 17:00 horas de este martes sesionar\u00e1 el Subgrupo T\u00e9cnico de Protecci\u00f3n Civil para conocer las previsiones sobre el posible impacto del cicl\u00f3n en las costas de Veracruz las primeras horas del pr\u00f3ximo jueves.<\/p>\n<p>Ante estas condiciones exhort\u00f3 a las entidades federativas se\u00f1aladas a activar y sesionar de manera permanente sus Consejos Estatales de Protecci\u00f3n Civil.<\/p>\n<p>A la poblaci\u00f3n, especialmente de Veracruz, Tabasco, Tamaulipas y Puebla, Ricardo de la Cruz pidi\u00f3 no alarmarse ni hacer caso a rumores, pues la autoridad responsable est\u00e1 emitiendo los boletines correspondientes e informaci\u00f3n con base en el seguimiento del fen\u00f3meno que se desplaza hacia el norte.<\/p>\n<p>Por su parte, el coordinador del Servicio Meteorol\u00f3gico Nacional, Alberto Hern\u00e1ndez Unz\u00f3n detall\u00f3 que el fen\u00f3meno meteorol\u00f3gico se desplaza a 20 kil\u00f3metros por hora hacia las costas de Veracruz, donde se espera impacte en las primeras horas del jueves afectando tambi\u00e9n el sur de Tamaulipas y Tabasco.<\/p>\n<p>Abund\u00f3 que por las dimensiones del cicl\u00f3n, que en la actualidad alcanza 200 kil\u00f3metros de di\u00e1metro y que podr\u00eda alcanzar los 500 kil\u00f3metros de di\u00e1metro, sus efectos de intensas lluvias, viento y granizo podr\u00edan llegar a Puebla y la zona centro del pa\u00eds, hasta Michoac\u00e1n.<\/p>\n","protected":false},"excerpt":{"rendered":"<p>La tormenta tropical Franklin avanza en las costas del Golfo de M\u00e9xico y podr\u00eda convertirse en hurac\u00e1n y tener un&#8230;<\/p>\n","protected":false},"author":1,"featured_media":0,"comment_status":"closed","ping_status":"open","sticky":false,"template":"","format":"standard","meta":{"footnotes":""},"categories":[389],"tags":[4719,4718],"class_list":["post-75698","post","type-post","status-publish","format-standard","hentry","category-mexico","tag-costas-del-golfo-de-mexico","tag-franklin"],"yoast_head":"<!-- This site is optimized with the Yoast SEO plugin v26.5 - https:\/\/yoast.com\/wordpress\/plugins\/seo\/ -->\n<title>Franklin tocar\u00eda tierra el jueves en costas del Golfo de M\u00e9xico - NOTICIAS<\/title>\n<meta name=\"robots\" content=\"index, follow, max-snippet:-1, max-image-preview:large, max-video-preview:-1\" \/>\n<link rel=\"canonical\" href=\"https:\/\/laredsocial-noticias.com\/wp\/franklin-tocaria-tierra-el-jueves-en-costas-del-golfo-de-mexico\/\" \/>\n<meta property=\"og:locale\" content=\"es_ES\" \/>\n<meta property=\"og:type\" content=\"article\" \/>\n<meta property=\"og:title\" content=\"Franklin tocar\u00eda tierra el jueves en costas del Golfo de M\u00e9xico - NOTICIAS\" \/>\n<meta property=\"og:description\" content=\"La tormenta tropical Franklin avanza en las costas del Golfo de M\u00e9xico y podr\u00eda convertirse en hurac\u00e1n y tener un...\" \/>\n<meta property=\"og:url\" content=\"https:\/\/laredsocial-noticias.com\/wp\/franklin-tocaria-tierra-el-jueves-en-costas-del-golfo-de-mexico\/\" \/>\n<meta property=\"og:site_name\" content=\"NOTICIAS\" \/>\n<meta property=\"article:published_time\" content=\"2017-08-08T22:00:05+00:00\" \/>\n<meta property=\"og:image\" content=\"https:\/\/laredsocial-noticias.com\/wp\/wp-content\/uploads\/2017\/08\/2017-08-08_02-08-56___2069.jpg\" \/>\n\t<meta property=\"og:image:width\" content=\"720\" \/>\n\t<meta property=\"og:image:height\" content=\"480\" \/>\n\t<meta property=\"og:image:type\" content=\"image\/jpeg\" \/>\n<meta name=\"author\" content=\"Editor en Jefe\" \/>\n<meta name=\"twitter:card\" content=\"summary_large_image\" \/>\n<meta name=\"twitter:label1\" content=\"Escrito por\" \/>\n\t<meta name=\"twitter:data1\" content=\"Editor en Jefe\" \/>\n\t<meta name=\"twitter:label2\" content=\"Tiempo de lectura\" \/>\n\t<meta name=\"twitter:data2\" content=\"3 minutos\" \/>\n<!-- \/ Yoast SEO plugin. -->","yoast_head_json":{"title":"Franklin tocar\u00eda tierra el jueves en costas del Golfo de M\u00e9xico - NOTICIAS","robots":{"index":"index","follow":"follow","max-snippet":"max-snippet:-1","max-image-preview":"max-image-preview:large","max-video-preview":"max-video-preview:-1"},"canonical":"https:\/\/laredsocial-noticias.com\/wp\/franklin-tocaria-tierra-el-jueves-en-costas-del-golfo-de-mexico\/","og_locale":"es_ES","og_type":"article","og_title":"Franklin tocar\u00eda tierra el jueves en costas del Golfo de M\u00e9xico - NOTICIAS","og_description":"La tormenta tropical Franklin avanza en las costas del Golfo de M\u00e9xico y podr\u00eda convertirse en hurac\u00e1n y tener un...","og_url":"https:\/\/laredsocial-noticias.com\/wp\/franklin-tocaria-tierra-el-jueves-en-costas-del-golfo-de-mexico\/","og_site_name":"NOTICIAS","article_published_time":"2017-08-08T22:00:05+00:00","og_image":[{"width":720,"height":480,"url":"https:\/\/laredsocial-noticias.com\/wp\/wp-content\/uploads\/2017\/08\/2017-08-08_02-08-56___2069.jpg","type":"image\/jpeg"}],"author":"Editor en Jefe","twitter_card":"summary_large_image","twitter_misc":{"Escrito por":"Editor en Jefe","Tiempo de lectura":"3 minutos"},"schema":{"@context":"https:\/\/schema.org","@graph":[{"@type":"WebPage","@id":"https:\/\/laredsocial-noticias.com\/wp\/franklin-tocaria-tierra-el-jueves-en-costas-del-golfo-de-mexico\/","url":"https:\/\/laredsocial-noticias.com\/wp\/franklin-tocaria-tierra-el-jueves-en-costas-del-golfo-de-mexico\/","name":"Franklin tocar\u00eda tierra el jueves en costas del Golfo de M\u00e9xico - NOTICIAS","isPartOf":{"@id":"https:\/\/laredsocial-noticias.com\/wp\/#website"},"primaryImageOfPage":{"@id":"https:\/\/laredsocial-noticias.com\/wp\/franklin-tocaria-tierra-el-jueves-en-costas-del-golfo-de-mexico\/#primaryimage"},"image":{"@id":"https:\/\/laredsocial-noticias.com\/wp\/franklin-tocaria-tierra-el-jueves-en-costas-del-golfo-de-mexico\/#primaryimage"},"thumbnailUrl":"http:\/\/laredsocial-noticias.com\/wp\/wp-content\/uploads\/2017\/08\/2017-08-08_02-08-56___2069.jpg","datePublished":"2017-08-08T22:00:05+00:00","author":{"@id":"https:\/\/laredsocial-noticias.com\/wp\/#\/schema\/person\/0ce78643f2de7aae6f6ef10e8453a6e0"},"breadcrumb":{"@id":"https:\/\/laredsocial-noticias.com\/wp\/franklin-tocaria-tierra-el-jueves-en-costas-del-golfo-de-mexico\/#breadcrumb"},"inLanguage":"es","potentialAction":[{"@type":"ReadAction","target":["https:\/\/laredsocial-noticias.com\/wp\/franklin-tocaria-tierra-el-jueves-en-costas-del-golfo-de-mexico\/"]}]},{"@type":"ImageObject","inLanguage":"es","@id":"https:\/\/laredsocial-noticias.com\/wp\/franklin-tocaria-tierra-el-jueves-en-costas-del-golfo-de-mexico\/#primaryimage","url":"","contentUrl":""},{"@type":"BreadcrumbList","@id":"https:\/\/laredsocial-noticias.com\/wp\/franklin-tocaria-tierra-el-jueves-en-costas-del-golfo-de-mexico\/#breadcrumb","itemListElement":[{"@type":"ListItem","position":1,"name":"Portada","item":"https:\/\/laredsocial-noticias.com\/wp\/"},{"@type":"ListItem","position":2,"name":"Franklin tocar\u00eda tierra el jueves en costas del Golfo de M\u00e9xico"}]},{"@type":"WebSite","@id":"https:\/\/laredsocial-noticias.com\/wp\/#website","url":"https:\/\/laredsocial-noticias.com\/wp\/","name":"NOTICIAS","description":"Lo que se ve y se dice en las redes sociales","potentialAction":[{"@type":"SearchAction","target":{"@type":"EntryPoint","urlTemplate":"https:\/\/laredsocial-noticias.com\/wp\/?s={search_term_string}"},"query-input":{"@type":"PropertyValueSpecification","valueRequired":true,"valueName":"search_term_string"}}],"inLanguage":"es"},{"@type":"Person","@id":"https:\/\/laredsocial-noticias.com\/wp\/#\/schema\/person\/0ce78643f2de7aae6f6ef10e8453a6e0","name":"Editor en Jefe","url":"https:\/\/laredsocial-noticias.com\/wp\/author\/jorgeochoa\/"}]}},"_links":{"self":[{"href":"https:\/\/laredsocial-noticias.com\/wp\/wp-json\/wp\/v2\/posts\/75698","targetHints":{"allow":["GET"]}}],"collection":[{"href":"https:\/\/laredsocial-noticias.com\/wp\/wp-json\/wp\/v2\/posts"}],"about":[{"href":"https:\/\/laredsocial-noticias.com\/wp\/wp-json\/wp\/v2\/types\/post"}],"author":[{"embeddable":true,"href":"https:\/\/laredsocial-noticias.com\/wp\/wp-json\/wp\/v2\/users\/1"}],"replies":[{"embeddable":true,"href":"https:\/\/laredsocial-noticias.com\/wp\/wp-json\/wp\/v2\/comments?post=75698"}],"version-history":[{"count":1,"href":"https:\/\/laredsocial-noticias.com\/wp\/wp-json\/wp\/v2\/posts\/75698\/revisions"}],"predecessor-version":[{"id":75700,"href":"https:\/\/laredsocial-noticias.com\/wp\/wp-json\/wp\/v2\/posts\/75698\/revisions\/75700"}],"wp:attachment":[{"href":"https:\/\/laredsocial-noticias.com\/wp\/wp-json\/wp\/v2\/media?parent=75698"}],"wp:term":[{"taxonomy":"category","embeddable":true,"href":"https:\/\/laredsocial-noticias.com\/wp\/wp-json\/wp\/v2\/categories?post=75698"},{"taxonomy":"post_tag","embeddable":true,"href":"https:\/\/laredsocial-noticias.com\/wp\/wp-json\/wp\/v2\/tags?post=75698"}],"curies":[{"name":"wp","href":"https:\/\/api.w.org\/{rel}","templated":true}]}}