{"id":7577,"date":"2016-04-29T13:45:57","date_gmt":"2016-04-29T18:45:57","guid":{"rendered":"http:\/\/laredsocial-noticias.com\/wp\/?p=7577"},"modified":"2016-04-29T13:31:36","modified_gmt":"2016-04-29T18:31:36","slug":"en-sonora-55-mil-ninas-ninos-y-adolescentes-trabajan","status":"publish","type":"post","link":"https:\/\/laredsocial-noticias.com\/wp\/en-sonora-55-mil-ninas-ninos-y-adolescentes-trabajan\/","title":{"rendered":"En Sonora 55 mil ni\u00f1as, ni\u00f1os y adolescentes trabajan"},"content":{"rendered":"<p><strong>HERMOSILLO, 29 de abril (C\u00cdRCULO DIGITAL).-\u00a0<\/strong>El Instituto Nacional de Estad\u00edstica e Inform\u00e1tica (INEGI) indic\u00f3 que en Sonora 7.7 por ciento de la poblaci\u00f3n de 5 a 17 a\u00f1os de edad, equivalente a 55 mil ni\u00f1as, ni\u00f1os y adolescentes, realizan una actividad econ\u00f3mica.<\/p>\n<p>Con motivo del D\u00eda del Ni\u00f1o y la Ni\u00f1a, que se celebra este 30 de abril, el INEGI realiz\u00f3 un reporte en el que se\u00f1ala que en Sonora el M\u00f3dulo de Trabajo Infantil (MTI) muestra la tasa de ocupaci\u00f3n de este segmento de la poblaci\u00f3n.<\/p>\n<p>De los 55 mil infantes que laboran en la entidad 64.4 por ciento son ni\u00f1os y el 35.6 por ciento son ni\u00f1as, de acuerdo con los \u00faltimos datos recabados en el a\u00f1o 2013.<\/p>\n<p>Anteriormente, en 2011, se contabilizaban 46 mil ni\u00f1as, ni\u00f1os y adolescentes en esta situaci\u00f3n, equivalentes al 6.9 por ciento de la poblaci\u00f3n, mientras que en el a\u00f1o 2009 fue de 42 mil menores, es decir el 6.5 por ciento de menores entre cinco y 17 a\u00f1os.<\/p>\n<p>Entre 2007 y 2013 se reporta un aumento de nueve mil 181 ni\u00f1as, ni\u00f1os y adolescentes desempe\u00f1ando alguna actividad econ\u00f3mica, pasando de 46 mil a 55 mil.<\/p>\n<p>Por sexo, actualmente la tasa de ocupaci\u00f3n en la poblaci\u00f3n infantil de Sonora es de 9.6 por cada cien ni\u00f1os y para las mujeres es de 5.7 por cada cien ni\u00f1as.<\/p>\n<p>Del total de ni\u00f1as, ni\u00f1os y adolescentes ocupados entre los cinco y 17 a\u00f1os, el 9.9 por ciento tienen de cinco a 11 a\u00f1os, en tanto que el 14.8 por ciento son adolescentes de 12 a 14 a\u00f1os.<\/p>\n<p>La participaci\u00f3n en actividades econ\u00f3micas se presenta mayormente en el grupo de adolescentes de 15 a 17 a\u00f1os, con el 75.3 por ciento, mientras que el 24.7 por ciento tiene menos de 15 a\u00f1os, edad m\u00ednima de admisi\u00f3n al empleo.<\/p>\n<p>Por otra parte, el INEGI refiri\u00f3 que, con datos del 2015, en Sonora habitaban 936 mil ni\u00f1as, ni\u00f1os y adolescentes de cero a 17 a\u00f1os, es decir, uno de cada tres residentes ten\u00eda menos de 18 a\u00f1os.<\/p>\n<p>Conforme a los resultados de la Encuesta Intercensal 2015, en Sonora habitan 475 mil ni\u00f1as y ni\u00f1os de seis a 14 a\u00f1os, de los cuales el 2.8 por ciento no asiste a la escuela.<\/p>\n<p>El n\u00famero de ni\u00f1as y ni\u00f1os menores de cinco a\u00f1os ascienden a 252 mil, en tanto que 526 mil se encuentran en edad escolar de cinco a 14 a\u00f1os, en tanto que 157 mil son adolescentes de 15 a 17 a\u00f1os de edad.<\/p>\n<p>La mortalidad infantil en la entidad ha registrado un importante descenso en las \u00faltimas d\u00e9cadas, pues en 1970 mor\u00edan 61.3 menores de un a\u00f1o por cada mil nacimientos y en la actualidad la tasa estimada para el trienio 2011 a 2013 es de 18.0 fallecimientos.<\/p>\n<p>Por otra parte, de acuerdo con la Encuesta Nacional de la Din\u00e1mica Demogr\u00e1fica 2014, en Sonora el 2.0 por ciento de las personas menores de 18 a\u00f1os tienen discapacidad y 3.8 por ciento presenta limitaci\u00f3n para realizar alguna actividad de la vida cotidiana.<\/p>\n<p>En suma, el 5.8 por ciento de la poblaci\u00f3n infantil de Sonora tiene alguna dificultad para desarrollar su vida cotidiana de forma plena, puntualiz\u00f3 el INEGI en su reporte.<\/p>\n","protected":false},"excerpt":{"rendered":"<p>HERMOSILLO, 29 de abril (C\u00cdRCULO DIGITAL).-\u00a0El Instituto Nacional de Estad\u00edstica e Inform\u00e1tica (INEGI) indic\u00f3 que en Sonora 7.7 por ciento&#8230;<\/p>\n","protected":false},"author":1,"featured_media":0,"comment_status":"closed","ping_status":"closed","sticky":false,"template":"","format":"standard","meta":{"footnotes":""},"categories":[1796,73],"tags":[242,77],"class_list":["post-7577","post","type-post","status-publish","format-standard","hentry","category-circulodigital","category-principal","tag-estados","tag-principal"],"yoast_head":"<!-- This site is optimized with the Yoast SEO plugin v26.5 - https:\/\/yoast.com\/wordpress\/plugins\/seo\/ -->\n<title>En Sonora 55 mil ni\u00f1as, ni\u00f1os y adolescentes trabajan - NOTICIAS<\/title>\n<meta name=\"robots\" content=\"index, follow, max-snippet:-1, max-image-preview:large, max-video-preview:-1\" \/>\n<link rel=\"canonical\" href=\"https:\/\/laredsocial-noticias.com\/wp\/en-sonora-55-mil-ninas-ninos-y-adolescentes-trabajan\/\" \/>\n<meta property=\"og:locale\" content=\"es_ES\" \/>\n<meta property=\"og:type\" content=\"article\" \/>\n<meta property=\"og:title\" content=\"En Sonora 55 mil ni\u00f1as, ni\u00f1os y adolescentes trabajan - NOTICIAS\" \/>\n<meta property=\"og:description\" content=\"HERMOSILLO, 29 de abril (C\u00cdRCULO DIGITAL).-\u00a0El Instituto Nacional de Estad\u00edstica e Inform\u00e1tica (INEGI) indic\u00f3 que en Sonora 7.7 por ciento...\" \/>\n<meta property=\"og:url\" content=\"https:\/\/laredsocial-noticias.com\/wp\/en-sonora-55-mil-ninas-ninos-y-adolescentes-trabajan\/\" \/>\n<meta property=\"og:site_name\" content=\"NOTICIAS\" \/>\n<meta property=\"article:published_time\" content=\"2016-04-29T18:45:57+00:00\" \/>\n<meta name=\"author\" content=\"Editor en Jefe\" \/>\n<meta name=\"twitter:card\" content=\"summary_large_image\" \/>\n<meta name=\"twitter:label1\" content=\"Escrito por\" \/>\n\t<meta name=\"twitter:data1\" content=\"Editor en Jefe\" \/>\n\t<meta name=\"twitter:label2\" content=\"Tiempo de lectura\" \/>\n\t<meta name=\"twitter:data2\" content=\"3 minutos\" \/>\n<!-- \/ Yoast SEO plugin. -->","yoast_head_json":{"title":"En Sonora 55 mil ni\u00f1as, ni\u00f1os y adolescentes trabajan - NOTICIAS","robots":{"index":"index","follow":"follow","max-snippet":"max-snippet:-1","max-image-preview":"max-image-preview:large","max-video-preview":"max-video-preview:-1"},"canonical":"https:\/\/laredsocial-noticias.com\/wp\/en-sonora-55-mil-ninas-ninos-y-adolescentes-trabajan\/","og_locale":"es_ES","og_type":"article","og_title":"En Sonora 55 mil ni\u00f1as, ni\u00f1os y adolescentes trabajan - NOTICIAS","og_description":"HERMOSILLO, 29 de abril (C\u00cdRCULO DIGITAL).-\u00a0El Instituto Nacional de Estad\u00edstica e Inform\u00e1tica (INEGI) indic\u00f3 que en Sonora 7.7 por ciento...","og_url":"https:\/\/laredsocial-noticias.com\/wp\/en-sonora-55-mil-ninas-ninos-y-adolescentes-trabajan\/","og_site_name":"NOTICIAS","article_published_time":"2016-04-29T18:45:57+00:00","author":"Editor en Jefe","twitter_card":"summary_large_image","twitter_misc":{"Escrito por":"Editor en Jefe","Tiempo de lectura":"3 minutos"},"schema":{"@context":"https:\/\/schema.org","@graph":[{"@type":"WebPage","@id":"https:\/\/laredsocial-noticias.com\/wp\/en-sonora-55-mil-ninas-ninos-y-adolescentes-trabajan\/","url":"https:\/\/laredsocial-noticias.com\/wp\/en-sonora-55-mil-ninas-ninos-y-adolescentes-trabajan\/","name":"En Sonora 55 mil ni\u00f1as, ni\u00f1os y adolescentes trabajan - NOTICIAS","isPartOf":{"@id":"https:\/\/laredsocial-noticias.com\/wp\/#website"},"datePublished":"2016-04-29T18:45:57+00:00","author":{"@id":"https:\/\/laredsocial-noticias.com\/wp\/#\/schema\/person\/0ce78643f2de7aae6f6ef10e8453a6e0"},"breadcrumb":{"@id":"https:\/\/laredsocial-noticias.com\/wp\/en-sonora-55-mil-ninas-ninos-y-adolescentes-trabajan\/#breadcrumb"},"inLanguage":"es","potentialAction":[{"@type":"ReadAction","target":["https:\/\/laredsocial-noticias.com\/wp\/en-sonora-55-mil-ninas-ninos-y-adolescentes-trabajan\/"]}]},{"@type":"BreadcrumbList","@id":"https:\/\/laredsocial-noticias.com\/wp\/en-sonora-55-mil-ninas-ninos-y-adolescentes-trabajan\/#breadcrumb","itemListElement":[{"@type":"ListItem","position":1,"name":"Portada","item":"https:\/\/laredsocial-noticias.com\/wp\/"},{"@type":"ListItem","position":2,"name":"En Sonora 55 mil ni\u00f1as, ni\u00f1os y adolescentes trabajan"}]},{"@type":"WebSite","@id":"https:\/\/laredsocial-noticias.com\/wp\/#website","url":"https:\/\/laredsocial-noticias.com\/wp\/","name":"NOTICIAS","description":"Lo que se ve y se dice en las redes sociales","potentialAction":[{"@type":"SearchAction","target":{"@type":"EntryPoint","urlTemplate":"https:\/\/laredsocial-noticias.com\/wp\/?s={search_term_string}"},"query-input":{"@type":"PropertyValueSpecification","valueRequired":true,"valueName":"search_term_string"}}],"inLanguage":"es"},{"@type":"Person","@id":"https:\/\/laredsocial-noticias.com\/wp\/#\/schema\/person\/0ce78643f2de7aae6f6ef10e8453a6e0","name":"Editor en Jefe","url":"https:\/\/laredsocial-noticias.com\/wp\/author\/jorgeochoa\/"}]}},"_links":{"self":[{"href":"https:\/\/laredsocial-noticias.com\/wp\/wp-json\/wp\/v2\/posts\/7577","targetHints":{"allow":["GET"]}}],"collection":[{"href":"https:\/\/laredsocial-noticias.com\/wp\/wp-json\/wp\/v2\/posts"}],"about":[{"href":"https:\/\/laredsocial-noticias.com\/wp\/wp-json\/wp\/v2\/types\/post"}],"author":[{"embeddable":true,"href":"https:\/\/laredsocial-noticias.com\/wp\/wp-json\/wp\/v2\/users\/1"}],"replies":[{"embeddable":true,"href":"https:\/\/laredsocial-noticias.com\/wp\/wp-json\/wp\/v2\/comments?post=7577"}],"version-history":[{"count":1,"href":"https:\/\/laredsocial-noticias.com\/wp\/wp-json\/wp\/v2\/posts\/7577\/revisions"}],"predecessor-version":[{"id":7578,"href":"https:\/\/laredsocial-noticias.com\/wp\/wp-json\/wp\/v2\/posts\/7577\/revisions\/7578"}],"wp:attachment":[{"href":"https:\/\/laredsocial-noticias.com\/wp\/wp-json\/wp\/v2\/media?parent=7577"}],"wp:term":[{"taxonomy":"category","embeddable":true,"href":"https:\/\/laredsocial-noticias.com\/wp\/wp-json\/wp\/v2\/categories?post=7577"},{"taxonomy":"post_tag","embeddable":true,"href":"https:\/\/laredsocial-noticias.com\/wp\/wp-json\/wp\/v2\/tags?post=7577"}],"curies":[{"name":"wp","href":"https:\/\/api.w.org\/{rel}","templated":true}]}}