{"id":76939,"date":"2017-08-22T17:45:50","date_gmt":"2017-08-22T22:45:50","guid":{"rendered":"http:\/\/laredsocial-noticias.com\/wp\/?p=76939"},"modified":"2017-08-22T17:45:50","modified_gmt":"2017-08-22T22:45:50","slug":"requiere-periodismo-proyectar-justicia-y-fortalecer-la-verdad","status":"publish","type":"post","link":"https:\/\/laredsocial-noticias.com\/wp\/requiere-periodismo-proyectar-justicia-y-fortalecer-la-verdad\/","title":{"rendered":"Requiere periodismo proyectar justicia y fortalecer la verdad"},"content":{"rendered":"<ul>\n<li><strong>Pretende ALDF reconocer al gremio respaldando e incentivando los trabajos m\u00e1s sobresalientes<\/strong><\/li>\n<\/ul>\n<p><strong>Por Guillermo Pimentel Balderas<\/strong><\/p>\n<p><a href=\"http:\/\/laredsocial-noticias.com\/wp\/fomentan-mismos-funcionarios-de-delegaciones-corrupcion-en-via-publica\/aldf-jurado-premio-periodistico\/\" rel=\"attachment wp-att-76930\"><img loading=\"lazy\" decoding=\"async\" class=\" wp-image-76930 alignright\" src=\"http:\/\/laredsocial-noticias.com\/wp\/wp-content\/uploads\/2017\/08\/ALDF.JURADO.PREMIO.PERIODISTICO-300x182.jpg\" alt=\"\" width=\"341\" height=\"207\" data-wp-pid=\"76930\" \/><\/a><\/p>\n<p>&nbsp;<\/p>\n<p>&nbsp;<\/p>\n<p>En el marco de una reuni\u00f3n, por momentos fr\u00eda y mon\u00f3tona, la Comisi\u00f3n Especial para Garantizar el Ejercicio Period\u00edstico en la Ciudad de M\u00e9xico, de la Asamblea Legislativa del Distrito Federal (ALDF), tom\u00f3 protesta al jurado que determinar\u00e1 a los ganadores de la Presea al M\u00e9rito Period\u00edstico.<\/p>\n<p>Entre lo m\u00e1s sobresaliente, fue la participaci\u00f3n de la designada como jurado, Francisca Robles, doctora en Ciencias de la Comunicaci\u00f3n por la Facultad de Ciencias Pol\u00edticas y Sociales de la Universidad Nacional Aut\u00f3noma de M\u00e9xico (UNAM), quien subray\u00f3: \u201cLas pr\u00e1cticas period\u00edsticas son indicadores de pr\u00e1cticas democr\u00e1ticas, por lo que es una obligaci\u00f3n mantener\u00a0las convicciones, expectativas y aspiraciones de los futuros periodistas, aspirando a tener justicia y fortalecer la verdad que el gremio requiere\u201d.<\/p>\n<p>Por su parte, Mar\u00eda Guadalupe L\u00f3pez Garc\u00eda, especialista de la Universidad Aut\u00f3noma Metropolitana (UAM), tambi\u00e9n integrante de este jurado, especific\u00f3 que al determinar a los galardonados es preciso hacer una elecci\u00f3n imparcial y sobre todo profesional.<\/p>\n<p>En tanto, \u00c1lvaro Delgado G\u00f3mez, de la revista Proceso, puntualiz\u00f3 que aunque se viven momentos dif\u00edciles en esta profesi\u00f3n es inaceptable guardar silencio ante actos de represi\u00f3n.<\/p>\n<p>El diputado Carlos Alfonso Candelaria L\u00f3pez, del Partido Encuentro Social (PES), quien tom\u00f3 protesta al jurado, dijo que la presea impulsa y reconoce al gremio respaldando e incentivando a los acreedores de los trabajos m\u00e1s sobresalientes.<\/p>\n<p>El legislador del partido Verde, Fernando Z\u00e1rate Salgado, indic\u00f3 que se trabajar\u00e1 en conjunto con la visi\u00f3n de recuperar la confianza en la libertad de expresi\u00f3n y en la libertad de prensa para contribuir al fortalecimiento de la Ciudad de M\u00e9xico.<\/p>\n<p>Aunado a ello, enfatiz\u00f3, \u201cel trabajo de este \u00f3rgano legislativo consiste en incluir los peque\u00f1os detalles y conductas que reflejen el valor del periodista\u201d.<\/p>\n<p>Cabe se\u00f1alar que el jurado tambi\u00e9n lo integran Manuel Jim\u00e9nez, maestro en Gobierno y Pol\u00edticas P\u00fablicas por la Universidad Panamericana, y Miguel \u00c1ngel Vel\u00e1zquez, columnista del peri\u00f3dico La Jornada.<\/p>\n","protected":false},"excerpt":{"rendered":"<p>Pretende ALDF reconocer al gremio respaldando e incentivando los trabajos m\u00e1s sobresalientes Por Guillermo Pimentel Balderas &nbsp; &nbsp; En el&#8230;<\/p>\n","protected":false},"author":10,"featured_media":0,"comment_status":"closed","ping_status":"open","sticky":false,"template":"","format":"standard","meta":{"footnotes":""},"categories":[2788],"tags":[2014,77],"class_list":["post-76939","post","type-post","status-publish","format-standard","hentry","category-aldf","tag-pes","tag-principal"],"yoast_head":"<!-- This site is optimized with the Yoast SEO plugin v26.5 - https:\/\/yoast.com\/wordpress\/plugins\/seo\/ -->\n<title>Requiere periodismo proyectar justicia y fortalecer la verdad - NOTICIAS<\/title>\n<meta name=\"robots\" content=\"index, follow, max-snippet:-1, max-image-preview:large, max-video-preview:-1\" \/>\n<link rel=\"canonical\" href=\"https:\/\/laredsocial-noticias.com\/wp\/requiere-periodismo-proyectar-justicia-y-fortalecer-la-verdad\/\" \/>\n<meta property=\"og:locale\" content=\"es_ES\" \/>\n<meta property=\"og:type\" content=\"article\" \/>\n<meta property=\"og:title\" content=\"Requiere periodismo proyectar justicia y fortalecer la verdad - NOTICIAS\" \/>\n<meta property=\"og:description\" content=\"Pretende ALDF reconocer al gremio respaldando e incentivando los trabajos m\u00e1s sobresalientes Por Guillermo Pimentel Balderas &nbsp; &nbsp; En el...\" \/>\n<meta property=\"og:url\" content=\"https:\/\/laredsocial-noticias.com\/wp\/requiere-periodismo-proyectar-justicia-y-fortalecer-la-verdad\/\" \/>\n<meta property=\"og:site_name\" content=\"NOTICIAS\" \/>\n<meta property=\"article:published_time\" content=\"2017-08-22T22:45:50+00:00\" \/>\n<meta property=\"og:image\" content=\"https:\/\/laredsocial-noticias.com\/wp\/wp-content\/uploads\/2017\/08\/ALDF.JURADO.PREMIO.PERIODISTICO.jpg\" \/>\n\t<meta property=\"og:image:width\" content=\"2503\" \/>\n\t<meta property=\"og:image:height\" content=\"1516\" \/>\n\t<meta property=\"og:image:type\" content=\"image\/jpeg\" \/>\n<meta name=\"author\" content=\"Guillermo Pimentel\" \/>\n<meta name=\"twitter:card\" content=\"summary_large_image\" \/>\n<meta name=\"twitter:label1\" content=\"Escrito por\" \/>\n\t<meta name=\"twitter:data1\" content=\"Guillermo Pimentel\" \/>\n\t<meta name=\"twitter:label2\" content=\"Tiempo de lectura\" \/>\n\t<meta name=\"twitter:data2\" content=\"2 minutos\" \/>\n<!-- \/ Yoast SEO plugin. -->","yoast_head_json":{"title":"Requiere periodismo proyectar justicia y fortalecer la verdad - NOTICIAS","robots":{"index":"index","follow":"follow","max-snippet":"max-snippet:-1","max-image-preview":"max-image-preview:large","max-video-preview":"max-video-preview:-1"},"canonical":"https:\/\/laredsocial-noticias.com\/wp\/requiere-periodismo-proyectar-justicia-y-fortalecer-la-verdad\/","og_locale":"es_ES","og_type":"article","og_title":"Requiere periodismo proyectar justicia y fortalecer la verdad - NOTICIAS","og_description":"Pretende ALDF reconocer al gremio respaldando e incentivando los trabajos m\u00e1s sobresalientes Por Guillermo Pimentel Balderas &nbsp; &nbsp; En el...","og_url":"https:\/\/laredsocial-noticias.com\/wp\/requiere-periodismo-proyectar-justicia-y-fortalecer-la-verdad\/","og_site_name":"NOTICIAS","article_published_time":"2017-08-22T22:45:50+00:00","og_image":[{"width":2503,"height":1516,"url":"https:\/\/laredsocial-noticias.com\/wp\/wp-content\/uploads\/2017\/08\/ALDF.JURADO.PREMIO.PERIODISTICO.jpg","type":"image\/jpeg"}],"author":"Guillermo Pimentel","twitter_card":"summary_large_image","twitter_misc":{"Escrito por":"Guillermo Pimentel","Tiempo de lectura":"2 minutos"},"schema":{"@context":"https:\/\/schema.org","@graph":[{"@type":"WebPage","@id":"https:\/\/laredsocial-noticias.com\/wp\/requiere-periodismo-proyectar-justicia-y-fortalecer-la-verdad\/","url":"https:\/\/laredsocial-noticias.com\/wp\/requiere-periodismo-proyectar-justicia-y-fortalecer-la-verdad\/","name":"Requiere periodismo proyectar justicia y fortalecer la verdad - NOTICIAS","isPartOf":{"@id":"https:\/\/laredsocial-noticias.com\/wp\/#website"},"primaryImageOfPage":{"@id":"https:\/\/laredsocial-noticias.com\/wp\/requiere-periodismo-proyectar-justicia-y-fortalecer-la-verdad\/#primaryimage"},"image":{"@id":"https:\/\/laredsocial-noticias.com\/wp\/requiere-periodismo-proyectar-justicia-y-fortalecer-la-verdad\/#primaryimage"},"thumbnailUrl":"http:\/\/laredsocial-noticias.com\/wp\/wp-content\/uploads\/2017\/08\/ALDF.JURADO.PREMIO.PERIODISTICO-300x182.jpg","datePublished":"2017-08-22T22:45:50+00:00","author":{"@id":"https:\/\/laredsocial-noticias.com\/wp\/#\/schema\/person\/9c09eb8c35c46dac6d30e2baff4b64d6"},"breadcrumb":{"@id":"https:\/\/laredsocial-noticias.com\/wp\/requiere-periodismo-proyectar-justicia-y-fortalecer-la-verdad\/#breadcrumb"},"inLanguage":"es","potentialAction":[{"@type":"ReadAction","target":["https:\/\/laredsocial-noticias.com\/wp\/requiere-periodismo-proyectar-justicia-y-fortalecer-la-verdad\/"]}]},{"@type":"ImageObject","inLanguage":"es","@id":"https:\/\/laredsocial-noticias.com\/wp\/requiere-periodismo-proyectar-justicia-y-fortalecer-la-verdad\/#primaryimage","url":"","contentUrl":""},{"@type":"BreadcrumbList","@id":"https:\/\/laredsocial-noticias.com\/wp\/requiere-periodismo-proyectar-justicia-y-fortalecer-la-verdad\/#breadcrumb","itemListElement":[{"@type":"ListItem","position":1,"name":"Portada","item":"https:\/\/laredsocial-noticias.com\/wp\/"},{"@type":"ListItem","position":2,"name":"Requiere periodismo proyectar justicia y fortalecer la verdad"}]},{"@type":"WebSite","@id":"https:\/\/laredsocial-noticias.com\/wp\/#website","url":"https:\/\/laredsocial-noticias.com\/wp\/","name":"NOTICIAS","description":"Lo que se ve y se dice en las redes sociales","potentialAction":[{"@type":"SearchAction","target":{"@type":"EntryPoint","urlTemplate":"https:\/\/laredsocial-noticias.com\/wp\/?s={search_term_string}"},"query-input":{"@type":"PropertyValueSpecification","valueRequired":true,"valueName":"search_term_string"}}],"inLanguage":"es"},{"@type":"Person","@id":"https:\/\/laredsocial-noticias.com\/wp\/#\/schema\/person\/9c09eb8c35c46dac6d30e2baff4b64d6","name":"Guillermo Pimentel","url":"https:\/\/laredsocial-noticias.com\/wp\/author\/guillermo\/"}]}},"_links":{"self":[{"href":"https:\/\/laredsocial-noticias.com\/wp\/wp-json\/wp\/v2\/posts\/76939","targetHints":{"allow":["GET"]}}],"collection":[{"href":"https:\/\/laredsocial-noticias.com\/wp\/wp-json\/wp\/v2\/posts"}],"about":[{"href":"https:\/\/laredsocial-noticias.com\/wp\/wp-json\/wp\/v2\/types\/post"}],"author":[{"embeddable":true,"href":"https:\/\/laredsocial-noticias.com\/wp\/wp-json\/wp\/v2\/users\/10"}],"replies":[{"embeddable":true,"href":"https:\/\/laredsocial-noticias.com\/wp\/wp-json\/wp\/v2\/comments?post=76939"}],"version-history":[{"count":1,"href":"https:\/\/laredsocial-noticias.com\/wp\/wp-json\/wp\/v2\/posts\/76939\/revisions"}],"predecessor-version":[{"id":76940,"href":"https:\/\/laredsocial-noticias.com\/wp\/wp-json\/wp\/v2\/posts\/76939\/revisions\/76940"}],"wp:attachment":[{"href":"https:\/\/laredsocial-noticias.com\/wp\/wp-json\/wp\/v2\/media?parent=76939"}],"wp:term":[{"taxonomy":"category","embeddable":true,"href":"https:\/\/laredsocial-noticias.com\/wp\/wp-json\/wp\/v2\/categories?post=76939"},{"taxonomy":"post_tag","embeddable":true,"href":"https:\/\/laredsocial-noticias.com\/wp\/wp-json\/wp\/v2\/tags?post=76939"}],"curies":[{"name":"wp","href":"https:\/\/api.w.org\/{rel}","templated":true}]}}