{"id":78867,"date":"2017-09-19T08:02:33","date_gmt":"2017-09-19T13:02:33","guid":{"rendered":"http:\/\/laredsocial-noticias.com\/wp\/?p=78867"},"modified":"2017-09-19T08:14:22","modified_gmt":"2017-09-19T13:14:22","slug":"riesgo-latente-de-huracan-financiero-en-mexico-admiten-meade-y-carstens","status":"publish","type":"post","link":"https:\/\/laredsocial-noticias.com\/wp\/riesgo-latente-de-huracan-financiero-en-mexico-admiten-meade-y-carstens\/","title":{"rendered":"Riesgo latente de hurac\u00e1n financiero en M\u00e9xico, admiten Meade y Carstens"},"content":{"rendered":"<p><img loading=\"lazy\" decoding=\"async\" class=\"alignleft wp-image-45332 size-medium\" src=\"http:\/\/laredsocial-noticias.com\/wp\/wp-content\/uploads\/2017\/01\/Jos\u00e9-Antonio-Meade-300x183.jpg\" alt=\"\" width=\"300\" height=\"183\" data-wp-pid=\"45332\" \/>Ciudad de M\u00e9xico 19\/09\/17.-\u00a0El Consejo de Estabilidad del Sistema Financiero de M\u00e9xico asever\u00f3 este lunes, que estar\u00e1 atento a la evoluci\u00f3n de los riesgos derivados de la tensi\u00f3n geopol\u00edtica, la normalizaci\u00f3n de la pol\u00edtica monetaria en Estados Unidos y por las posibles dificultades que se presenten en el proceso de modernizaci\u00f3n del Tratado de Libre Comercio de Am\u00e9rica del Norte (TLCAN).<\/p>\n<p>El Consejo, que preside el secretario de Hacienda y Cr\u00e9dito P\u00fablico, Jos\u00e9 Antonio Meade, y el gobernador del Banco de M\u00e9xico, Agust\u00edn Carstens, explic\u00f3 que a pesar de la evoluci\u00f3n favorable de la econom\u00eda y los mercados financieros nacionales, estos siguen enfrentando riesgos.<\/p>\n<p>De ah\u00ed que, \u201cante la complejidad del entorno internacional, existe la posibilidad de que se presenten nuevos episodios de elevada volatilidad financiera\u201d, se dio a conocer en un comunicado.<\/p>\n<p>No obstante esta advertencia, se indic\u00f3 que el an\u00e1lisis mostr\u00f3 que \u201clas instituciones bancarias en general, tienen capacidad para hacer frente a la materializaci\u00f3n de riesgos\u201d.<\/p>\n<p><img loading=\"lazy\" decoding=\"async\" class=\"alignleft wp-image-25087 size-medium\" src=\"http:\/\/laredsocial-noticias.com\/wp\/wp-content\/uploads\/2016\/08\/pcarstens300514-300x199.jpg\" alt=\"\" width=\"300\" height=\"199\" data-wp-pid=\"25087\" \/>Mientras que el Consejo tomar\u00e1 las acciones que les correspondan de conformidad con sus atribuciones, y de esa forma evitar un desanclaje del marco macroecon\u00f3mico.<\/p>\n<p>Los integrantes del Consejo de Estabilidad coincidieron en que la actividad econ\u00f3mica global ha continuado mejorando, aunque de manera moderada, tanto en las econom\u00edas avanzadas como en las emergentes.<\/p>\n<p>Insistieron que persisten riesgos, entre los que figuran una normalizaci\u00f3n de las pol\u00edticas monetarias en las econom\u00edas avanzadas m\u00e1s acelerada de lo previsto, la incertidumbre sobre las pol\u00edticas econ\u00f3micas del gobierno de los Estados Unidos, la posibilidad de mayores posturas proteccionistas alrededor del mundo y la presencia de importantes riesgos geopol\u00edticos.<\/p>\n<p><a href=\"http:\/\/diputadospes.mx\/\" target=\"_blank\" rel=\"noopener\"><img loading=\"lazy\" decoding=\"async\" class=\"alignleft size-full wp-image-78324\" src=\"http:\/\/laredsocial-noticias.com\/wp\/wp-content\/uploads\/2017\/09\/BANER.gif\" alt=\"\" width=\"300\" height=\"250\" data-wp-pid=\"78324\" \/><\/a><\/p>\n<p>En cuanto al desempe\u00f1o de los mercados financieros nacionales, \u00e9stos han mostrado una menor volatilidad en concordancia con los mercados financieros internacionales.<\/p>\n<p>&nbsp;<\/p>\n<p>\u201cLa permanencia de tasas de inter\u00e9s en niveles hist\u00f3ricamente bajos en las econom\u00edas avanzadas, aunada a la perspectiva de que el proceso de normalizaci\u00f3n monetaria ser\u00e1 gradual y ordenado ha generado un mayor apetito por riesgo entre los inversionistas internacionales\u201d, se indic\u00f3 en el comunicado.<\/p>\n<p>De esta forma, se dijo que en comparaci\u00f3n con lo acontecido a finales de 2016 y principios del a\u00f1o en curso, los precios de los activos nacionales han tenido un desempe\u00f1o favorable y las condiciones de operaci\u00f3n de los mercados internos han mejorado.<\/p>\n<p>Por lo que respecta al mercado cambiario, la volatilidad de la cotizaci\u00f3n de la moneda nacional ha disminuido y el peso mexicano ha registrado una apreciaci\u00f3n importante e incluso ha llegado a ubicarse en niveles no observados desde el segundo trimestre de 2016.<\/p>\n<p>El Consejo indic\u00f3 que entre los factores que han coadyuvado a la evoluci\u00f3n favorable del tipo de cambio figuran las acciones de pol\u00edtica monetaria implementadas por el Banco de M\u00e9xico; los esfuerzos de consolidaci\u00f3n fiscal llevados a cabo por Hacienda (SHCP) y que se refuerzan con el paquete econ\u00f3mico para 2018 recientemente presentado al Legislativo.<\/p>\n<p>As\u00ed como el avance en las rondas de renegociaci\u00f3n del Tratado de Libre Comercio para Am\u00e9rica del Norte (TLCAN), y el entorno internacional que ha favorecido un proceso de b\u00fasqueda de rendimientos entre los inversionistas.<\/p>\n<p>En el entorno descrito, la econom\u00eda mexicana ha seguido expandi\u00e9ndose, impulsada por la recuperaci\u00f3n de las exportaciones y la trayectoria positiva del consumo.<\/p>\n<p>Los pron\u00f3sticos de crecimiento por parte de las autoridades econ\u00f3micas, los organismos internacionales y los analistas del sector privado se han venido ajustando al alza.<\/p>\n<p>Y en cuanto al sistema financiero, el cr\u00e9dito ha continuado expandi\u00e9ndose, si bien a un ritmo menor al que se observ\u00f3 en a\u00f1os previos.<\/p>\n","protected":false},"excerpt":{"rendered":"<p>Ciudad de M\u00e9xico 19\/09\/17.-\u00a0El Consejo de Estabilidad del Sistema Financiero de M\u00e9xico asever\u00f3 este lunes, que estar\u00e1 atento a la&#8230;<\/p>\n","protected":false},"author":1,"featured_media":0,"comment_status":"closed","ping_status":"open","sticky":false,"template":"","format":"standard","meta":{"footnotes":""},"categories":[1996],"tags":[],"class_list":["post-78867","post","type-post","status-publish","format-standard","hentry","category-finanzas"],"yoast_head":"<!-- This site is optimized with the Yoast SEO plugin v26.5 - https:\/\/yoast.com\/wordpress\/plugins\/seo\/ -->\n<title>Riesgo latente de hurac\u00e1n financiero en M\u00e9xico, admiten Meade y Carstens - NOTICIAS<\/title>\n<meta name=\"robots\" content=\"index, follow, max-snippet:-1, max-image-preview:large, max-video-preview:-1\" \/>\n<link rel=\"canonical\" href=\"https:\/\/laredsocial-noticias.com\/wp\/riesgo-latente-de-huracan-financiero-en-mexico-admiten-meade-y-carstens\/\" \/>\n<meta property=\"og:locale\" content=\"es_ES\" \/>\n<meta property=\"og:type\" content=\"article\" \/>\n<meta property=\"og:title\" content=\"Riesgo latente de hurac\u00e1n financiero en M\u00e9xico, admiten Meade y Carstens - NOTICIAS\" \/>\n<meta property=\"og:description\" content=\"Ciudad de M\u00e9xico 19\/09\/17.-\u00a0El Consejo de Estabilidad del Sistema Financiero de M\u00e9xico asever\u00f3 este lunes, que estar\u00e1 atento a la...\" \/>\n<meta property=\"og:url\" content=\"https:\/\/laredsocial-noticias.com\/wp\/riesgo-latente-de-huracan-financiero-en-mexico-admiten-meade-y-carstens\/\" \/>\n<meta property=\"og:site_name\" content=\"NOTICIAS\" \/>\n<meta property=\"article:published_time\" content=\"2017-09-19T13:02:33+00:00\" \/>\n<meta property=\"article:modified_time\" content=\"2017-09-19T13:14:22+00:00\" \/>\n<meta property=\"og:image\" content=\"https:\/\/laredsocial-noticias.com\/wp\/wp-content\/uploads\/2017\/07\/pMeade-Cuerpodiplomatico.jpg\" \/>\n\t<meta property=\"og:image:width\" content=\"600\" \/>\n\t<meta property=\"og:image:height\" content=\"397\" \/>\n\t<meta property=\"og:image:type\" content=\"image\/jpeg\" \/>\n<meta name=\"author\" content=\"Editor en Jefe\" \/>\n<meta name=\"twitter:card\" content=\"summary_large_image\" \/>\n<meta name=\"twitter:label1\" content=\"Escrito por\" \/>\n\t<meta name=\"twitter:data1\" content=\"Editor en Jefe\" \/>\n\t<meta name=\"twitter:label2\" content=\"Tiempo de lectura\" \/>\n\t<meta name=\"twitter:data2\" content=\"3 minutos\" \/>\n<!-- \/ Yoast SEO plugin. -->","yoast_head_json":{"title":"Riesgo latente de hurac\u00e1n financiero en M\u00e9xico, admiten Meade y Carstens - NOTICIAS","robots":{"index":"index","follow":"follow","max-snippet":"max-snippet:-1","max-image-preview":"max-image-preview:large","max-video-preview":"max-video-preview:-1"},"canonical":"https:\/\/laredsocial-noticias.com\/wp\/riesgo-latente-de-huracan-financiero-en-mexico-admiten-meade-y-carstens\/","og_locale":"es_ES","og_type":"article","og_title":"Riesgo latente de hurac\u00e1n financiero en M\u00e9xico, admiten Meade y Carstens - NOTICIAS","og_description":"Ciudad de M\u00e9xico 19\/09\/17.-\u00a0El Consejo de Estabilidad del Sistema Financiero de M\u00e9xico asever\u00f3 este lunes, que estar\u00e1 atento a la...","og_url":"https:\/\/laredsocial-noticias.com\/wp\/riesgo-latente-de-huracan-financiero-en-mexico-admiten-meade-y-carstens\/","og_site_name":"NOTICIAS","article_published_time":"2017-09-19T13:02:33+00:00","article_modified_time":"2017-09-19T13:14:22+00:00","og_image":[{"width":600,"height":397,"url":"https:\/\/laredsocial-noticias.com\/wp\/wp-content\/uploads\/2017\/07\/pMeade-Cuerpodiplomatico.jpg","type":"image\/jpeg"}],"author":"Editor en Jefe","twitter_card":"summary_large_image","twitter_misc":{"Escrito por":"Editor en Jefe","Tiempo de lectura":"3 minutos"},"schema":{"@context":"https:\/\/schema.org","@graph":[{"@type":"WebPage","@id":"https:\/\/laredsocial-noticias.com\/wp\/riesgo-latente-de-huracan-financiero-en-mexico-admiten-meade-y-carstens\/","url":"https:\/\/laredsocial-noticias.com\/wp\/riesgo-latente-de-huracan-financiero-en-mexico-admiten-meade-y-carstens\/","name":"Riesgo latente de hurac\u00e1n financiero en M\u00e9xico, admiten Meade y Carstens - NOTICIAS","isPartOf":{"@id":"https:\/\/laredsocial-noticias.com\/wp\/#website"},"primaryImageOfPage":{"@id":"https:\/\/laredsocial-noticias.com\/wp\/riesgo-latente-de-huracan-financiero-en-mexico-admiten-meade-y-carstens\/#primaryimage"},"image":{"@id":"https:\/\/laredsocial-noticias.com\/wp\/riesgo-latente-de-huracan-financiero-en-mexico-admiten-meade-y-carstens\/#primaryimage"},"thumbnailUrl":"http:\/\/laredsocial-noticias.com\/wp\/wp-content\/uploads\/2016\/08\/pcarstens300514-300x199.jpg","datePublished":"2017-09-19T13:02:33+00:00","dateModified":"2017-09-19T13:14:22+00:00","author":{"@id":"https:\/\/laredsocial-noticias.com\/wp\/#\/schema\/person\/0ce78643f2de7aae6f6ef10e8453a6e0"},"breadcrumb":{"@id":"https:\/\/laredsocial-noticias.com\/wp\/riesgo-latente-de-huracan-financiero-en-mexico-admiten-meade-y-carstens\/#breadcrumb"},"inLanguage":"es","potentialAction":[{"@type":"ReadAction","target":["https:\/\/laredsocial-noticias.com\/wp\/riesgo-latente-de-huracan-financiero-en-mexico-admiten-meade-y-carstens\/"]}]},{"@type":"ImageObject","inLanguage":"es","@id":"https:\/\/laredsocial-noticias.com\/wp\/riesgo-latente-de-huracan-financiero-en-mexico-admiten-meade-y-carstens\/#primaryimage","url":"","contentUrl":""},{"@type":"BreadcrumbList","@id":"https:\/\/laredsocial-noticias.com\/wp\/riesgo-latente-de-huracan-financiero-en-mexico-admiten-meade-y-carstens\/#breadcrumb","itemListElement":[{"@type":"ListItem","position":1,"name":"Portada","item":"https:\/\/laredsocial-noticias.com\/wp\/"},{"@type":"ListItem","position":2,"name":"Riesgo latente de hurac\u00e1n financiero en M\u00e9xico, admiten Meade y Carstens"}]},{"@type":"WebSite","@id":"https:\/\/laredsocial-noticias.com\/wp\/#website","url":"https:\/\/laredsocial-noticias.com\/wp\/","name":"NOTICIAS","description":"Lo que se ve y se dice en las redes sociales","potentialAction":[{"@type":"SearchAction","target":{"@type":"EntryPoint","urlTemplate":"https:\/\/laredsocial-noticias.com\/wp\/?s={search_term_string}"},"query-input":{"@type":"PropertyValueSpecification","valueRequired":true,"valueName":"search_term_string"}}],"inLanguage":"es"},{"@type":"Person","@id":"https:\/\/laredsocial-noticias.com\/wp\/#\/schema\/person\/0ce78643f2de7aae6f6ef10e8453a6e0","name":"Editor en Jefe","url":"https:\/\/laredsocial-noticias.com\/wp\/author\/jorgeochoa\/"}]}},"_links":{"self":[{"href":"https:\/\/laredsocial-noticias.com\/wp\/wp-json\/wp\/v2\/posts\/78867","targetHints":{"allow":["GET"]}}],"collection":[{"href":"https:\/\/laredsocial-noticias.com\/wp\/wp-json\/wp\/v2\/posts"}],"about":[{"href":"https:\/\/laredsocial-noticias.com\/wp\/wp-json\/wp\/v2\/types\/post"}],"author":[{"embeddable":true,"href":"https:\/\/laredsocial-noticias.com\/wp\/wp-json\/wp\/v2\/users\/1"}],"replies":[{"embeddable":true,"href":"https:\/\/laredsocial-noticias.com\/wp\/wp-json\/wp\/v2\/comments?post=78867"}],"version-history":[{"count":3,"href":"https:\/\/laredsocial-noticias.com\/wp\/wp-json\/wp\/v2\/posts\/78867\/revisions"}],"predecessor-version":[{"id":78870,"href":"https:\/\/laredsocial-noticias.com\/wp\/wp-json\/wp\/v2\/posts\/78867\/revisions\/78870"}],"wp:attachment":[{"href":"https:\/\/laredsocial-noticias.com\/wp\/wp-json\/wp\/v2\/media?parent=78867"}],"wp:term":[{"taxonomy":"category","embeddable":true,"href":"https:\/\/laredsocial-noticias.com\/wp\/wp-json\/wp\/v2\/categories?post=78867"},{"taxonomy":"post_tag","embeddable":true,"href":"https:\/\/laredsocial-noticias.com\/wp\/wp-json\/wp\/v2\/tags?post=78867"}],"curies":[{"name":"wp","href":"https:\/\/api.w.org\/{rel}","templated":true}]}}