{"id":80541,"date":"2017-10-15T12:07:34","date_gmt":"2017-10-15T17:07:34","guid":{"rendered":"http:\/\/laredsocial-noticias.com\/wp\/?p=80541"},"modified":"2017-10-15T12:07:34","modified_gmt":"2017-10-15T17:07:34","slug":"se-creara-un-fondo-de-reconstruccion-para-que-se-pueda-fiscalizar-y-la-ayuda-llegue-integra-a-los-damnificados-cortes-mendoza","status":"publish","type":"post","link":"https:\/\/laredsocial-noticias.com\/wp\/se-creara-un-fondo-de-reconstruccion-para-que-se-pueda-fiscalizar-y-la-ayuda-llegue-integra-a-los-damnificados-cortes-mendoza\/","title":{"rendered":"Se crear\u00e1 un fondo de reconstrucci\u00f3n para que se pueda fiscalizar y la ayuda llegue \u00edntegra a los damnificados: Cort\u00e9s Mendoza"},"content":{"rendered":"<p><strong>Por Juan R. Hern\u00e1ndez<\/strong><\/p>\n<p>Apoyamos la propuesta del Comit\u00e9 de Participaci\u00f3n Ciudadana del Sistema Nacional Anticorrupci\u00f3n para crear un Fondo \u00danico de Reconstrucci\u00f3n, a fin de que la ayuda llegue de manera \u00edntegra, directa e inmediata pero al mismo tiempo para que tambi\u00e9n pueda ser fiscalizado cada peso que se va a gastar, afirm\u00f3 el Presidente de la Junta de Coordinaci\u00f3n Pol\u00edtica de la C\u00e1mara de Diputados (JUCOPO), Marko Cort\u00e9s Mendoza.<\/p>\n<p>En entrevista, el tambi\u00e9n coordinador de la bancada PAN , quien precis\u00f3 que ese Fondo \u00danico se conformar\u00eda con los recursos p\u00fablicos destinados a la reconstrucci\u00f3n, as\u00ed como por toda la ayuda nacional e internacional que han mandado o comprometido organismos privados y personalidades del deporte, del cine y la cultura.<\/p>\n<p>\u201cYa ha pasado el tiempo suficiente como para que el Gobierno tenga una respuesta bien estructurada, pero lo que estamos viendo es que la ayuda sigue sin llegar de manera adecuada a los afectados sino que, por el contrario, se escuchan ocurrencias como la organizaci\u00f3n de \u201ctandas\u201d para la adquisici\u00f3n de viviendas, las cuales se deben evitar\u201d, coment\u00f3.<\/p>\n<p>EI Presidente de la JUCOPO advirti\u00f3 que los medios de comunicaci\u00f3n han comenzado a exhibir que, en las zonas afectadas por los sismos de septiembre, servidores p\u00fablicos llegan con los damnificados portando chalecos color rojo, como los que usa el PRI en campa\u00f1as, y ofrecen, \u201ca nombre del se\u00f1or Presidente\u201d las tarjetas con dinero del Fondo Nacional de Desastres.<\/p>\n<p>\u201cEn este sexenio del socav\u00f3n de la corrupci\u00f3n, advertimos que no vamos a permitir que el PRI-gobierno utilice a los damnificados de los sismos para sus prop\u00f3sitos electorales y le exigimos la integraci\u00f3n de un Comit\u00e9 Ciudadano encargado de vigilar los recursos donados para la reconstrucci\u00f3n sin fines partidistas\u201d, a\u00f1adi\u00f3.<\/p>\n<p>La conformaci\u00f3n de Fondo \u00danico de Reconstrucci\u00f3n es urgente para que organice, con reglas claras y vigilancia ciudadana. La distribuci\u00f3n de ayuda, las labores de reedificaci\u00f3n de viviendas y otros apoyos como la condonaci\u00f3n del Impuesto Predial y del Impuesto Sobre la Renta, para aumentar la oferta de viviendas en zonas donde se colapsaron por el terremoto, explic\u00f3 Cort\u00e9s Mendoza.<\/p>\n<p>\u201cInsistiremos en la absoluta transparencia de los recursos entregados a los damnificados. Desde ahora reprobamos cualquier intento de uso electoral por parte del PRI-Gobierno\u201d, concluy\u00f3 el coordinador de la bancada blanquiazul.<\/p>\n","protected":false},"excerpt":{"rendered":"<p>Por Juan R. Hern\u00e1ndez Apoyamos la propuesta del Comit\u00e9 de Participaci\u00f3n Ciudadana del Sistema Nacional Anticorrupci\u00f3n para crear un Fondo&#8230;<\/p>\n","protected":false},"author":15,"featured_media":0,"comment_status":"closed","ping_status":"open","sticky":false,"template":"","format":"standard","meta":{"footnotes":""},"categories":[389,73],"tags":[882,4600,608],"class_list":["post-80541","post","type-post","status-publish","format-standard","hentry","category-mexico","category-principal","tag-jucopo","tag-marko-cortes-mendoza","tag-pan"],"yoast_head":"<!-- This site is optimized with the Yoast SEO plugin v26.5 - https:\/\/yoast.com\/wordpress\/plugins\/seo\/ -->\n<title>Se crear\u00e1 un fondo de reconstrucci\u00f3n para que se pueda fiscalizar y la ayuda llegue \u00edntegra a los damnificados: Cort\u00e9s Mendoza - NOTICIAS<\/title>\n<meta name=\"robots\" content=\"index, follow, max-snippet:-1, max-image-preview:large, max-video-preview:-1\" \/>\n<link rel=\"canonical\" href=\"https:\/\/laredsocial-noticias.com\/wp\/se-creara-un-fondo-de-reconstruccion-para-que-se-pueda-fiscalizar-y-la-ayuda-llegue-integra-a-los-damnificados-cortes-mendoza\/\" \/>\n<meta property=\"og:locale\" content=\"es_ES\" \/>\n<meta property=\"og:type\" content=\"article\" \/>\n<meta property=\"og:title\" content=\"Se crear\u00e1 un fondo de reconstrucci\u00f3n para que se pueda fiscalizar y la ayuda llegue \u00edntegra a los damnificados: Cort\u00e9s Mendoza - NOTICIAS\" \/>\n<meta property=\"og:description\" content=\"Por Juan R. Hern\u00e1ndez Apoyamos la propuesta del Comit\u00e9 de Participaci\u00f3n Ciudadana del Sistema Nacional Anticorrupci\u00f3n para crear un Fondo...\" \/>\n<meta property=\"og:url\" content=\"https:\/\/laredsocial-noticias.com\/wp\/se-creara-un-fondo-de-reconstruccion-para-que-se-pueda-fiscalizar-y-la-ayuda-llegue-integra-a-los-damnificados-cortes-mendoza\/\" \/>\n<meta property=\"og:site_name\" content=\"NOTICIAS\" \/>\n<meta property=\"article:published_time\" content=\"2017-10-15T17:07:34+00:00\" \/>\n<meta property=\"og:image\" content=\"https:\/\/laredsocial-noticias.com\/wp\/wp-content\/uploads\/2017\/10\/Marko-Cortes.jpg\" \/>\n\t<meta property=\"og:image:width\" content=\"843\" \/>\n\t<meta property=\"og:image:height\" content=\"504\" \/>\n\t<meta property=\"og:image:type\" content=\"image\/jpeg\" \/>\n<meta name=\"author\" content=\"Juan Raymundo Hernandez\" \/>\n<meta name=\"twitter:card\" content=\"summary_large_image\" \/>\n<meta name=\"twitter:label1\" content=\"Escrito por\" \/>\n\t<meta name=\"twitter:data1\" content=\"Juan Raymundo Hernandez\" \/>\n\t<meta name=\"twitter:label2\" content=\"Tiempo de lectura\" \/>\n\t<meta name=\"twitter:data2\" content=\"2 minutos\" \/>\n<!-- \/ Yoast SEO plugin. -->","yoast_head_json":{"title":"Se crear\u00e1 un fondo de reconstrucci\u00f3n para que se pueda fiscalizar y la ayuda llegue \u00edntegra a los damnificados: Cort\u00e9s Mendoza - NOTICIAS","robots":{"index":"index","follow":"follow","max-snippet":"max-snippet:-1","max-image-preview":"max-image-preview:large","max-video-preview":"max-video-preview:-1"},"canonical":"https:\/\/laredsocial-noticias.com\/wp\/se-creara-un-fondo-de-reconstruccion-para-que-se-pueda-fiscalizar-y-la-ayuda-llegue-integra-a-los-damnificados-cortes-mendoza\/","og_locale":"es_ES","og_type":"article","og_title":"Se crear\u00e1 un fondo de reconstrucci\u00f3n para que se pueda fiscalizar y la ayuda llegue \u00edntegra a los damnificados: Cort\u00e9s Mendoza - NOTICIAS","og_description":"Por Juan R. Hern\u00e1ndez Apoyamos la propuesta del Comit\u00e9 de Participaci\u00f3n Ciudadana del Sistema Nacional Anticorrupci\u00f3n para crear un Fondo...","og_url":"https:\/\/laredsocial-noticias.com\/wp\/se-creara-un-fondo-de-reconstruccion-para-que-se-pueda-fiscalizar-y-la-ayuda-llegue-integra-a-los-damnificados-cortes-mendoza\/","og_site_name":"NOTICIAS","article_published_time":"2017-10-15T17:07:34+00:00","og_image":[{"width":843,"height":504,"url":"https:\/\/laredsocial-noticias.com\/wp\/wp-content\/uploads\/2017\/10\/Marko-Cortes.jpg","type":"image\/jpeg"}],"author":"Juan Raymundo Hernandez","twitter_card":"summary_large_image","twitter_misc":{"Escrito por":"Juan Raymundo Hernandez","Tiempo de lectura":"2 minutos"},"schema":{"@context":"https:\/\/schema.org","@graph":[{"@type":"WebPage","@id":"https:\/\/laredsocial-noticias.com\/wp\/se-creara-un-fondo-de-reconstruccion-para-que-se-pueda-fiscalizar-y-la-ayuda-llegue-integra-a-los-damnificados-cortes-mendoza\/","url":"https:\/\/laredsocial-noticias.com\/wp\/se-creara-un-fondo-de-reconstruccion-para-que-se-pueda-fiscalizar-y-la-ayuda-llegue-integra-a-los-damnificados-cortes-mendoza\/","name":"Se crear\u00e1 un fondo de reconstrucci\u00f3n para que se pueda fiscalizar y la ayuda llegue \u00edntegra a los damnificados: Cort\u00e9s Mendoza - NOTICIAS","isPartOf":{"@id":"https:\/\/laredsocial-noticias.com\/wp\/#website"},"datePublished":"2017-10-15T17:07:34+00:00","author":{"@id":"https:\/\/laredsocial-noticias.com\/wp\/#\/schema\/person\/ef87465aef7eca376539490cfb6ab6dc"},"breadcrumb":{"@id":"https:\/\/laredsocial-noticias.com\/wp\/se-creara-un-fondo-de-reconstruccion-para-que-se-pueda-fiscalizar-y-la-ayuda-llegue-integra-a-los-damnificados-cortes-mendoza\/#breadcrumb"},"inLanguage":"es","potentialAction":[{"@type":"ReadAction","target":["https:\/\/laredsocial-noticias.com\/wp\/se-creara-un-fondo-de-reconstruccion-para-que-se-pueda-fiscalizar-y-la-ayuda-llegue-integra-a-los-damnificados-cortes-mendoza\/"]}]},{"@type":"BreadcrumbList","@id":"https:\/\/laredsocial-noticias.com\/wp\/se-creara-un-fondo-de-reconstruccion-para-que-se-pueda-fiscalizar-y-la-ayuda-llegue-integra-a-los-damnificados-cortes-mendoza\/#breadcrumb","itemListElement":[{"@type":"ListItem","position":1,"name":"Portada","item":"https:\/\/laredsocial-noticias.com\/wp\/"},{"@type":"ListItem","position":2,"name":"Se crear\u00e1 un fondo de reconstrucci\u00f3n para que se pueda fiscalizar y la ayuda llegue \u00edntegra a los damnificados: Cort\u00e9s Mendoza"}]},{"@type":"WebSite","@id":"https:\/\/laredsocial-noticias.com\/wp\/#website","url":"https:\/\/laredsocial-noticias.com\/wp\/","name":"NOTICIAS","description":"Lo que se ve y se dice en las redes sociales","potentialAction":[{"@type":"SearchAction","target":{"@type":"EntryPoint","urlTemplate":"https:\/\/laredsocial-noticias.com\/wp\/?s={search_term_string}"},"query-input":{"@type":"PropertyValueSpecification","valueRequired":true,"valueName":"search_term_string"}}],"inLanguage":"es"},{"@type":"Person","@id":"https:\/\/laredsocial-noticias.com\/wp\/#\/schema\/person\/ef87465aef7eca376539490cfb6ab6dc","name":"Juan Raymundo Hernandez","url":"https:\/\/laredsocial-noticias.com\/wp\/author\/juanraymundohernandez\/"}]}},"_links":{"self":[{"href":"https:\/\/laredsocial-noticias.com\/wp\/wp-json\/wp\/v2\/posts\/80541","targetHints":{"allow":["GET"]}}],"collection":[{"href":"https:\/\/laredsocial-noticias.com\/wp\/wp-json\/wp\/v2\/posts"}],"about":[{"href":"https:\/\/laredsocial-noticias.com\/wp\/wp-json\/wp\/v2\/types\/post"}],"author":[{"embeddable":true,"href":"https:\/\/laredsocial-noticias.com\/wp\/wp-json\/wp\/v2\/users\/15"}],"replies":[{"embeddable":true,"href":"https:\/\/laredsocial-noticias.com\/wp\/wp-json\/wp\/v2\/comments?post=80541"}],"version-history":[{"count":1,"href":"https:\/\/laredsocial-noticias.com\/wp\/wp-json\/wp\/v2\/posts\/80541\/revisions"}],"predecessor-version":[{"id":80542,"href":"https:\/\/laredsocial-noticias.com\/wp\/wp-json\/wp\/v2\/posts\/80541\/revisions\/80542"}],"wp:attachment":[{"href":"https:\/\/laredsocial-noticias.com\/wp\/wp-json\/wp\/v2\/media?parent=80541"}],"wp:term":[{"taxonomy":"category","embeddable":true,"href":"https:\/\/laredsocial-noticias.com\/wp\/wp-json\/wp\/v2\/categories?post=80541"},{"taxonomy":"post_tag","embeddable":true,"href":"https:\/\/laredsocial-noticias.com\/wp\/wp-json\/wp\/v2\/tags?post=80541"}],"curies":[{"name":"wp","href":"https:\/\/api.w.org\/{rel}","templated":true}]}}