{"id":8113,"date":"2016-05-04T09:05:01","date_gmt":"2016-05-04T14:05:01","guid":{"rendered":"http:\/\/laredsocial-noticias.com\/wp\/?p=8113"},"modified":"2016-05-04T08:55:02","modified_gmt":"2016-05-04T13:55:02","slug":"autoridades-pronostican-que-bajara-la-contaminacion-para-esta-tarde","status":"publish","type":"post","link":"https:\/\/laredsocial-noticias.com\/wp\/autoridades-pronostican-que-bajara-la-contaminacion-para-esta-tarde\/","title":{"rendered":"Autoridades pronostican que bajar\u00e1 la contaminaci\u00f3n para esta tarde"},"content":{"rendered":"<p><strong>CUIDAD DE M\u00c9XICO, 4 de mayo (CDMX \/ C\u00cdRCULO DIGITAL).-\u00a0<\/strong>El coordinador ejecutivo de la Comisi\u00f3n Ambiental de la Megal\u00f3polis, Mart\u00edn Guti\u00e9rrez confi\u00f3 en que a pesar de que hoy amaneci\u00f3 muy contaminado el valle de M\u00e9xico, las condiciones ser\u00e1n favorables hacia la tarde-noche.<\/p>\n<p>\u201cEsperemos que esto se confirme, son pron\u00f3sticos del tiempo que cambian much\u00edsimo y estamos esperando a las 10 de la ma\u00f1ana hacer el primer recorte del d\u00eda para dar informaci\u00f3n a la ciudadan\u00eda y posteriormente a las 15:00 horas\u201d.<\/p>\n<p>En el programa Primero Noticias, dijo que analizar\u00e1n la situaci\u00f3n sobre todo despu\u00e9s de las 13:00 horas donde se van incrementando los picos de ozono, \u201cel llamado es estar atentos, necesitamos seguir protegiendo la salud de la poblaci\u00f3n, es un tema que no nos debe bajar la guardia y sobre todo estar informados\u201d, tanto en los medios de comunicaci\u00f3n como en la p\u00e1gina www.gob.mx\/comisionambiental.<\/p>\n<p>Pronostic\u00f3 que para ma\u00f1ana la calidad de aire ser\u00e1 m\u00e1s favorable, \u201cporque tendr\u00edamos mejor estacionalidad del frente fr\u00edo n\u00famero 60, nos dejar\u00eda m\u00e1s humedad, mas viento y con probabilidad de lluvia en el valle de M\u00e9xico\u201d.<\/p>\n<p>Coment\u00f3 que las medidas emergentes que se han tomado est\u00e1n controlando no s\u00f3lo los picos de contaminaci\u00f3n, sino evitando que la situaci\u00f3n sea peor.<\/p>\n","protected":false},"excerpt":{"rendered":"<p>CUIDAD DE M\u00c9XICO, 4 de mayo (CDMX \/ C\u00cdRCULO DIGITAL).-\u00a0El coordinador ejecutivo de la Comisi\u00f3n Ambiental de la Megal\u00f3polis, Mart\u00edn&#8230;<\/p>\n","protected":false},"author":1,"featured_media":0,"comment_status":"closed","ping_status":"closed","sticky":false,"template":"","format":"standard","meta":{"footnotes":""},"categories":[1796,73],"tags":[212,77],"class_list":["post-8113","post","type-post","status-publish","format-standard","hentry","category-circulodigital","category-principal","tag-metropoli","tag-principal"],"yoast_head":"<!-- This site is optimized with the Yoast SEO plugin v26.5 - https:\/\/yoast.com\/wordpress\/plugins\/seo\/ -->\n<title>Autoridades pronostican que bajar\u00e1 la contaminaci\u00f3n para esta tarde - NOTICIAS<\/title>\n<meta name=\"robots\" content=\"index, follow, max-snippet:-1, max-image-preview:large, max-video-preview:-1\" \/>\n<link rel=\"canonical\" href=\"https:\/\/laredsocial-noticias.com\/wp\/autoridades-pronostican-que-bajara-la-contaminacion-para-esta-tarde\/\" \/>\n<meta property=\"og:locale\" content=\"es_ES\" \/>\n<meta property=\"og:type\" content=\"article\" \/>\n<meta property=\"og:title\" content=\"Autoridades pronostican que bajar\u00e1 la contaminaci\u00f3n para esta tarde - NOTICIAS\" \/>\n<meta property=\"og:description\" content=\"CUIDAD DE M\u00c9XICO, 4 de mayo (CDMX \/ C\u00cdRCULO DIGITAL).-\u00a0El coordinador ejecutivo de la Comisi\u00f3n Ambiental de la Megal\u00f3polis, Mart\u00edn...\" \/>\n<meta property=\"og:url\" content=\"https:\/\/laredsocial-noticias.com\/wp\/autoridades-pronostican-que-bajara-la-contaminacion-para-esta-tarde\/\" \/>\n<meta property=\"og:site_name\" content=\"NOTICIAS\" \/>\n<meta property=\"article:published_time\" content=\"2016-05-04T14:05:01+00:00\" \/>\n<meta name=\"author\" content=\"Editor en Jefe\" \/>\n<meta name=\"twitter:card\" content=\"summary_large_image\" \/>\n<meta name=\"twitter:label1\" content=\"Escrito por\" \/>\n\t<meta name=\"twitter:data1\" content=\"Editor en Jefe\" \/>\n\t<meta name=\"twitter:label2\" content=\"Tiempo de lectura\" \/>\n\t<meta name=\"twitter:data2\" content=\"1 minuto\" \/>\n<!-- \/ Yoast SEO plugin. -->","yoast_head_json":{"title":"Autoridades pronostican que bajar\u00e1 la contaminaci\u00f3n para esta tarde - NOTICIAS","robots":{"index":"index","follow":"follow","max-snippet":"max-snippet:-1","max-image-preview":"max-image-preview:large","max-video-preview":"max-video-preview:-1"},"canonical":"https:\/\/laredsocial-noticias.com\/wp\/autoridades-pronostican-que-bajara-la-contaminacion-para-esta-tarde\/","og_locale":"es_ES","og_type":"article","og_title":"Autoridades pronostican que bajar\u00e1 la contaminaci\u00f3n para esta tarde - NOTICIAS","og_description":"CUIDAD DE M\u00c9XICO, 4 de mayo (CDMX \/ C\u00cdRCULO DIGITAL).-\u00a0El coordinador ejecutivo de la Comisi\u00f3n Ambiental de la Megal\u00f3polis, Mart\u00edn...","og_url":"https:\/\/laredsocial-noticias.com\/wp\/autoridades-pronostican-que-bajara-la-contaminacion-para-esta-tarde\/","og_site_name":"NOTICIAS","article_published_time":"2016-05-04T14:05:01+00:00","author":"Editor en Jefe","twitter_card":"summary_large_image","twitter_misc":{"Escrito por":"Editor en Jefe","Tiempo de lectura":"1 minuto"},"schema":{"@context":"https:\/\/schema.org","@graph":[{"@type":"WebPage","@id":"https:\/\/laredsocial-noticias.com\/wp\/autoridades-pronostican-que-bajara-la-contaminacion-para-esta-tarde\/","url":"https:\/\/laredsocial-noticias.com\/wp\/autoridades-pronostican-que-bajara-la-contaminacion-para-esta-tarde\/","name":"Autoridades pronostican que bajar\u00e1 la contaminaci\u00f3n para esta tarde - NOTICIAS","isPartOf":{"@id":"https:\/\/laredsocial-noticias.com\/wp\/#website"},"datePublished":"2016-05-04T14:05:01+00:00","author":{"@id":"https:\/\/laredsocial-noticias.com\/wp\/#\/schema\/person\/0ce78643f2de7aae6f6ef10e8453a6e0"},"breadcrumb":{"@id":"https:\/\/laredsocial-noticias.com\/wp\/autoridades-pronostican-que-bajara-la-contaminacion-para-esta-tarde\/#breadcrumb"},"inLanguage":"es","potentialAction":[{"@type":"ReadAction","target":["https:\/\/laredsocial-noticias.com\/wp\/autoridades-pronostican-que-bajara-la-contaminacion-para-esta-tarde\/"]}]},{"@type":"BreadcrumbList","@id":"https:\/\/laredsocial-noticias.com\/wp\/autoridades-pronostican-que-bajara-la-contaminacion-para-esta-tarde\/#breadcrumb","itemListElement":[{"@type":"ListItem","position":1,"name":"Portada","item":"https:\/\/laredsocial-noticias.com\/wp\/"},{"@type":"ListItem","position":2,"name":"Autoridades pronostican que bajar\u00e1 la contaminaci\u00f3n para esta tarde"}]},{"@type":"WebSite","@id":"https:\/\/laredsocial-noticias.com\/wp\/#website","url":"https:\/\/laredsocial-noticias.com\/wp\/","name":"NOTICIAS","description":"Lo que se ve y se dice en las redes sociales","potentialAction":[{"@type":"SearchAction","target":{"@type":"EntryPoint","urlTemplate":"https:\/\/laredsocial-noticias.com\/wp\/?s={search_term_string}"},"query-input":{"@type":"PropertyValueSpecification","valueRequired":true,"valueName":"search_term_string"}}],"inLanguage":"es"},{"@type":"Person","@id":"https:\/\/laredsocial-noticias.com\/wp\/#\/schema\/person\/0ce78643f2de7aae6f6ef10e8453a6e0","name":"Editor en Jefe","url":"https:\/\/laredsocial-noticias.com\/wp\/author\/jorgeochoa\/"}]}},"_links":{"self":[{"href":"https:\/\/laredsocial-noticias.com\/wp\/wp-json\/wp\/v2\/posts\/8113","targetHints":{"allow":["GET"]}}],"collection":[{"href":"https:\/\/laredsocial-noticias.com\/wp\/wp-json\/wp\/v2\/posts"}],"about":[{"href":"https:\/\/laredsocial-noticias.com\/wp\/wp-json\/wp\/v2\/types\/post"}],"author":[{"embeddable":true,"href":"https:\/\/laredsocial-noticias.com\/wp\/wp-json\/wp\/v2\/users\/1"}],"replies":[{"embeddable":true,"href":"https:\/\/laredsocial-noticias.com\/wp\/wp-json\/wp\/v2\/comments?post=8113"}],"version-history":[{"count":1,"href":"https:\/\/laredsocial-noticias.com\/wp\/wp-json\/wp\/v2\/posts\/8113\/revisions"}],"predecessor-version":[{"id":8114,"href":"https:\/\/laredsocial-noticias.com\/wp\/wp-json\/wp\/v2\/posts\/8113\/revisions\/8114"}],"wp:attachment":[{"href":"https:\/\/laredsocial-noticias.com\/wp\/wp-json\/wp\/v2\/media?parent=8113"}],"wp:term":[{"taxonomy":"category","embeddable":true,"href":"https:\/\/laredsocial-noticias.com\/wp\/wp-json\/wp\/v2\/categories?post=8113"},{"taxonomy":"post_tag","embeddable":true,"href":"https:\/\/laredsocial-noticias.com\/wp\/wp-json\/wp\/v2\/tags?post=8113"}],"curies":[{"name":"wp","href":"https:\/\/api.w.org\/{rel}","templated":true}]}}