{"id":81946,"date":"2017-11-07T19:46:53","date_gmt":"2017-11-08T00:46:53","guid":{"rendered":"http:\/\/laredsocial-noticias.com\/wp\/?p=81946"},"modified":"2017-11-07T19:46:53","modified_gmt":"2017-11-08T00:46:53","slug":"en-familia-aldf-aprueba-informe-de-granados","status":"publish","type":"post","link":"https:\/\/laredsocial-noticias.com\/wp\/en-familia-aldf-aprueba-informe-de-granados\/","title":{"rendered":"En familia, ALDF aprueba informe de Granados"},"content":{"rendered":"<ul>\n<li><strong>PVEM obtiene presidencia de la Mesa en sustituci\u00f3n de Flor Ivonne Morales de Morena<\/strong><\/li>\n<\/ul>\n<p>Por Guillermo Pimentel Balderas<\/p>\n<p>&nbsp;<\/p>\n<p><a href=\"http:\/\/laredsocial-noticias.com\/wp\/en-familia-aldf-aprueba-informe-de-granados\/zarate-y-granados\/\" rel=\"attachment wp-att-81947\"><img loading=\"lazy\" decoding=\"async\" class=\"wp-image-81947 alignright\" src=\"http:\/\/laredsocial-noticias.com\/wp\/wp-content\/uploads\/2017\/11\/ZARATE-Y-gRANADOS-300x199.jpg\" alt=\"\" width=\"543\" height=\"360\" data-wp-pid=\"81947\" \/><\/a><\/p>\n<p>&nbsp;<\/p>\n<p>Luego de un receso, todos los integrantes de la ALDF, menos Morena, eligieron a Fernando Zarate como nuevo presidente de la Mesa Directiva para el mes de noviembre y destituyeron a Flor Ivonne Morales, de Morena por \u201cincompetente\u201d.<\/p>\n<p>Zarate, con la estafeta de presidente, decidi\u00f3 como su primer trabajo al frente de la Mesa, se\u00f1alar que se recibi\u00f3 (con 72 horas antes) el Informe de Rendici\u00f3n de Cuentas exigidas por ley de parte del Consejero Jur\u00eddico de la Ciudad de M\u00e9xico, Manuel Granados Covarrubias, y debido a la \u201cimposibilidad f\u00edsica como t\u00e9cnica\u201d, se tiene por desahogada la comparecencia del funcionario.<\/p>\n<p>De esta forma, dijo se da cumplimiento a lo establecido en la Ley Org\u00e1nica y el Reglamento para el Gobierno Interior, ambos de la ALDF, por lo que se ofreci\u00f3 una disculpa al servidor p\u00fablico.<\/p>\n<p>Una vez circulado este proyecto a los 66 diputados, dijo, se har\u00e1 llegar -por parte de los diputados- por escrito los comentarios y\u00a0observaciones d\u00e1ndole tiempo, a Granados, para que pueda hacer algunos comentarios.<\/p>\n<p>Granados, mejor se lav\u00f3 las manos, y solo se concret\u00f3 en se\u00f1alar que cumpli\u00f3 en tiempo y en forma con su obligaci\u00f3n y el procedimiento legal correspondiente.<\/p>\n","protected":false},"excerpt":{"rendered":"<p>PVEM obtiene presidencia de la Mesa en sustituci\u00f3n de Flor Ivonne Morales de Morena Por Guillermo Pimentel Balderas &nbsp; &nbsp;&#8230;<\/p>\n","protected":false},"author":10,"featured_media":0,"comment_status":"closed","ping_status":"open","sticky":false,"template":"","format":"standard","meta":{"footnotes":""},"categories":[2788],"tags":[77],"class_list":["post-81946","post","type-post","status-publish","format-standard","hentry","category-aldf","tag-principal"],"yoast_head":"<!-- This site is optimized with the Yoast SEO plugin v26.5 - https:\/\/yoast.com\/wordpress\/plugins\/seo\/ -->\n<title>En familia, ALDF aprueba informe de Granados - NOTICIAS<\/title>\n<meta name=\"robots\" content=\"index, follow, max-snippet:-1, max-image-preview:large, max-video-preview:-1\" \/>\n<link rel=\"canonical\" href=\"https:\/\/laredsocial-noticias.com\/wp\/en-familia-aldf-aprueba-informe-de-granados\/\" \/>\n<meta property=\"og:locale\" content=\"es_ES\" \/>\n<meta property=\"og:type\" content=\"article\" \/>\n<meta property=\"og:title\" content=\"En familia, ALDF aprueba informe de Granados - NOTICIAS\" \/>\n<meta property=\"og:description\" content=\"PVEM obtiene presidencia de la Mesa en sustituci\u00f3n de Flor Ivonne Morales de Morena Por Guillermo Pimentel Balderas &nbsp; &nbsp;...\" \/>\n<meta property=\"og:url\" content=\"https:\/\/laredsocial-noticias.com\/wp\/en-familia-aldf-aprueba-informe-de-granados\/\" \/>\n<meta property=\"og:site_name\" content=\"NOTICIAS\" \/>\n<meta property=\"article:published_time\" content=\"2017-11-08T00:46:53+00:00\" \/>\n<meta property=\"og:image\" content=\"https:\/\/laredsocial-noticias.com\/wp\/wp-content\/uploads\/2017\/11\/ZARATE-Y-gRANADOS.jpg\" \/>\n\t<meta property=\"og:image:width\" content=\"1774\" \/>\n\t<meta property=\"og:image:height\" content=\"1179\" \/>\n\t<meta property=\"og:image:type\" content=\"image\/jpeg\" \/>\n<meta name=\"author\" content=\"Guillermo Pimentel\" \/>\n<meta name=\"twitter:card\" content=\"summary_large_image\" \/>\n<meta name=\"twitter:label1\" content=\"Escrito por\" \/>\n\t<meta name=\"twitter:data1\" content=\"Guillermo Pimentel\" \/>\n\t<meta name=\"twitter:label2\" content=\"Tiempo de lectura\" \/>\n\t<meta name=\"twitter:data2\" content=\"1 minuto\" \/>\n<!-- \/ Yoast SEO plugin. -->","yoast_head_json":{"title":"En familia, ALDF aprueba informe de Granados - NOTICIAS","robots":{"index":"index","follow":"follow","max-snippet":"max-snippet:-1","max-image-preview":"max-image-preview:large","max-video-preview":"max-video-preview:-1"},"canonical":"https:\/\/laredsocial-noticias.com\/wp\/en-familia-aldf-aprueba-informe-de-granados\/","og_locale":"es_ES","og_type":"article","og_title":"En familia, ALDF aprueba informe de Granados - NOTICIAS","og_description":"PVEM obtiene presidencia de la Mesa en sustituci\u00f3n de Flor Ivonne Morales de Morena Por Guillermo Pimentel Balderas &nbsp; &nbsp;...","og_url":"https:\/\/laredsocial-noticias.com\/wp\/en-familia-aldf-aprueba-informe-de-granados\/","og_site_name":"NOTICIAS","article_published_time":"2017-11-08T00:46:53+00:00","og_image":[{"width":1774,"height":1179,"url":"https:\/\/laredsocial-noticias.com\/wp\/wp-content\/uploads\/2017\/11\/ZARATE-Y-gRANADOS.jpg","type":"image\/jpeg"}],"author":"Guillermo Pimentel","twitter_card":"summary_large_image","twitter_misc":{"Escrito por":"Guillermo Pimentel","Tiempo de lectura":"1 minuto"},"schema":{"@context":"https:\/\/schema.org","@graph":[{"@type":"WebPage","@id":"https:\/\/laredsocial-noticias.com\/wp\/en-familia-aldf-aprueba-informe-de-granados\/","url":"https:\/\/laredsocial-noticias.com\/wp\/en-familia-aldf-aprueba-informe-de-granados\/","name":"En familia, ALDF aprueba informe de Granados - NOTICIAS","isPartOf":{"@id":"https:\/\/laredsocial-noticias.com\/wp\/#website"},"primaryImageOfPage":{"@id":"https:\/\/laredsocial-noticias.com\/wp\/en-familia-aldf-aprueba-informe-de-granados\/#primaryimage"},"image":{"@id":"https:\/\/laredsocial-noticias.com\/wp\/en-familia-aldf-aprueba-informe-de-granados\/#primaryimage"},"thumbnailUrl":"http:\/\/laredsocial-noticias.com\/wp\/wp-content\/uploads\/2017\/11\/ZARATE-Y-gRANADOS-300x199.jpg","datePublished":"2017-11-08T00:46:53+00:00","author":{"@id":"https:\/\/laredsocial-noticias.com\/wp\/#\/schema\/person\/9c09eb8c35c46dac6d30e2baff4b64d6"},"breadcrumb":{"@id":"https:\/\/laredsocial-noticias.com\/wp\/en-familia-aldf-aprueba-informe-de-granados\/#breadcrumb"},"inLanguage":"es","potentialAction":[{"@type":"ReadAction","target":["https:\/\/laredsocial-noticias.com\/wp\/en-familia-aldf-aprueba-informe-de-granados\/"]}]},{"@type":"ImageObject","inLanguage":"es","@id":"https:\/\/laredsocial-noticias.com\/wp\/en-familia-aldf-aprueba-informe-de-granados\/#primaryimage","url":"","contentUrl":""},{"@type":"BreadcrumbList","@id":"https:\/\/laredsocial-noticias.com\/wp\/en-familia-aldf-aprueba-informe-de-granados\/#breadcrumb","itemListElement":[{"@type":"ListItem","position":1,"name":"Portada","item":"https:\/\/laredsocial-noticias.com\/wp\/"},{"@type":"ListItem","position":2,"name":"En familia, ALDF aprueba informe de Granados"}]},{"@type":"WebSite","@id":"https:\/\/laredsocial-noticias.com\/wp\/#website","url":"https:\/\/laredsocial-noticias.com\/wp\/","name":"NOTICIAS","description":"Lo que se ve y se dice en las redes sociales","potentialAction":[{"@type":"SearchAction","target":{"@type":"EntryPoint","urlTemplate":"https:\/\/laredsocial-noticias.com\/wp\/?s={search_term_string}"},"query-input":{"@type":"PropertyValueSpecification","valueRequired":true,"valueName":"search_term_string"}}],"inLanguage":"es"},{"@type":"Person","@id":"https:\/\/laredsocial-noticias.com\/wp\/#\/schema\/person\/9c09eb8c35c46dac6d30e2baff4b64d6","name":"Guillermo Pimentel","url":"https:\/\/laredsocial-noticias.com\/wp\/author\/guillermo\/"}]}},"_links":{"self":[{"href":"https:\/\/laredsocial-noticias.com\/wp\/wp-json\/wp\/v2\/posts\/81946","targetHints":{"allow":["GET"]}}],"collection":[{"href":"https:\/\/laredsocial-noticias.com\/wp\/wp-json\/wp\/v2\/posts"}],"about":[{"href":"https:\/\/laredsocial-noticias.com\/wp\/wp-json\/wp\/v2\/types\/post"}],"author":[{"embeddable":true,"href":"https:\/\/laredsocial-noticias.com\/wp\/wp-json\/wp\/v2\/users\/10"}],"replies":[{"embeddable":true,"href":"https:\/\/laredsocial-noticias.com\/wp\/wp-json\/wp\/v2\/comments?post=81946"}],"version-history":[{"count":2,"href":"https:\/\/laredsocial-noticias.com\/wp\/wp-json\/wp\/v2\/posts\/81946\/revisions"}],"predecessor-version":[{"id":81949,"href":"https:\/\/laredsocial-noticias.com\/wp\/wp-json\/wp\/v2\/posts\/81946\/revisions\/81949"}],"wp:attachment":[{"href":"https:\/\/laredsocial-noticias.com\/wp\/wp-json\/wp\/v2\/media?parent=81946"}],"wp:term":[{"taxonomy":"category","embeddable":true,"href":"https:\/\/laredsocial-noticias.com\/wp\/wp-json\/wp\/v2\/categories?post=81946"},{"taxonomy":"post_tag","embeddable":true,"href":"https:\/\/laredsocial-noticias.com\/wp\/wp-json\/wp\/v2\/tags?post=81946"}],"curies":[{"name":"wp","href":"https:\/\/api.w.org\/{rel}","templated":true}]}}