{"id":81984,"date":"2017-11-08T14:08:36","date_gmt":"2017-11-08T19:08:36","guid":{"rendered":"http:\/\/laredsocial-noticias.com\/wp\/?p=81984"},"modified":"2017-11-08T14:08:36","modified_gmt":"2017-11-08T19:08:36","slug":"titular-de-la-sep-debe-informar-esta-tarde-a-diputados-problematica-de-escuelas-danadas-por-sismos-y-avances-de-reforma-educativa-martinez-neri","status":"publish","type":"post","link":"https:\/\/laredsocial-noticias.com\/wp\/titular-de-la-sep-debe-informar-esta-tarde-a-diputados-problematica-de-escuelas-danadas-por-sismos-y-avances-de-reforma-educativa-martinez-neri\/","title":{"rendered":"Titular de la SEP debe informar esta tarde a diputados problem\u00e1tica de escuelas da\u00f1adas por sismos y avances de reforma educativa: Mart\u00ednez Neri"},"content":{"rendered":"<p>El titular de la Secretar\u00eda de Educaci\u00f3n P\u00fablica (SEP), Aurelio Nu\u00f1o Mayer, debe informar este mi\u00e9rcoles a diputados la problem\u00e1tica de las escuelas da\u00f1adas por los sismos de los d\u00edas 7 y 19 de septiembre pasado, afirm\u00f3 el coordinador del PRD, Francisco Mart\u00ednez Neri.<\/p>\n<p>Durante su comparecencia, esta tarde ante la Comisi\u00f3n de Educaci\u00f3n P\u00fablica y Servicios Educativos, tambi\u00e9n se debe revisar cuales han sido los avances de la reforma educativa, en vigor desde el 2013, agreg\u00f3 el l\u00edder parlamentario en un comunicado.<\/p>\n<p>El tambi\u00e9n integrante de esa comisi\u00f3n se\u00f1al\u00f3 que \u201cdesafortunadamente el actuar del secretario de Educaci\u00f3n es opaco, carente de transparencia, por lo que el grupo parlamentario del PRD har\u00e1 cuestionamientos puntuales\u201d.<\/p>\n<p>\u201cNuestra fracci\u00f3n legislativa ve con alarma que los recursos no est\u00e1n llegando a su destino, los programas escolares son deficientes, las condiciones laborales de los docentes van en retroceso, mientras que el gasto p\u00fablico va en aumento, situaci\u00f3n que es inadmisible\u201d, indic\u00f3.<\/p>\n<p>Mart\u00ednez Neri aseguro que el PRD solicitar\u00e1 al titular de la SEP un informe detallado sobre la recuperaci\u00f3n de los ciclos escolares y una ruta clara sobre el calendario de incorporaci\u00f3n de los estudiantes a las aulas en los estados afectados por los sismos.<\/p>\n<p>Tambi\u00e9n dijo que la Comisi\u00f3n de Educaci\u00f3n P\u00fablica y Servicios Educativos entreg\u00f3 hace unos d\u00edas a la Comisi\u00f3n de Presupuesto y Cuenta P\u00fablica una solicitud para ampliar en 10 mil 961 millones de pesos el presupuesto para este sector en el 2018.<\/p>\n<p>Estos recursos, explic\u00f3, servir\u00e1n para fortalecer las escuelas de tiempo completo, los programas de becas y a las universidades p\u00fablicas de todo el pa\u00eds.<\/p>\n<p>\u201cCon este incremento se busca etiquetar para educaci\u00f3n un total de 728 mil 561 millones de pesos. Es primordial detallar que s\u00f3lo a la reconstrucci\u00f3n de la infraestructura escolar en los estados afectados por los sismos se estiman 700 millones de pesos\u201d.<\/p>\n<p>Coment\u00f3 que la educaci\u00f3n tiene que ser tema prioritario y con visi\u00f3n transversal, \u201cporque el bien principal es dotar a la poblaci\u00f3n de programas educativos de calidad\u201d, apunt\u00f3 el legislador por Oaxaca.<\/p>\n<p>Exigi\u00f3 a la Comisi\u00f3n de Presupuesto ser sensible con la situaci\u00f3n que atraviesa la poblaci\u00f3n mexicana.<\/p>\n<p>\u201cEstamos ante la oportunidad de salir del estancamiento que existe en materia educativa; este presupuesto podr\u00eda dar la estabilidad que tanto se requiere\u201d, concluy\u00f3.<\/p>\n","protected":false},"excerpt":{"rendered":"<p>El titular de la Secretar\u00eda de Educaci\u00f3n P\u00fablica (SEP), Aurelio Nu\u00f1o Mayer, debe informar este mi\u00e9rcoles a diputados la problem\u00e1tica&#8230;<\/p>\n","protected":false},"author":15,"featured_media":0,"comment_status":"closed","ping_status":"open","sticky":false,"template":"","format":"standard","meta":{"footnotes":""},"categories":[389,73],"tags":[343,1076],"class_list":["post-81984","post","type-post","status-publish","format-standard","hentry","category-mexico","category-principal","tag-prd","tag-sep"],"yoast_head":"<!-- This site is optimized with the Yoast SEO plugin v26.5 - https:\/\/yoast.com\/wordpress\/plugins\/seo\/ -->\n<title>Titular de la SEP debe informar esta tarde a diputados problem\u00e1tica de escuelas da\u00f1adas por sismos y avances de reforma educativa: Mart\u00ednez Neri - NOTICIAS<\/title>\n<meta name=\"robots\" content=\"index, follow, max-snippet:-1, max-image-preview:large, max-video-preview:-1\" \/>\n<link rel=\"canonical\" href=\"https:\/\/laredsocial-noticias.com\/wp\/titular-de-la-sep-debe-informar-esta-tarde-a-diputados-problematica-de-escuelas-danadas-por-sismos-y-avances-de-reforma-educativa-martinez-neri\/\" \/>\n<meta property=\"og:locale\" content=\"es_ES\" \/>\n<meta property=\"og:type\" content=\"article\" \/>\n<meta property=\"og:title\" content=\"Titular de la SEP debe informar esta tarde a diputados problem\u00e1tica de escuelas da\u00f1adas por sismos y avances de reforma educativa: Mart\u00ednez Neri - NOTICIAS\" \/>\n<meta property=\"og:description\" content=\"El titular de la Secretar\u00eda de Educaci\u00f3n P\u00fablica (SEP), Aurelio Nu\u00f1o Mayer, debe informar este mi\u00e9rcoles a diputados la problem\u00e1tica...\" \/>\n<meta property=\"og:url\" content=\"https:\/\/laredsocial-noticias.com\/wp\/titular-de-la-sep-debe-informar-esta-tarde-a-diputados-problematica-de-escuelas-danadas-por-sismos-y-avances-de-reforma-educativa-martinez-neri\/\" \/>\n<meta property=\"og:site_name\" content=\"NOTICIAS\" \/>\n<meta property=\"article:published_time\" content=\"2017-11-08T19:08:36+00:00\" \/>\n<meta name=\"author\" content=\"Juan Raymundo Hernandez\" \/>\n<meta name=\"twitter:card\" content=\"summary_large_image\" \/>\n<meta name=\"twitter:label1\" content=\"Escrito por\" \/>\n\t<meta name=\"twitter:data1\" content=\"Juan Raymundo Hernandez\" \/>\n\t<meta name=\"twitter:label2\" content=\"Tiempo de lectura\" \/>\n\t<meta name=\"twitter:data2\" content=\"2 minutos\" \/>\n<!-- \/ Yoast SEO plugin. -->","yoast_head_json":{"title":"Titular de la SEP debe informar esta tarde a diputados problem\u00e1tica de escuelas da\u00f1adas por sismos y avances de reforma educativa: Mart\u00ednez Neri - NOTICIAS","robots":{"index":"index","follow":"follow","max-snippet":"max-snippet:-1","max-image-preview":"max-image-preview:large","max-video-preview":"max-video-preview:-1"},"canonical":"https:\/\/laredsocial-noticias.com\/wp\/titular-de-la-sep-debe-informar-esta-tarde-a-diputados-problematica-de-escuelas-danadas-por-sismos-y-avances-de-reforma-educativa-martinez-neri\/","og_locale":"es_ES","og_type":"article","og_title":"Titular de la SEP debe informar esta tarde a diputados problem\u00e1tica de escuelas da\u00f1adas por sismos y avances de reforma educativa: Mart\u00ednez Neri - NOTICIAS","og_description":"El titular de la Secretar\u00eda de Educaci\u00f3n P\u00fablica (SEP), Aurelio Nu\u00f1o Mayer, debe informar este mi\u00e9rcoles a diputados la problem\u00e1tica...","og_url":"https:\/\/laredsocial-noticias.com\/wp\/titular-de-la-sep-debe-informar-esta-tarde-a-diputados-problematica-de-escuelas-danadas-por-sismos-y-avances-de-reforma-educativa-martinez-neri\/","og_site_name":"NOTICIAS","article_published_time":"2017-11-08T19:08:36+00:00","author":"Juan Raymundo Hernandez","twitter_card":"summary_large_image","twitter_misc":{"Escrito por":"Juan Raymundo Hernandez","Tiempo de lectura":"2 minutos"},"schema":{"@context":"https:\/\/schema.org","@graph":[{"@type":"WebPage","@id":"https:\/\/laredsocial-noticias.com\/wp\/titular-de-la-sep-debe-informar-esta-tarde-a-diputados-problematica-de-escuelas-danadas-por-sismos-y-avances-de-reforma-educativa-martinez-neri\/","url":"https:\/\/laredsocial-noticias.com\/wp\/titular-de-la-sep-debe-informar-esta-tarde-a-diputados-problematica-de-escuelas-danadas-por-sismos-y-avances-de-reforma-educativa-martinez-neri\/","name":"Titular de la SEP debe informar esta tarde a diputados problem\u00e1tica de escuelas da\u00f1adas por sismos y avances de reforma educativa: Mart\u00ednez Neri - NOTICIAS","isPartOf":{"@id":"https:\/\/laredsocial-noticias.com\/wp\/#website"},"datePublished":"2017-11-08T19:08:36+00:00","author":{"@id":"https:\/\/laredsocial-noticias.com\/wp\/#\/schema\/person\/ef87465aef7eca376539490cfb6ab6dc"},"breadcrumb":{"@id":"https:\/\/laredsocial-noticias.com\/wp\/titular-de-la-sep-debe-informar-esta-tarde-a-diputados-problematica-de-escuelas-danadas-por-sismos-y-avances-de-reforma-educativa-martinez-neri\/#breadcrumb"},"inLanguage":"es","potentialAction":[{"@type":"ReadAction","target":["https:\/\/laredsocial-noticias.com\/wp\/titular-de-la-sep-debe-informar-esta-tarde-a-diputados-problematica-de-escuelas-danadas-por-sismos-y-avances-de-reforma-educativa-martinez-neri\/"]}]},{"@type":"BreadcrumbList","@id":"https:\/\/laredsocial-noticias.com\/wp\/titular-de-la-sep-debe-informar-esta-tarde-a-diputados-problematica-de-escuelas-danadas-por-sismos-y-avances-de-reforma-educativa-martinez-neri\/#breadcrumb","itemListElement":[{"@type":"ListItem","position":1,"name":"Portada","item":"https:\/\/laredsocial-noticias.com\/wp\/"},{"@type":"ListItem","position":2,"name":"Titular de la SEP debe informar esta tarde a diputados problem\u00e1tica de escuelas da\u00f1adas por sismos y avances de reforma educativa: Mart\u00ednez Neri"}]},{"@type":"WebSite","@id":"https:\/\/laredsocial-noticias.com\/wp\/#website","url":"https:\/\/laredsocial-noticias.com\/wp\/","name":"NOTICIAS","description":"Lo que se ve y se dice en las redes sociales","potentialAction":[{"@type":"SearchAction","target":{"@type":"EntryPoint","urlTemplate":"https:\/\/laredsocial-noticias.com\/wp\/?s={search_term_string}"},"query-input":{"@type":"PropertyValueSpecification","valueRequired":true,"valueName":"search_term_string"}}],"inLanguage":"es"},{"@type":"Person","@id":"https:\/\/laredsocial-noticias.com\/wp\/#\/schema\/person\/ef87465aef7eca376539490cfb6ab6dc","name":"Juan Raymundo Hernandez","url":"https:\/\/laredsocial-noticias.com\/wp\/author\/juanraymundohernandez\/"}]}},"_links":{"self":[{"href":"https:\/\/laredsocial-noticias.com\/wp\/wp-json\/wp\/v2\/posts\/81984","targetHints":{"allow":["GET"]}}],"collection":[{"href":"https:\/\/laredsocial-noticias.com\/wp\/wp-json\/wp\/v2\/posts"}],"about":[{"href":"https:\/\/laredsocial-noticias.com\/wp\/wp-json\/wp\/v2\/types\/post"}],"author":[{"embeddable":true,"href":"https:\/\/laredsocial-noticias.com\/wp\/wp-json\/wp\/v2\/users\/15"}],"replies":[{"embeddable":true,"href":"https:\/\/laredsocial-noticias.com\/wp\/wp-json\/wp\/v2\/comments?post=81984"}],"version-history":[{"count":0,"href":"https:\/\/laredsocial-noticias.com\/wp\/wp-json\/wp\/v2\/posts\/81984\/revisions"}],"wp:attachment":[{"href":"https:\/\/laredsocial-noticias.com\/wp\/wp-json\/wp\/v2\/media?parent=81984"}],"wp:term":[{"taxonomy":"category","embeddable":true,"href":"https:\/\/laredsocial-noticias.com\/wp\/wp-json\/wp\/v2\/categories?post=81984"},{"taxonomy":"post_tag","embeddable":true,"href":"https:\/\/laredsocial-noticias.com\/wp\/wp-json\/wp\/v2\/tags?post=81984"}],"curies":[{"name":"wp","href":"https:\/\/api.w.org\/{rel}","templated":true}]}}