{"id":82585,"date":"2017-11-21T11:14:15","date_gmt":"2017-11-21T16:14:15","guid":{"rendered":"http:\/\/laredsocial-noticias.com\/wp\/?p=82585"},"modified":"2017-11-21T11:14:15","modified_gmt":"2017-11-21T16:14:15","slug":"mexico-da-un-paso-adelante-en-materia-de-desaparicion-forzada-de-personas","status":"publish","type":"post","link":"https:\/\/laredsocial-noticias.com\/wp\/mexico-da-un-paso-adelante-en-materia-de-desaparicion-forzada-de-personas\/","title":{"rendered":"M\u00e9xico da un paso adelante en materia de Desaparici\u00f3n Forzada de Personas"},"content":{"rendered":"<header class=\"entry-header\">\n<p class=\"entry-title\"><span lang=\"ES-MX\">Ciudad de M\u00e9xico. 20\/11\/17.- M\u00e9xico dio un paso trascendental con la creaci\u00f3n del\u00a0<\/span><span lang=\"es-419\">Sistema Nacional de B\u00fasqueda de Personas, la Comisi\u00f3n Nacional de B\u00fasqueda y un Consejo Ciudadano.<\/span><\/p>\n<\/header>\n<div class=\"entry-content clearfix\">\n<p class=\"m_7346928126946727051m_6585008340317858797m_-1021134228257193534gmail-CUERPO\"><span lang=\"ES-MX\">Con penas que van de 40 a 60 a\u00f1os de prisi\u00f3n, y de diez mil a 20 mil d\u00edas multa se sancionar\u00e1 a quien cometa el delito de desaparici\u00f3n forzada de personas y, \u00a0en el caso de la desaparici\u00f3n cometida por particulares, las sanciones aplicables ser\u00e1n de 25 a 50 a\u00f1os de prisi\u00f3n y de cuatro mil a ocho mil d\u00edas multa.<\/span><\/p>\n<p class=\"m_7346928126946727051m_6585008340317858797m_-1021134228257193534gmail-CUERPO\"><span lang=\"ES-MX\">\u00a0<img loading=\"lazy\" decoding=\"async\" class=\"size-full wp-image-437 alignleft\" src=\"http:\/\/nocioabundo.com\/wp-content\/uploads\/2017\/11\/DESAPARICION-FORZADA.jpg\" alt=\"\" width=\"283\" height=\"178\" \/><\/span><span lang=\"ES-MX\">As\u00ed lo establece la Ley General en materia de Desaparici\u00f3n Forzada de Personas, Desaparici\u00f3n cometida por Particulares y del Sistema Nacional de B\u00fasqueda de Personas, promulgada por el titular del Ejecutivo Federal, que\u00a0 aprobaron el Senado de la Rep\u00fablica el 27 de abril y ratificada por la C\u00e1mara de Diputados, el 12 de octubre pasado.<\/span><\/p>\n<p class=\"m_7346928126946727051m_6585008340317858797m_-1021134228257193534gmail-CUERPO\"><span lang=\"es-419\">La nueva legislaci\u00f3n<\/span>, plantea\u00a0<span lang=\"es-419\">la creaci\u00f3n del Sistema Nacional de B\u00fasqueda de Personas, la Comisi\u00f3n Nacional de B\u00fasqueda y un Consejo Ciudadano.<\/span><\/p>\n<p class=\"m_7346928126946727051m_6585008340317858797m_-1021134228257193534gmail-CUERPO\"><span lang=\"es-419\">Contar\u00e1n con el apoyo de un Banco Nacional de Datos Forenses, un Registro Nacional de Personas Desaparecidas y No Localizadas, un Registro Nacional de Fosas, Alerta Amber, as\u00ed como con protocolos homologados de b\u00fasqueda y los previstos en el art\u00edculo 73 de la Ley.<\/span><\/p>\n<p class=\"m_7346928126946727051m_6585008340317858797m_-1021134228257193534gmail-CUERPO\"><span lang=\"es-419\">Se reform\u00f3 el C\u00f3digo Penal Federal y la Ley General de Salud para armonizarlos con el nuevo ordenamiento en la parte de sanciones, tanto para el delito de Desaparici\u00f3n Forzada como para el tratamiento de cad\u00e1veres de personas no identificadas.<\/span><\/p>\n<p class=\"m_7346928126946727051m_6585008340317858797m_-1021134228257193534gmail-CUERPO\"><span lang=\"ES-MX\">El nuevo ordenamiento \u00a0instituye la distribuci\u00f3n de competencias y la coordinaci\u00f3n entre las autoridades de los distintos \u00f3rdenes de gobierno, para buscar a las personas desaparecidas y no localizadas y esclarecer los hechos.<\/span><\/p>\n<p class=\"m_7346928126946727051m_6585008340317858797m_-1021134228257193534gmail-CUERPO\"><span lang=\"ES-MX\"><img loading=\"lazy\" decoding=\"async\" class=\"aligncenter size-full wp-image-438\" src=\"http:\/\/nocioabundo.com\/wp-content\/uploads\/2017\/11\/DESAPARECIDOS.png\" sizes=\"auto, (max-width: 400px) 100vw, 400px\" srcset=\"http:\/\/nocioabundo.com\/wp-content\/uploads\/2017\/11\/DESAPARECIDOS.png 400w, http:\/\/nocioabundo.com\/wp-content\/uploads\/2017\/11\/DESAPARECIDOS-300x225.png 300w\" alt=\"\" width=\"400\" height=\"300\" \/>Garantiza la protecci\u00f3n integral de los derechos de las personas desaparecidas hasta que se conozca su suerte o paradero; as\u00ed como la atenci\u00f3n, la asistencia, la protecci\u00f3n y, en su caso, la reparaci\u00f3n integral y las garant\u00edas de no repetici\u00f3n, en t\u00e9rminos de esta Ley.<\/span><\/p>\n<p class=\"m_7346928126946727051m_6585008340317858797m_-1021134228257193534gmail-CUERPO\"><span lang=\"ES-MX\">Establece la forma de participaci\u00f3n de los Familiares en el dise\u00f1o, implementaci\u00f3n, monitoreo y evaluaci\u00f3n de las acciones de b\u00fasqueda e identificaci\u00f3n de personas desaparecidas y no localizadas; as\u00ed como la coadyuvancia en las etapas de la investigaci\u00f3n, a fin de que expresen sus opiniones, reciban informaci\u00f3n y aporten indicios o evidencias.<\/span><\/p>\n<p class=\"m_7346928126946727051m_6585008340317858797m_-1021134228257193534gmail-CUERPO\"><span lang=\"ES-MX\">En materia de sanciones, se\u00f1ala que para quienes incurran en el delito de desaparici\u00f3n forzada, las sanciones aumentar\u00e1n hasta en una mitad cuando la persona muera, sea migrante, ni\u00f1a, ni\u00f1o o adolescente, mujer, mujer embarazada, persona con discapacidad o persona mayor, perteneciente a un pueblo o comunidad ind\u00edgena, o periodista o defensor de derechos humanos.<\/span><\/p>\n<p class=\"m_7346928126946727051m_6585008340317858797m_-1021134228257193534gmail-CUERPO\"><span lang=\"ES-MX\">\u00a0<\/span><span lang=\"ES-MX\">Lo mismo, en caso de ser integrante de las instituciones de seguridad p\u00fablica, o cuando los autores tengan v\u00ednculos de parentesco, amistad, relaci\u00f3n laboral o de confianza con la v\u00edctima, o que el prop\u00f3sito sea impedir que las autoridades competentes conozcan de la comisi\u00f3n de otros delitos.<\/span><\/p>\n<p class=\"m_7346928126946727051m_6585008340317858797m_-1021134228257193534gmail-CUERPO\"><span lang=\"ES-MX\">\u00a0<\/span><span lang=\"ES-MX\">En caso de que alguien omita entregar a la autoridad o familiares a un nacido de una v\u00edctima del delito de desaparici\u00f3n forzada, durante el periodo de ocultamiento, a sabiendas de tal circunstancia, se aplicar\u00e1 pena de 20 a 30 a\u00f1os de prisi\u00f3n y de 500 a 800 d\u00edas multa.<\/span><\/p>\n<p class=\"m_7346928126946727051m_6585008340317858797m_-1021134228257193534gmail-CUERPO\"><span lang=\"ES-MX\">\u00a0<\/span><span lang=\"ES-MX\">Para quien, sin haber o haber participado directamente en la comisi\u00f3n del delito, retenga o mantenga oculto al ni\u00f1o o ni\u00f1a que nazca durante el periodo de desaparici\u00f3n de la madre, la pena ser\u00e1 de 25 a 35 a\u00f1os de prisi\u00f3n.<\/span><\/p>\n<p class=\"m_7346928126946727051m_6585008340317858797m_-1021134228257193534gmail-CUERPO\"><span lang=\"ES-MX\">\u00a0<\/span><span lang=\"ES-MX\">La Ley prev\u00e9 que las sanciones pueden disminuir, si los autores liberan a la v\u00edctima 10 d\u00edas despu\u00e9s de la desaparici\u00f3n, proporcionan informaci\u00f3n efectiva para la localizaci\u00f3n de la v\u00edctima o para esclarecer los hechos.<\/span><\/p>\n<p class=\"m_7346928126946727051m_6585008340317858797m_-1021134228257193534gmail-CUERPO\"><span lang=\"ES-MX\">\u00a0<\/span><span lang=\"ES-MX\">Con la expedici\u00f3n de esta Ley, tambi\u00e9n se crea el Sistema Nacional de B\u00fasqueda de Personas, cuyo objeto es dise\u00f1ar y evaluar de manera eficiente y arm\u00f3nica los recursos del Estado mexicano para establecer las bases generales, pol\u00edticas p\u00fablicas y procedimientos entre autoridades de todos los \u00f3rdenes de gobierno, para la b\u00fasqueda, localizaci\u00f3n e identificaci\u00f3n de personas desaparecidas.<\/span><\/p>\n<p class=\"m_7346928126946727051m_6585008340317858797m_-1021134228257193534gmail-CUERPO\"><span lang=\"ES-MX\">\u00a0<\/span><span lang=\"ES-MX\">Se crea tambi\u00e9n, el Registro Nacional de Personas Desaparecidas y No Localizadas, como herramienta de b\u00fasqueda e identificaci\u00f3n que organiza y\u00a0concentra la informaci\u00f3n sobre las personas desaparecidas y no localizadas, con el objeto de proporcionar\u00a0apoyo en las investigaciones para su b\u00fasqueda, localizaci\u00f3n e identificaci\u00f3n.<\/span><\/p>\n<p class=\"m_7346928126946727051m_6585008340317858797m_-1021134228257193534gmail-CUERPO\"><span lang=\"ES-MX\">\u00a0<\/span><span lang=\"ES-MX\">El Registro Nacional, agrega, contendr\u00e1 un apartado de consulta accesible al p\u00fablico en general y dispondr\u00e1 de\u00a0espacios de buz\u00f3n para recibir informaci\u00f3n que se proporcione por el p\u00fablico en general, respecto\u00a0de\u00a0Personas Desaparecidas o No Localizadas.<\/span><\/p>\n<p class=\"m_7346928126946727051m_6585008340317858797m_-1021134228257193534gmail-CUERPO\"><span lang=\"ES-MX\">\u00a0<\/span><span lang=\"ES-MX\">Tambi\u00e9n se crea la Comisi\u00f3n Nacional de B\u00fasqueda, a la que se le mandata la ejecuci\u00f3n y seguimiento de acciones de b\u00fasqueda de personas desaparecidas y no localizadas, cuyo objetivo es impulsar los esfuerzos de vinculaci\u00f3n, operaci\u00f3n, gesti\u00f3n, evaluaci\u00f3n y seguimiento\u00a0de las acciones entre autoridades que participan en la b\u00fasqueda, localizaci\u00f3n e identificaci\u00f3n de personas.<\/span><\/p>\n<p class=\"m_7346928126946727051m_6585008340317858797m_-1021134228257193534gmail-CUERPO\"><span lang=\"ES-MX\">\u00a0<\/span><span lang=\"ES-MX\">La investigaci\u00f3n de los delitos se dar\u00e1 a trav\u00e9s de una Fiscal\u00eda Especializada, adscrita a la Procuradur\u00eda General de la Rep\u00fablica y a las procuradur\u00edas o fiscal\u00edas locales, a fin de tener autoridades especializadas.<\/span><\/p>\n<p class=\"m_7346928126946727051m_6585008340317858797m_-1021134228257193534gmail-CUERPO\"><span lang=\"ES-MX\">\u00a0<\/span><span lang=\"ES-MX\">La Ley contiene protocolos que incluyen las directrices de actuaci\u00f3n en los procesos de b\u00fasqueda, atendiendo \u00a0las causas y circunstancias en que ocurrieron las conductas y formas de los reportes, las denuncias de la desaparici\u00f3n, los procedimientos de investigaci\u00f3n ministerial, pericial y policial; e incluye un mecanismo de apoyo en el exterior, que facilitar\u00e1 el acceso a la justicia y el ejercicio de acciones para la reparaci\u00f3n del da\u00f1o a personas migrantes o sus familias.<\/span><\/p>\n<p><span class=\"meta-date\"><a title=\"4:37 pm\" href=\"http:\/\/nocioabundo.com\/mexico-da-un-paso-adelante-en-materia-de-desaparicion-forzada-de-personas\/\" rel=\"bookmark\"><time class=\"entry-date published updated\" datetime=\"2017-11-20T16:37:08+00:00\">20\/11\/2017<\/time><\/a><\/span><span class=\"meta-author\">\u00a0<span class=\"author vcard\"><a class=\"url fn n\" title=\"Lee todas las entradas de Editor en Jefe\" href=\"http:\/\/nocioabundo.com\/author\/jorgeoctavio\/\" rel=\"author\">EDITOR EN JEFE<\/a><\/span><\/span><span class=\"meta-category\">\u00a0<a href=\"http:\/\/nocioabundo.com\/category\/uncategorized\/\" target=\"_blank\" rel=\"category tag noopener\">UNCATEGORIZED<\/a><\/span><\/p>\n<\/div>\n","protected":false},"excerpt":{"rendered":"<p>Ciudad de M\u00e9xico. 20\/11\/17.- M\u00e9xico dio un paso trascendental con la creaci\u00f3n del\u00a0Sistema Nacional de B\u00fasqueda de Personas, la Comisi\u00f3n&#8230;<\/p>\n","protected":false},"author":1,"featured_media":0,"comment_status":"closed","ping_status":"open","sticky":false,"template":"","format":"standard","meta":{"footnotes":""},"categories":[27,2423,59],"tags":[],"class_list":["post-82585","post","type-post","status-publish","format-standard","hentry","category-congreso-de-la-union","category-crimen-organizado","category-senado"],"yoast_head":"<!-- This site is optimized with the Yoast SEO plugin v26.5 - https:\/\/yoast.com\/wordpress\/plugins\/seo\/ -->\n<title>M\u00e9xico da un paso adelante en materia de Desaparici\u00f3n Forzada de Personas - NOTICIAS<\/title>\n<meta name=\"robots\" content=\"index, follow, max-snippet:-1, max-image-preview:large, max-video-preview:-1\" \/>\n<link rel=\"canonical\" href=\"https:\/\/laredsocial-noticias.com\/wp\/mexico-da-un-paso-adelante-en-materia-de-desaparicion-forzada-de-personas\/\" \/>\n<meta property=\"og:locale\" content=\"es_ES\" \/>\n<meta property=\"og:type\" content=\"article\" \/>\n<meta property=\"og:title\" content=\"M\u00e9xico da un paso adelante en materia de Desaparici\u00f3n Forzada de Personas - NOTICIAS\" \/>\n<meta property=\"og:description\" content=\"Ciudad de M\u00e9xico. 20\/11\/17.- M\u00e9xico dio un paso trascendental con la creaci\u00f3n del\u00a0Sistema Nacional de B\u00fasqueda de Personas, la Comisi\u00f3n...\" \/>\n<meta property=\"og:url\" content=\"https:\/\/laredsocial-noticias.com\/wp\/mexico-da-un-paso-adelante-en-materia-de-desaparicion-forzada-de-personas\/\" \/>\n<meta property=\"og:site_name\" content=\"NOTICIAS\" \/>\n<meta property=\"article:published_time\" content=\"2017-11-21T16:14:15+00:00\" \/>\n<meta property=\"og:image\" content=\"https:\/\/laredsocial-noticias.com\/wp\/wp-content\/uploads\/2017\/11\/DESAPARECIDOS.png\" \/>\n\t<meta property=\"og:image:width\" content=\"400\" \/>\n\t<meta property=\"og:image:height\" content=\"300\" \/>\n\t<meta property=\"og:image:type\" content=\"image\/png\" \/>\n<meta name=\"author\" content=\"Editor en Jefe\" \/>\n<meta name=\"twitter:card\" content=\"summary_large_image\" \/>\n<meta name=\"twitter:label1\" content=\"Escrito por\" \/>\n\t<meta name=\"twitter:data1\" content=\"Editor en Jefe\" \/>\n\t<meta name=\"twitter:label2\" content=\"Tiempo de lectura\" \/>\n\t<meta name=\"twitter:data2\" content=\"5 minutos\" \/>\n<!-- \/ Yoast SEO plugin. -->","yoast_head_json":{"title":"M\u00e9xico da un paso adelante en materia de Desaparici\u00f3n Forzada de Personas - NOTICIAS","robots":{"index":"index","follow":"follow","max-snippet":"max-snippet:-1","max-image-preview":"max-image-preview:large","max-video-preview":"max-video-preview:-1"},"canonical":"https:\/\/laredsocial-noticias.com\/wp\/mexico-da-un-paso-adelante-en-materia-de-desaparicion-forzada-de-personas\/","og_locale":"es_ES","og_type":"article","og_title":"M\u00e9xico da un paso adelante en materia de Desaparici\u00f3n Forzada de Personas - NOTICIAS","og_description":"Ciudad de M\u00e9xico. 20\/11\/17.- M\u00e9xico dio un paso trascendental con la creaci\u00f3n del\u00a0Sistema Nacional de B\u00fasqueda de Personas, la Comisi\u00f3n...","og_url":"https:\/\/laredsocial-noticias.com\/wp\/mexico-da-un-paso-adelante-en-materia-de-desaparicion-forzada-de-personas\/","og_site_name":"NOTICIAS","article_published_time":"2017-11-21T16:14:15+00:00","og_image":[{"width":400,"height":300,"url":"https:\/\/laredsocial-noticias.com\/wp\/wp-content\/uploads\/2017\/11\/DESAPARECIDOS.png","type":"image\/png"}],"author":"Editor en Jefe","twitter_card":"summary_large_image","twitter_misc":{"Escrito por":"Editor en Jefe","Tiempo de lectura":"5 minutos"},"schema":{"@context":"https:\/\/schema.org","@graph":[{"@type":"WebPage","@id":"https:\/\/laredsocial-noticias.com\/wp\/mexico-da-un-paso-adelante-en-materia-de-desaparicion-forzada-de-personas\/","url":"https:\/\/laredsocial-noticias.com\/wp\/mexico-da-un-paso-adelante-en-materia-de-desaparicion-forzada-de-personas\/","name":"M\u00e9xico da un paso adelante en materia de Desaparici\u00f3n Forzada de Personas - NOTICIAS","isPartOf":{"@id":"https:\/\/laredsocial-noticias.com\/wp\/#website"},"primaryImageOfPage":{"@id":"https:\/\/laredsocial-noticias.com\/wp\/mexico-da-un-paso-adelante-en-materia-de-desaparicion-forzada-de-personas\/#primaryimage"},"image":{"@id":"https:\/\/laredsocial-noticias.com\/wp\/mexico-da-un-paso-adelante-en-materia-de-desaparicion-forzada-de-personas\/#primaryimage"},"thumbnailUrl":"http:\/\/nocioabundo.com\/wp-content\/uploads\/2017\/11\/DESAPARICION-FORZADA.jpg","datePublished":"2017-11-21T16:14:15+00:00","author":{"@id":"https:\/\/laredsocial-noticias.com\/wp\/#\/schema\/person\/0ce78643f2de7aae6f6ef10e8453a6e0"},"breadcrumb":{"@id":"https:\/\/laredsocial-noticias.com\/wp\/mexico-da-un-paso-adelante-en-materia-de-desaparicion-forzada-de-personas\/#breadcrumb"},"inLanguage":"es","potentialAction":[{"@type":"ReadAction","target":["https:\/\/laredsocial-noticias.com\/wp\/mexico-da-un-paso-adelante-en-materia-de-desaparicion-forzada-de-personas\/"]}]},{"@type":"ImageObject","inLanguage":"es","@id":"https:\/\/laredsocial-noticias.com\/wp\/mexico-da-un-paso-adelante-en-materia-de-desaparicion-forzada-de-personas\/#primaryimage","url":"http:\/\/nocioabundo.com\/wp-content\/uploads\/2017\/11\/DESAPARICION-FORZADA.jpg","contentUrl":"http:\/\/nocioabundo.com\/wp-content\/uploads\/2017\/11\/DESAPARICION-FORZADA.jpg"},{"@type":"BreadcrumbList","@id":"https:\/\/laredsocial-noticias.com\/wp\/mexico-da-un-paso-adelante-en-materia-de-desaparicion-forzada-de-personas\/#breadcrumb","itemListElement":[{"@type":"ListItem","position":1,"name":"Portada","item":"https:\/\/laredsocial-noticias.com\/wp\/"},{"@type":"ListItem","position":2,"name":"M\u00e9xico da un paso adelante en materia de Desaparici\u00f3n Forzada de Personas"}]},{"@type":"WebSite","@id":"https:\/\/laredsocial-noticias.com\/wp\/#website","url":"https:\/\/laredsocial-noticias.com\/wp\/","name":"NOTICIAS","description":"Lo que se ve y se dice en las redes sociales","potentialAction":[{"@type":"SearchAction","target":{"@type":"EntryPoint","urlTemplate":"https:\/\/laredsocial-noticias.com\/wp\/?s={search_term_string}"},"query-input":{"@type":"PropertyValueSpecification","valueRequired":true,"valueName":"search_term_string"}}],"inLanguage":"es"},{"@type":"Person","@id":"https:\/\/laredsocial-noticias.com\/wp\/#\/schema\/person\/0ce78643f2de7aae6f6ef10e8453a6e0","name":"Editor en Jefe","url":"https:\/\/laredsocial-noticias.com\/wp\/author\/jorgeochoa\/"}]}},"_links":{"self":[{"href":"https:\/\/laredsocial-noticias.com\/wp\/wp-json\/wp\/v2\/posts\/82585","targetHints":{"allow":["GET"]}}],"collection":[{"href":"https:\/\/laredsocial-noticias.com\/wp\/wp-json\/wp\/v2\/posts"}],"about":[{"href":"https:\/\/laredsocial-noticias.com\/wp\/wp-json\/wp\/v2\/types\/post"}],"author":[{"embeddable":true,"href":"https:\/\/laredsocial-noticias.com\/wp\/wp-json\/wp\/v2\/users\/1"}],"replies":[{"embeddable":true,"href":"https:\/\/laredsocial-noticias.com\/wp\/wp-json\/wp\/v2\/comments?post=82585"}],"version-history":[{"count":1,"href":"https:\/\/laredsocial-noticias.com\/wp\/wp-json\/wp\/v2\/posts\/82585\/revisions"}],"predecessor-version":[{"id":82587,"href":"https:\/\/laredsocial-noticias.com\/wp\/wp-json\/wp\/v2\/posts\/82585\/revisions\/82587"}],"wp:attachment":[{"href":"https:\/\/laredsocial-noticias.com\/wp\/wp-json\/wp\/v2\/media?parent=82585"}],"wp:term":[{"taxonomy":"category","embeddable":true,"href":"https:\/\/laredsocial-noticias.com\/wp\/wp-json\/wp\/v2\/categories?post=82585"},{"taxonomy":"post_tag","embeddable":true,"href":"https:\/\/laredsocial-noticias.com\/wp\/wp-json\/wp\/v2\/tags?post=82585"}],"curies":[{"name":"wp","href":"https:\/\/api.w.org\/{rel}","templated":true}]}}