{"id":83028,"date":"2017-11-27T18:01:43","date_gmt":"2017-11-27T23:01:43","guid":{"rendered":"http:\/\/laredsocial-noticias.com\/wp\/?p=83028"},"modified":"2017-11-27T18:01:43","modified_gmt":"2017-11-27T23:01:43","slug":"reviven-priistas-viejas-practicas-y-se-engallan-oposicion-reacciona","status":"publish","type":"post","link":"https:\/\/laredsocial-noticias.com\/wp\/reviven-priistas-viejas-practicas-y-se-engallan-oposicion-reacciona\/","title":{"rendered":"Reviven priistas viejas pr\u00e1cticas y se engallan; oposici\u00f3n reacciona"},"content":{"rendered":"<p><img loading=\"lazy\" decoding=\"async\" class=\"alignleft wp-image-83029 size-full\" src=\"http:\/\/laredsocial-noticias.com\/wp\/wp-content\/uploads\/2017\/11\/MEADE-CNOP.jpeg\" alt=\"\" width=\"1000\" height=\"750\" data-wp-pid=\"83029\" \/><\/p>\n<p>Las reacciones de los dem\u00e1s partidos no se han hecho esperar: Ricardo Anaya, presidente nacional del PAN, afirm\u00f3 que da igual quien vaya a ser el candidato del PRI, ya que ser\u00e1 derrotado por el Frente Ciudadano por M\u00e9xico.<\/p>\n<p>En un comunicado, apunt\u00f3 que \u201clos grandes problemas de M\u00e9xico no se han podido resolver porque lo que se necesita es un cambio profundo, un cambio de r\u00e9gimen&#8221;.<\/p>\n<p>Anaya Cort\u00e9s agreg\u00f3 que ocho de cada diez mexicanos quieren un cambio y que esto no puede ser posible con lo mismo y con los mismos.<\/p>\n<p>Dijo que \u201cel Frente Ciudadano por M\u00e9xico es hoy la \u00fanica esperanza que tienen los mexicanos de un futuro mejor\u201d.<\/p>\n<p><img loading=\"lazy\" decoding=\"async\" class=\"alignleft wp-image-83030 size-full\" src=\"http:\/\/laredsocial-noticias.com\/wp\/wp-content\/uploads\/2017\/11\/meade-CNOP-2.jpeg\" alt=\"\" width=\"1280\" height=\"960\" data-wp-pid=\"83030\" \/>El presidente de Morena y aspirante presidencial, Andr\u00e9s Manuel L\u00f3pez Obrador, se pronunci\u00f3 este lunes tras el anuncio de Jos\u00e9 Antonio Meade de que buscar\u00e1 la candidatura del PRI a la presidencia y dijo que \u201cadem\u00e1s de corruptos, se han vuelto muy predecibles\u201d.<\/p>\n<p>\u201cLo de Meade ni a destape llega\u201d, dijo tambi\u00e9n en su cuenta de Twitter.<\/p>\n<p><img loading=\"lazy\" decoding=\"async\" class=\"alignleft size-medium wp-image-83031\" src=\"http:\/\/laredsocial-noticias.com\/wp\/wp-content\/uploads\/2017\/11\/pena-meade-300x276.jpeg\" alt=\"\" width=\"300\" height=\"276\" data-wp-pid=\"83031\" \/>L\u00f3pez Obrador, quien el viernes pasado dijo que se registrar\u00e1 como precandidato a la presidencia por Morena el 12 de diciembre, dedic\u00f3 tambi\u00e9n cr\u00edticas al nuevo secretario de Hacienda, Jos\u00e9 Antonio Gonz\u00e1lez Anaya.<\/p>\n<p>\u201cEl director de Pemex fue ascendido a secretario de Hacienda. Durante su gesti\u00f3n cay\u00f3 la producci\u00f3n petrolera y se aprob\u00f3 el gasolinazo; tiene el m\u00e9rito de ser concu\u00f1o de Salinas\u201d.<\/p>\n<p>El mensaje que poste\u00f3 L\u00f3pez Obrador inclu\u00eda un video del pasado 29 de junio, en el que dijo que: \u201cLa mafia del poder ya est\u00e1 decidiendo tener dos candidatos a la presidencia, uno el principal, que seguramente va a ser Meade, ese va a tener el apoyo del PRI y tambi\u00e9n el apoyo del PAN. El secretario de Hacienda actual fue tambi\u00e9n secretario de Hacienda con el PAN\u201d.<\/p>\n<p><img loading=\"lazy\" decoding=\"async\" class=\"alignleft size-medium wp-image-83032\" src=\"http:\/\/laredsocial-noticias.com\/wp\/wp-content\/uploads\/2017\/11\/osorio-meade-300x119.jpeg\" alt=\"\" width=\"300\" height=\"119\" data-wp-pid=\"83032\" \/>El que Jos\u00e9 Antonio Meade sea el pr\u00f3ximo candidato del PRI a la Presidencia de la Rep\u00fablica, es la muestra de que Enrique Pe\u00f1a Nieto (EPN) busca la continuidad de su gobierno fallido, as\u00ed lo expres\u00f3 el Presidente del Consejo Nacional del Partido de la Revoluci\u00f3n Democr\u00e1tica (PRD),\u00a0 \u00c1ngel \u00c1vila Romero.<\/p>\n<p>&#8220;Al m\u00e1s viejo estilo pri\u00edsta, recordando las cargadas de los sectores y tambi\u00e9n de la liturgia pri\u00edsta, hoy EPN ha designado a su candidato presidencial, que seguramente ser\u00e1 el tercer lugar en la elecci\u00f3n del 2018,\u00a0 hoy no existe forma de levantar la anquilosada imagen del PRI y de un gobierno corrupto y en decadencia, reprobado por la mayor\u00eda de los mexicanos&#8221;, enfatiz\u00f3.<\/p>\n<p><img loading=\"lazy\" decoding=\"async\" class=\"alignleft size-medium wp-image-83033\" src=\"http:\/\/laredsocial-noticias.com\/wp\/wp-content\/uploads\/2017\/11\/aurelio-meade-300x126.jpeg\" alt=\"\" width=\"300\" height=\"126\" data-wp-pid=\"83033\" \/>El dirigente perredista se\u00f1al\u00f3 que Jos\u00e9 Antonio Meade, representa m\u00e1s de lo mismo y los mexicanos no caer\u00e1n en esta mascarada. La verdadera opci\u00f3n de cambio es el Frente Ciudadano por M\u00e9xico, que propone una verdadera transformaci\u00f3n del r\u00e9gimen y busca que los ciudadanos participen en esta nueva forma de gobierno para abatir los graves problemas que aquejan a nuestra naci\u00f3n.<\/p>\n<p>Finalmente dijo, &#8220;el Frente Ciudadano por M\u00e9xico est\u00e1 listo para derrotar a las dos caras de una misma moneda, el PRI de EPN y el viejo PRI de AMLO. El Frente resistir\u00e1 todos los ataques y saldremos adelante para ganar el 2018&#8221;.<\/p>\n<p>Ciudad de M\u00e9xico. 27A las 8 de la noche @JoseAMeadeK presentar\u00e1 ante la dirigencia nacional del #PRI su carta de intenci\u00f3n de buscar la candidatura a la Presidencia de la Rep\u00fablica<\/p>\n<p><a href=\"https:\/\/www.facebook.com\/PRIoficial\/videos\/1546481125429246\/\">https:\/\/www.facebook.com\/PRIoficial\/videos\/1546481125429246\/<\/a><\/p>\n","protected":false},"excerpt":{"rendered":"<p>Las reacciones de los dem\u00e1s partidos no se han hecho esperar: Ricardo Anaya, presidente nacional del PAN, afirm\u00f3 que da&#8230;<\/p>\n","protected":false},"author":1,"featured_media":0,"comment_status":"closed","ping_status":"open","sticky":false,"template":"","format":"standard","meta":{"footnotes":""},"categories":[2262,2327],"tags":[],"class_list":["post-83028","post","type-post","status-publish","format-standard","hentry","category-elecciones","category-presidenciables-2018"],"yoast_head":"<!-- This site is optimized with the Yoast SEO plugin v26.5 - https:\/\/yoast.com\/wordpress\/plugins\/seo\/ -->\n<title>Reviven priistas viejas pr\u00e1cticas y se engallan; oposici\u00f3n reacciona - NOTICIAS<\/title>\n<meta name=\"robots\" content=\"index, follow, max-snippet:-1, max-image-preview:large, max-video-preview:-1\" \/>\n<link rel=\"canonical\" href=\"https:\/\/laredsocial-noticias.com\/wp\/reviven-priistas-viejas-practicas-y-se-engallan-oposicion-reacciona\/\" \/>\n<meta property=\"og:locale\" content=\"es_ES\" \/>\n<meta property=\"og:type\" content=\"article\" \/>\n<meta property=\"og:title\" content=\"Reviven priistas viejas pr\u00e1cticas y se engallan; oposici\u00f3n reacciona - NOTICIAS\" \/>\n<meta property=\"og:description\" content=\"Las reacciones de los dem\u00e1s partidos no se han hecho esperar: Ricardo Anaya, presidente nacional del PAN, afirm\u00f3 que da...\" \/>\n<meta property=\"og:url\" content=\"https:\/\/laredsocial-noticias.com\/wp\/reviven-priistas-viejas-practicas-y-se-engallan-oposicion-reacciona\/\" \/>\n<meta property=\"og:site_name\" content=\"NOTICIAS\" \/>\n<meta property=\"article:published_time\" content=\"2017-11-27T23:01:43+00:00\" \/>\n<meta property=\"og:image\" content=\"https:\/\/laredsocial-noticias.com\/wp\/wp-content\/uploads\/2017\/11\/MEADE-CNOP.jpeg\" \/>\n\t<meta property=\"og:image:width\" content=\"1000\" \/>\n\t<meta property=\"og:image:height\" content=\"750\" \/>\n\t<meta property=\"og:image:type\" content=\"image\/jpeg\" \/>\n<meta name=\"author\" content=\"Editor en Jefe\" \/>\n<meta name=\"twitter:card\" content=\"summary_large_image\" \/>\n<meta name=\"twitter:label1\" content=\"Escrito por\" \/>\n\t<meta name=\"twitter:data1\" content=\"Editor en Jefe\" \/>\n\t<meta name=\"twitter:label2\" content=\"Tiempo de lectura\" \/>\n\t<meta name=\"twitter:data2\" content=\"3 minutos\" \/>\n<!-- \/ Yoast SEO plugin. -->","yoast_head_json":{"title":"Reviven priistas viejas pr\u00e1cticas y se engallan; oposici\u00f3n reacciona - NOTICIAS","robots":{"index":"index","follow":"follow","max-snippet":"max-snippet:-1","max-image-preview":"max-image-preview:large","max-video-preview":"max-video-preview:-1"},"canonical":"https:\/\/laredsocial-noticias.com\/wp\/reviven-priistas-viejas-practicas-y-se-engallan-oposicion-reacciona\/","og_locale":"es_ES","og_type":"article","og_title":"Reviven priistas viejas pr\u00e1cticas y se engallan; oposici\u00f3n reacciona - NOTICIAS","og_description":"Las reacciones de los dem\u00e1s partidos no se han hecho esperar: Ricardo Anaya, presidente nacional del PAN, afirm\u00f3 que da...","og_url":"https:\/\/laredsocial-noticias.com\/wp\/reviven-priistas-viejas-practicas-y-se-engallan-oposicion-reacciona\/","og_site_name":"NOTICIAS","article_published_time":"2017-11-27T23:01:43+00:00","og_image":[{"width":1000,"height":750,"url":"https:\/\/laredsocial-noticias.com\/wp\/wp-content\/uploads\/2017\/11\/MEADE-CNOP.jpeg","type":"image\/jpeg"}],"author":"Editor en Jefe","twitter_card":"summary_large_image","twitter_misc":{"Escrito por":"Editor en Jefe","Tiempo de lectura":"3 minutos"},"schema":{"@context":"https:\/\/schema.org","@graph":[{"@type":"WebPage","@id":"https:\/\/laredsocial-noticias.com\/wp\/reviven-priistas-viejas-practicas-y-se-engallan-oposicion-reacciona\/","url":"https:\/\/laredsocial-noticias.com\/wp\/reviven-priistas-viejas-practicas-y-se-engallan-oposicion-reacciona\/","name":"Reviven priistas viejas pr\u00e1cticas y se engallan; oposici\u00f3n reacciona - NOTICIAS","isPartOf":{"@id":"https:\/\/laredsocial-noticias.com\/wp\/#website"},"primaryImageOfPage":{"@id":"https:\/\/laredsocial-noticias.com\/wp\/reviven-priistas-viejas-practicas-y-se-engallan-oposicion-reacciona\/#primaryimage"},"image":{"@id":"https:\/\/laredsocial-noticias.com\/wp\/reviven-priistas-viejas-practicas-y-se-engallan-oposicion-reacciona\/#primaryimage"},"thumbnailUrl":"http:\/\/laredsocial-noticias.com\/wp\/wp-content\/uploads\/2017\/11\/MEADE-CNOP.jpeg","datePublished":"2017-11-27T23:01:43+00:00","author":{"@id":"https:\/\/laredsocial-noticias.com\/wp\/#\/schema\/person\/0ce78643f2de7aae6f6ef10e8453a6e0"},"breadcrumb":{"@id":"https:\/\/laredsocial-noticias.com\/wp\/reviven-priistas-viejas-practicas-y-se-engallan-oposicion-reacciona\/#breadcrumb"},"inLanguage":"es","potentialAction":[{"@type":"ReadAction","target":["https:\/\/laredsocial-noticias.com\/wp\/reviven-priistas-viejas-practicas-y-se-engallan-oposicion-reacciona\/"]}]},{"@type":"ImageObject","inLanguage":"es","@id":"https:\/\/laredsocial-noticias.com\/wp\/reviven-priistas-viejas-practicas-y-se-engallan-oposicion-reacciona\/#primaryimage","url":"","contentUrl":""},{"@type":"BreadcrumbList","@id":"https:\/\/laredsocial-noticias.com\/wp\/reviven-priistas-viejas-practicas-y-se-engallan-oposicion-reacciona\/#breadcrumb","itemListElement":[{"@type":"ListItem","position":1,"name":"Portada","item":"https:\/\/laredsocial-noticias.com\/wp\/"},{"@type":"ListItem","position":2,"name":"Reviven priistas viejas pr\u00e1cticas y se engallan; oposici\u00f3n reacciona"}]},{"@type":"WebSite","@id":"https:\/\/laredsocial-noticias.com\/wp\/#website","url":"https:\/\/laredsocial-noticias.com\/wp\/","name":"NOTICIAS","description":"Lo que se ve y se dice en las redes sociales","potentialAction":[{"@type":"SearchAction","target":{"@type":"EntryPoint","urlTemplate":"https:\/\/laredsocial-noticias.com\/wp\/?s={search_term_string}"},"query-input":{"@type":"PropertyValueSpecification","valueRequired":true,"valueName":"search_term_string"}}],"inLanguage":"es"},{"@type":"Person","@id":"https:\/\/laredsocial-noticias.com\/wp\/#\/schema\/person\/0ce78643f2de7aae6f6ef10e8453a6e0","name":"Editor en Jefe","url":"https:\/\/laredsocial-noticias.com\/wp\/author\/jorgeochoa\/"}]}},"_links":{"self":[{"href":"https:\/\/laredsocial-noticias.com\/wp\/wp-json\/wp\/v2\/posts\/83028","targetHints":{"allow":["GET"]}}],"collection":[{"href":"https:\/\/laredsocial-noticias.com\/wp\/wp-json\/wp\/v2\/posts"}],"about":[{"href":"https:\/\/laredsocial-noticias.com\/wp\/wp-json\/wp\/v2\/types\/post"}],"author":[{"embeddable":true,"href":"https:\/\/laredsocial-noticias.com\/wp\/wp-json\/wp\/v2\/users\/1"}],"replies":[{"embeddable":true,"href":"https:\/\/laredsocial-noticias.com\/wp\/wp-json\/wp\/v2\/comments?post=83028"}],"version-history":[{"count":1,"href":"https:\/\/laredsocial-noticias.com\/wp\/wp-json\/wp\/v2\/posts\/83028\/revisions"}],"predecessor-version":[{"id":83034,"href":"https:\/\/laredsocial-noticias.com\/wp\/wp-json\/wp\/v2\/posts\/83028\/revisions\/83034"}],"wp:attachment":[{"href":"https:\/\/laredsocial-noticias.com\/wp\/wp-json\/wp\/v2\/media?parent=83028"}],"wp:term":[{"taxonomy":"category","embeddable":true,"href":"https:\/\/laredsocial-noticias.com\/wp\/wp-json\/wp\/v2\/categories?post=83028"},{"taxonomy":"post_tag","embeddable":true,"href":"https:\/\/laredsocial-noticias.com\/wp\/wp-json\/wp\/v2\/tags?post=83028"}],"curies":[{"name":"wp","href":"https:\/\/api.w.org\/{rel}","templated":true}]}}