{"id":83112,"date":"2017-11-28T14:43:28","date_gmt":"2017-11-28T19:43:28","guid":{"rendered":"http:\/\/laredsocial-noticias.com\/wp\/?p=83112"},"modified":"2017-11-28T16:06:36","modified_gmt":"2017-11-28T21:06:36","slug":"disfrutaran-miles-de-personas-de-pista-de-hielo-en-el-zocalo","status":"publish","type":"post","link":"https:\/\/laredsocial-noticias.com\/wp\/disfrutaran-miles-de-personas-de-pista-de-hielo-en-el-zocalo\/","title":{"rendered":"Disfrutar\u00e1n miles de personas de pista de hielo en el Z\u00f3calo"},"content":{"rendered":"<p><a href=\"http:\/\/laredsocial-noticias.com\/wp\/wp-content\/uploads\/2017\/11\/281117-PISTA-DE-HIELO-6.jpg\"><img loading=\"lazy\" decoding=\"async\" class=\"alignnone size-medium wp-image-83113\" src=\"http:\/\/laredsocial-noticias.com\/wp\/wp-content\/uploads\/2017\/11\/281117-PISTA-DE-HIELO-6-300x200.jpg\" alt=\"\" width=\"300\" height=\"200\" data-wp-pid=\"83113\" \/><\/a><\/p>\n<p><strong>Por Ana Mar\u00eda Lozada<\/strong><\/p>\n<p>La tradicional pista de hielo del Z\u00f3calo capitalino\u00a0 que ser\u00e1 inaugurada el pr\u00f3ximo 5 de diciembre, contar\u00e1 con una afluencia superior a los 762 mil asistentes que podr\u00e1n disfrutar de dos pistas rectangulares unidas por un \u201ct\u00fanel CDMX\u201d, es decir, un \u201cT\u00f3tem central\u201d ubicado en la parte superior con una estructura circular.<\/p>\n<p>Se trata, indic\u00f3 el jefe de Gobierno, Miguel \u00c1ngel Mancera Espinosa de la atracci\u00f3n principal del programa \u201cInvierno CDMX 2017\u201d, raz\u00f3n por la cual inici\u00f3 el montaje para estar listo la pr\u00f3xima semana.<\/p>\n<p>Dentro de los 4 mil metros cuadrados de \u00e1rea congelada, tambi\u00e9n contar\u00e1n con 10 metros de toboganes: uno de 10 metros de altura con 37 metros de ca\u00edda congelada y 16 metros lineales de frenado; el otro, con 6 de altura, 34 de ca\u00edda congelada y tambi\u00e9n 16 para frenado.<\/p>\n<p>En su reporte diario sobre la construcci\u00f3n de la Ciudad de Mexico, el mandatario capitalino mencion\u00f3 que se espera la asistencia de cientos de miles de personas, visitantes nacionales y extranjeros, por lo que la pista estar\u00e1 abierta doce horas al d\u00eda, es decir, de 10 de la ma\u00f1ana a 22 horas, la \u00faltima entrada ser\u00e1 a las 8:30 horas.<\/p>\n<p>Al igual que el a\u00f1o anterior, la pista de hielo contar\u00e1 con atenci\u00f3n a persona con discapacidad; dispondr\u00e1 de 2 mil 350 pares de patines para todas las edades, 350 con doble cuchilla para los m\u00e1s peque\u00f1os, mil 500 cascos, 550 focas y 120 donas.<\/p>\n<p>Para la atenci\u00f3n de los asistentes, Mancera Espinosa adelant\u00f3 que se emplear\u00e1n a mil 300 j\u00f3venes, con validez para servicio social y tambi\u00e9n \u201cvamos a generar m\u00e1s de 5 mil 600 fuentes de empleo, m\u00e1s de 5 mil 600 fuentes de empleo\u201d.<\/p>\n<p>Con la finalidad de brindar un servicio \u00e1gil, habr\u00e1 24 registros electr\u00f3nicos ubicados en las calles Empedradillo, Pino Su\u00e1rez y en el Templo Mayor, con una pantalla que mostrar\u00e1 horarios y tallas de patines disponibles.<\/p>\n<p>De igual manera, se contar\u00e1 con el encendido del \u00e1rbol y del alumbrado decorativo navide\u00f1o que completar\u00e1n las atracciones invernales.<\/p>\n","protected":false},"excerpt":{"rendered":"<p>Por Ana Mar\u00eda Lozada La tradicional pista de hielo del Z\u00f3calo capitalino\u00a0 que ser\u00e1 inaugurada el pr\u00f3ximo 5 de diciembre,&#8230;<\/p>\n","protected":false},"author":1,"featured_media":0,"comment_status":"closed","ping_status":"open","sticky":false,"template":"","format":"standard","meta":{"footnotes":""},"categories":[91,389,73],"tags":[],"class_list":["post-83112","post","type-post","status-publish","format-standard","hentry","category-cdmx","category-mexico","category-principal"],"yoast_head":"<!-- This site is optimized with the Yoast SEO plugin v26.5 - https:\/\/yoast.com\/wordpress\/plugins\/seo\/ -->\n<title>Disfrutar\u00e1n miles de personas de pista de hielo en el Z\u00f3calo - NOTICIAS<\/title>\n<meta name=\"robots\" content=\"index, follow, max-snippet:-1, max-image-preview:large, max-video-preview:-1\" \/>\n<link rel=\"canonical\" href=\"https:\/\/laredsocial-noticias.com\/wp\/disfrutaran-miles-de-personas-de-pista-de-hielo-en-el-zocalo\/\" \/>\n<meta property=\"og:locale\" content=\"es_ES\" \/>\n<meta property=\"og:type\" content=\"article\" \/>\n<meta property=\"og:title\" content=\"Disfrutar\u00e1n miles de personas de pista de hielo en el Z\u00f3calo - NOTICIAS\" \/>\n<meta property=\"og:description\" content=\"Por Ana Mar\u00eda Lozada La tradicional pista de hielo del Z\u00f3calo capitalino\u00a0 que ser\u00e1 inaugurada el pr\u00f3ximo 5 de diciembre,...\" \/>\n<meta property=\"og:url\" content=\"https:\/\/laredsocial-noticias.com\/wp\/disfrutaran-miles-de-personas-de-pista-de-hielo-en-el-zocalo\/\" \/>\n<meta property=\"og:site_name\" content=\"NOTICIAS\" \/>\n<meta property=\"article:published_time\" content=\"2017-11-28T19:43:28+00:00\" \/>\n<meta property=\"article:modified_time\" content=\"2017-11-28T21:06:36+00:00\" \/>\n<meta property=\"og:image\" content=\"https:\/\/laredsocial-noticias.com\/wp\/wp-content\/uploads\/2017\/11\/281117-PISTA-DE-HIELO-6.jpg\" \/>\n\t<meta property=\"og:image:width\" content=\"3803\" \/>\n\t<meta property=\"og:image:height\" content=\"2534\" \/>\n\t<meta property=\"og:image:type\" content=\"image\/jpeg\" \/>\n<meta name=\"author\" content=\"Editor en Jefe\" \/>\n<meta name=\"twitter:card\" content=\"summary_large_image\" \/>\n<meta name=\"twitter:label1\" content=\"Escrito por\" \/>\n\t<meta name=\"twitter:data1\" content=\"Editor en Jefe\" \/>\n\t<meta name=\"twitter:label2\" content=\"Tiempo de lectura\" \/>\n\t<meta name=\"twitter:data2\" content=\"2 minutos\" \/>\n<!-- \/ Yoast SEO plugin. -->","yoast_head_json":{"title":"Disfrutar\u00e1n miles de personas de pista de hielo en el Z\u00f3calo - NOTICIAS","robots":{"index":"index","follow":"follow","max-snippet":"max-snippet:-1","max-image-preview":"max-image-preview:large","max-video-preview":"max-video-preview:-1"},"canonical":"https:\/\/laredsocial-noticias.com\/wp\/disfrutaran-miles-de-personas-de-pista-de-hielo-en-el-zocalo\/","og_locale":"es_ES","og_type":"article","og_title":"Disfrutar\u00e1n miles de personas de pista de hielo en el Z\u00f3calo - NOTICIAS","og_description":"Por Ana Mar\u00eda Lozada La tradicional pista de hielo del Z\u00f3calo capitalino\u00a0 que ser\u00e1 inaugurada el pr\u00f3ximo 5 de diciembre,...","og_url":"https:\/\/laredsocial-noticias.com\/wp\/disfrutaran-miles-de-personas-de-pista-de-hielo-en-el-zocalo\/","og_site_name":"NOTICIAS","article_published_time":"2017-11-28T19:43:28+00:00","article_modified_time":"2017-11-28T21:06:36+00:00","og_image":[{"width":3803,"height":2534,"url":"https:\/\/laredsocial-noticias.com\/wp\/wp-content\/uploads\/2017\/11\/281117-PISTA-DE-HIELO-6.jpg","type":"image\/jpeg"}],"author":"Editor en Jefe","twitter_card":"summary_large_image","twitter_misc":{"Escrito por":"Editor en Jefe","Tiempo de lectura":"2 minutos"},"schema":{"@context":"https:\/\/schema.org","@graph":[{"@type":"WebPage","@id":"https:\/\/laredsocial-noticias.com\/wp\/disfrutaran-miles-de-personas-de-pista-de-hielo-en-el-zocalo\/","url":"https:\/\/laredsocial-noticias.com\/wp\/disfrutaran-miles-de-personas-de-pista-de-hielo-en-el-zocalo\/","name":"Disfrutar\u00e1n miles de personas de pista de hielo en el Z\u00f3calo - NOTICIAS","isPartOf":{"@id":"https:\/\/laredsocial-noticias.com\/wp\/#website"},"primaryImageOfPage":{"@id":"https:\/\/laredsocial-noticias.com\/wp\/disfrutaran-miles-de-personas-de-pista-de-hielo-en-el-zocalo\/#primaryimage"},"image":{"@id":"https:\/\/laredsocial-noticias.com\/wp\/disfrutaran-miles-de-personas-de-pista-de-hielo-en-el-zocalo\/#primaryimage"},"thumbnailUrl":"http:\/\/laredsocial-noticias.com\/wp\/wp-content\/uploads\/2017\/11\/281117-PISTA-DE-HIELO-6-300x200.jpg","datePublished":"2017-11-28T19:43:28+00:00","dateModified":"2017-11-28T21:06:36+00:00","author":{"@id":"https:\/\/laredsocial-noticias.com\/wp\/#\/schema\/person\/0ce78643f2de7aae6f6ef10e8453a6e0"},"breadcrumb":{"@id":"https:\/\/laredsocial-noticias.com\/wp\/disfrutaran-miles-de-personas-de-pista-de-hielo-en-el-zocalo\/#breadcrumb"},"inLanguage":"es","potentialAction":[{"@type":"ReadAction","target":["https:\/\/laredsocial-noticias.com\/wp\/disfrutaran-miles-de-personas-de-pista-de-hielo-en-el-zocalo\/"]}]},{"@type":"ImageObject","inLanguage":"es","@id":"https:\/\/laredsocial-noticias.com\/wp\/disfrutaran-miles-de-personas-de-pista-de-hielo-en-el-zocalo\/#primaryimage","url":"","contentUrl":""},{"@type":"BreadcrumbList","@id":"https:\/\/laredsocial-noticias.com\/wp\/disfrutaran-miles-de-personas-de-pista-de-hielo-en-el-zocalo\/#breadcrumb","itemListElement":[{"@type":"ListItem","position":1,"name":"Portada","item":"https:\/\/laredsocial-noticias.com\/wp\/"},{"@type":"ListItem","position":2,"name":"Disfrutar\u00e1n miles de personas de pista de hielo en el Z\u00f3calo"}]},{"@type":"WebSite","@id":"https:\/\/laredsocial-noticias.com\/wp\/#website","url":"https:\/\/laredsocial-noticias.com\/wp\/","name":"NOTICIAS","description":"Lo que se ve y se dice en las redes sociales","potentialAction":[{"@type":"SearchAction","target":{"@type":"EntryPoint","urlTemplate":"https:\/\/laredsocial-noticias.com\/wp\/?s={search_term_string}"},"query-input":{"@type":"PropertyValueSpecification","valueRequired":true,"valueName":"search_term_string"}}],"inLanguage":"es"},{"@type":"Person","@id":"https:\/\/laredsocial-noticias.com\/wp\/#\/schema\/person\/0ce78643f2de7aae6f6ef10e8453a6e0","name":"Editor en Jefe","url":"https:\/\/laredsocial-noticias.com\/wp\/author\/jorgeochoa\/"}]}},"_links":{"self":[{"href":"https:\/\/laredsocial-noticias.com\/wp\/wp-json\/wp\/v2\/posts\/83112","targetHints":{"allow":["GET"]}}],"collection":[{"href":"https:\/\/laredsocial-noticias.com\/wp\/wp-json\/wp\/v2\/posts"}],"about":[{"href":"https:\/\/laredsocial-noticias.com\/wp\/wp-json\/wp\/v2\/types\/post"}],"author":[{"embeddable":true,"href":"https:\/\/laredsocial-noticias.com\/wp\/wp-json\/wp\/v2\/users\/1"}],"replies":[{"embeddable":true,"href":"https:\/\/laredsocial-noticias.com\/wp\/wp-json\/wp\/v2\/comments?post=83112"}],"version-history":[{"count":1,"href":"https:\/\/laredsocial-noticias.com\/wp\/wp-json\/wp\/v2\/posts\/83112\/revisions"}],"predecessor-version":[{"id":83114,"href":"https:\/\/laredsocial-noticias.com\/wp\/wp-json\/wp\/v2\/posts\/83112\/revisions\/83114"}],"wp:attachment":[{"href":"https:\/\/laredsocial-noticias.com\/wp\/wp-json\/wp\/v2\/media?parent=83112"}],"wp:term":[{"taxonomy":"category","embeddable":true,"href":"https:\/\/laredsocial-noticias.com\/wp\/wp-json\/wp\/v2\/categories?post=83112"},{"taxonomy":"post_tag","embeddable":true,"href":"https:\/\/laredsocial-noticias.com\/wp\/wp-json\/wp\/v2\/tags?post=83112"}],"curies":[{"name":"wp","href":"https:\/\/api.w.org\/{rel}","templated":true}]}}