{"id":83260,"date":"2017-11-29T21:12:22","date_gmt":"2017-11-30T02:12:22","guid":{"rendered":"http:\/\/laredsocial-noticias.com\/wp\/?p=83260"},"modified":"2017-11-29T21:12:22","modified_gmt":"2017-11-30T02:12:22","slug":"tribunal-electoral-ordena-a-barrales-dejar-la-dirigencia-nacional-del-prd","status":"publish","type":"post","link":"https:\/\/laredsocial-noticias.com\/wp\/tribunal-electoral-ordena-a-barrales-dejar-la-dirigencia-nacional-del-prd\/","title":{"rendered":"Tribunal electoral ordena a Barrales dejar la dirigencia nacional del PRD"},"content":{"rendered":"<p><img loading=\"lazy\" decoding=\"async\" class=\"alignleft wp-image-81023 size-full\" src=\"http:\/\/laredsocial-noticias.com\/wp\/wp-content\/uploads\/2017\/10\/BARRALES-ZAMBRANO-MUJICA.jpg\" alt=\"\" width=\"2688\" height=\"3000\" data-wp-pid=\"81023\" \/>Ciudad de M\u00e9xico. 29\/11\/17.-La Sala Superior del Tribunal Electoral del Poder Judicial de la Federaci\u00f3n (TEPJF) resolvi\u00f3 que era injustificable que la presidenta nacional del Partido de la Revoluci\u00f3n Democr\u00e1tica (PRD),\u00a0<a href=\"https:\/\/www.informador.mx\/alejandra-barrales-t9215\" target=\"_blank\" rel=\"noopener\"><strong>Alejandra Barrales<\/strong><\/a>,\u00a0se prolongara en su doble cargo de dirigente y legisladora.<\/p>\n<p>M\u00e1s de ocho meses despu\u00e9s de que fuera promovido el juicio por esa irregularidad, los magistrados de la Sala Superior resolvieron hoy el caso, consideraron que no se justific\u00f3 que la\u00a0perredista\u00a0se prorrogara en ese doble cargo, y &#8220;ordenaron&#8221; que se separe de esa situaci\u00f3n el 9 de diciembre.<\/p>\n<p>Sin embargo esa es la misma fecha en que se realizar\u00e1 el Consejo Electivo del\u00a0<a href=\"https:\/\/www.informador.mx\/prd-t303\" target=\"_blank\" rel=\"noopener\"><strong>PRD<\/strong><\/a>para elegir nueva\u00a0dirigencia, por lo que Barrales de todas formas iba a dejar la presidencia\u00a0perredista.<\/p>\n<p>El juicio fue impulsado por el ex senador Carlos Sotelo desde marzo, en que Barrarles regres\u00f3 a su esca\u00f1o en el Senado para lograr los votos necesarios para elegir a Dolores Padierna como coordinadora de bancada de ese partido en esa C\u00e1mara, cargo disputado con Miguel Barbosa.<\/p>\n<p>Hoy, tanto Padierna como Barbosa est\u00e1n integrados en Movimiento Regeneraci\u00f3n Nacional (Morena).<\/p>\n<p>La Comisi\u00f3n Nacional Jurisdiccional del PRD mantuvo congelado el asunto y cuando lo resolvi\u00f3 \u2013tras una sentencia del\u00a0<a href=\"https:\/\/www.informador.mx\/tepjf-t1883\" target=\"_blank\" rel=\"noopener\"><strong>TEPJF<\/strong><\/a>&#8211;\u00a0resolvi\u00f3 que el doble cargo ocupado por Barrales tuvo como fin participar en ese proceso de elecci\u00f3n de coordinadora de la bancada en el Senado,\u00a0lo que justific\u00f3 que se le exceptuara del cumplimiento del art\u00edculo 111 del Estatuto del PRD que proh\u00edbe el &#8220;dobleteo&#8221; de cargos.<\/p>\n<p>Hoy mi\u00e9rcoles los magistrados revocaron esa resoluci\u00f3n del \u00f3rgano\u00a0perredista\u00a0pues &#8220;en este caso no se justifica que la raz\u00f3n (de ocupar dos cargos) subsistiera m\u00e1s all\u00e1 de la situaci\u00f3n concreta que la origin\u00f3&#8221; por lo que orden\u00f3 el cese de esa condici\u00f3n.Empero, Barrales dejar\u00e1 la presidencia del PRD el 9 de diciembre por lo que la orden del TEPJF quedar\u00e1 rebasada por el proceso interno perredista.<\/p>\n","protected":false},"excerpt":{"rendered":"<p>Ciudad de M\u00e9xico. 29\/11\/17.-La Sala Superior del Tribunal Electoral del Poder Judicial de la Federaci\u00f3n (TEPJF) resolvi\u00f3 que era injustificable&#8230;<\/p>\n","protected":false},"author":1,"featured_media":0,"comment_status":"closed","ping_status":"open","sticky":false,"template":"","format":"standard","meta":{"footnotes":""},"categories":[2262],"tags":[],"class_list":["post-83260","post","type-post","status-publish","format-standard","hentry","category-elecciones"],"yoast_head":"<!-- This site is optimized with the Yoast SEO plugin v26.5 - https:\/\/yoast.com\/wordpress\/plugins\/seo\/ -->\n<title>Tribunal electoral ordena a Barrales dejar la dirigencia nacional del PRD - NOTICIAS<\/title>\n<meta name=\"robots\" content=\"index, follow, max-snippet:-1, max-image-preview:large, max-video-preview:-1\" \/>\n<link rel=\"canonical\" href=\"https:\/\/laredsocial-noticias.com\/wp\/tribunal-electoral-ordena-a-barrales-dejar-la-dirigencia-nacional-del-prd\/\" \/>\n<meta property=\"og:locale\" content=\"es_ES\" \/>\n<meta property=\"og:type\" content=\"article\" \/>\n<meta property=\"og:title\" content=\"Tribunal electoral ordena a Barrales dejar la dirigencia nacional del PRD - NOTICIAS\" \/>\n<meta property=\"og:description\" content=\"Ciudad de M\u00e9xico. 29\/11\/17.-La Sala Superior del Tribunal Electoral del Poder Judicial de la Federaci\u00f3n (TEPJF) resolvi\u00f3 que era injustificable...\" \/>\n<meta property=\"og:url\" content=\"https:\/\/laredsocial-noticias.com\/wp\/tribunal-electoral-ordena-a-barrales-dejar-la-dirigencia-nacional-del-prd\/\" \/>\n<meta property=\"og:site_name\" content=\"NOTICIAS\" \/>\n<meta property=\"article:published_time\" content=\"2017-11-30T02:12:22+00:00\" \/>\n<meta property=\"og:image\" content=\"https:\/\/laredsocial-noticias.com\/wp\/wp-content\/uploads\/2017\/03\/alejandra-barrales-acusada-de-fraude-en-la-aldf.jpg\" \/>\n\t<meta property=\"og:image:width\" content=\"655\" \/>\n\t<meta property=\"og:image:height\" content=\"363\" \/>\n\t<meta property=\"og:image:type\" content=\"image\/jpeg\" \/>\n<meta name=\"author\" content=\"Editor en Jefe\" \/>\n<meta name=\"twitter:card\" content=\"summary_large_image\" \/>\n<meta name=\"twitter:label1\" content=\"Escrito por\" \/>\n\t<meta name=\"twitter:data1\" content=\"Editor en Jefe\" \/>\n\t<meta name=\"twitter:label2\" content=\"Tiempo de lectura\" \/>\n\t<meta name=\"twitter:data2\" content=\"2 minutos\" \/>\n<!-- \/ Yoast SEO plugin. -->","yoast_head_json":{"title":"Tribunal electoral ordena a Barrales dejar la dirigencia nacional del PRD - NOTICIAS","robots":{"index":"index","follow":"follow","max-snippet":"max-snippet:-1","max-image-preview":"max-image-preview:large","max-video-preview":"max-video-preview:-1"},"canonical":"https:\/\/laredsocial-noticias.com\/wp\/tribunal-electoral-ordena-a-barrales-dejar-la-dirigencia-nacional-del-prd\/","og_locale":"es_ES","og_type":"article","og_title":"Tribunal electoral ordena a Barrales dejar la dirigencia nacional del PRD - NOTICIAS","og_description":"Ciudad de M\u00e9xico. 29\/11\/17.-La Sala Superior del Tribunal Electoral del Poder Judicial de la Federaci\u00f3n (TEPJF) resolvi\u00f3 que era injustificable...","og_url":"https:\/\/laredsocial-noticias.com\/wp\/tribunal-electoral-ordena-a-barrales-dejar-la-dirigencia-nacional-del-prd\/","og_site_name":"NOTICIAS","article_published_time":"2017-11-30T02:12:22+00:00","og_image":[{"width":655,"height":363,"url":"https:\/\/laredsocial-noticias.com\/wp\/wp-content\/uploads\/2017\/03\/alejandra-barrales-acusada-de-fraude-en-la-aldf.jpg","type":"image\/jpeg"}],"author":"Editor en Jefe","twitter_card":"summary_large_image","twitter_misc":{"Escrito por":"Editor en Jefe","Tiempo de lectura":"2 minutos"},"schema":{"@context":"https:\/\/schema.org","@graph":[{"@type":"WebPage","@id":"https:\/\/laredsocial-noticias.com\/wp\/tribunal-electoral-ordena-a-barrales-dejar-la-dirigencia-nacional-del-prd\/","url":"https:\/\/laredsocial-noticias.com\/wp\/tribunal-electoral-ordena-a-barrales-dejar-la-dirigencia-nacional-del-prd\/","name":"Tribunal electoral ordena a Barrales dejar la dirigencia nacional del PRD - NOTICIAS","isPartOf":{"@id":"https:\/\/laredsocial-noticias.com\/wp\/#website"},"primaryImageOfPage":{"@id":"https:\/\/laredsocial-noticias.com\/wp\/tribunal-electoral-ordena-a-barrales-dejar-la-dirigencia-nacional-del-prd\/#primaryimage"},"image":{"@id":"https:\/\/laredsocial-noticias.com\/wp\/tribunal-electoral-ordena-a-barrales-dejar-la-dirigencia-nacional-del-prd\/#primaryimage"},"thumbnailUrl":"http:\/\/laredsocial-noticias.com\/wp\/wp-content\/uploads\/2017\/10\/BARRALES-ZAMBRANO-MUJICA.jpg","datePublished":"2017-11-30T02:12:22+00:00","author":{"@id":"https:\/\/laredsocial-noticias.com\/wp\/#\/schema\/person\/0ce78643f2de7aae6f6ef10e8453a6e0"},"breadcrumb":{"@id":"https:\/\/laredsocial-noticias.com\/wp\/tribunal-electoral-ordena-a-barrales-dejar-la-dirigencia-nacional-del-prd\/#breadcrumb"},"inLanguage":"es","potentialAction":[{"@type":"ReadAction","target":["https:\/\/laredsocial-noticias.com\/wp\/tribunal-electoral-ordena-a-barrales-dejar-la-dirigencia-nacional-del-prd\/"]}]},{"@type":"ImageObject","inLanguage":"es","@id":"https:\/\/laredsocial-noticias.com\/wp\/tribunal-electoral-ordena-a-barrales-dejar-la-dirigencia-nacional-del-prd\/#primaryimage","url":"","contentUrl":""},{"@type":"BreadcrumbList","@id":"https:\/\/laredsocial-noticias.com\/wp\/tribunal-electoral-ordena-a-barrales-dejar-la-dirigencia-nacional-del-prd\/#breadcrumb","itemListElement":[{"@type":"ListItem","position":1,"name":"Portada","item":"https:\/\/laredsocial-noticias.com\/wp\/"},{"@type":"ListItem","position":2,"name":"Tribunal electoral ordena a Barrales dejar la dirigencia nacional del PRD"}]},{"@type":"WebSite","@id":"https:\/\/laredsocial-noticias.com\/wp\/#website","url":"https:\/\/laredsocial-noticias.com\/wp\/","name":"NOTICIAS","description":"Lo que se ve y se dice en las redes sociales","potentialAction":[{"@type":"SearchAction","target":{"@type":"EntryPoint","urlTemplate":"https:\/\/laredsocial-noticias.com\/wp\/?s={search_term_string}"},"query-input":{"@type":"PropertyValueSpecification","valueRequired":true,"valueName":"search_term_string"}}],"inLanguage":"es"},{"@type":"Person","@id":"https:\/\/laredsocial-noticias.com\/wp\/#\/schema\/person\/0ce78643f2de7aae6f6ef10e8453a6e0","name":"Editor en Jefe","url":"https:\/\/laredsocial-noticias.com\/wp\/author\/jorgeochoa\/"}]}},"_links":{"self":[{"href":"https:\/\/laredsocial-noticias.com\/wp\/wp-json\/wp\/v2\/posts\/83260","targetHints":{"allow":["GET"]}}],"collection":[{"href":"https:\/\/laredsocial-noticias.com\/wp\/wp-json\/wp\/v2\/posts"}],"about":[{"href":"https:\/\/laredsocial-noticias.com\/wp\/wp-json\/wp\/v2\/types\/post"}],"author":[{"embeddable":true,"href":"https:\/\/laredsocial-noticias.com\/wp\/wp-json\/wp\/v2\/users\/1"}],"replies":[{"embeddable":true,"href":"https:\/\/laredsocial-noticias.com\/wp\/wp-json\/wp\/v2\/comments?post=83260"}],"version-history":[{"count":1,"href":"https:\/\/laredsocial-noticias.com\/wp\/wp-json\/wp\/v2\/posts\/83260\/revisions"}],"predecessor-version":[{"id":83263,"href":"https:\/\/laredsocial-noticias.com\/wp\/wp-json\/wp\/v2\/posts\/83260\/revisions\/83263"}],"wp:attachment":[{"href":"https:\/\/laredsocial-noticias.com\/wp\/wp-json\/wp\/v2\/media?parent=83260"}],"wp:term":[{"taxonomy":"category","embeddable":true,"href":"https:\/\/laredsocial-noticias.com\/wp\/wp-json\/wp\/v2\/categories?post=83260"},{"taxonomy":"post_tag","embeddable":true,"href":"https:\/\/laredsocial-noticias.com\/wp\/wp-json\/wp\/v2\/tags?post=83260"}],"curies":[{"name":"wp","href":"https:\/\/api.w.org\/{rel}","templated":true}]}}