{"id":84880,"date":"2017-12-27T13:03:37","date_gmt":"2017-12-27T18:03:37","guid":{"rendered":"http:\/\/laredsocial-noticias.com\/wp\/?p=84880"},"modified":"2017-12-27T13:03:37","modified_gmt":"2017-12-27T18:03:37","slug":"respetaremos-decision-de-la-corte-sobre-seguridad-interior-defensa","status":"publish","type":"post","link":"https:\/\/laredsocial-noticias.com\/wp\/respetaremos-decision-de-la-corte-sobre-seguridad-interior-defensa\/","title":{"rendered":"Respetaremos decisi\u00f3n de la Corte sobre seguridad interior: Defensa"},"content":{"rendered":"<p><img loading=\"lazy\" decoding=\"async\" class=\"alignleft wp-image-84881 size-full\" src=\"http:\/\/laredsocial-noticias.com\/wp\/wp-content\/uploads\/2017\/12\/FUERZAS-ARMADAS.jpg\" alt=\"\" width=\"873\" height=\"581\" data-wp-pid=\"84881\" \/><\/p>\n<p>Ciudad de M\u00e9xico. 27\/12\/17.Agencia SIC.- Mientras los asesinatos y ejecuciones siguen sin control por todo el territorio nacional, sin que existan autoridades de ninguno de los tres niveles que puedan contenerlas, las Fuerzas Armadas advirtieron que se sujetar\u00e1n a la decisi\u00f3n de la Suprema Corte si \u00e9sta decide congelar la Ley de Seguridad Interior aunque ello implique dejar sumido al pa\u00eds en el terror de las disputas del narcotr\u00e1fico y el crimen organizado.<\/p>\n<p>Grupos de presuntas organizaciones civiles realizaron una manifestaci\u00f3n en las puertas de la Suprema Corte de Justicia de la Naci\u00f3n (SCJN) para exigir que la Ley de Seguridad Interior sea declarada inconstitucional. Mientras eso ocurr\u00eda en la capital de la Rep\u00fablica, en Sinaloa la navidad se ti\u00f1\u00f3 de rojo con una serie de ejecuciones y mensajes de bandas rivales que se disputan el control de la plaza sin que el gobierno estatal intervenga para bien ni para mal.<\/p>\n<p>Los integrantes de la organizaci\u00f3n civil \u201cSomos M\u00e1s\u201d encabezaron la movilizaci\u00f3n y demandaron que los ministros analicen bien la iniciativa aprobada por el Congreso, ya publicada en el Diario Oficial de la Federaci\u00f3n, bajo el argumento de que \u201cviola al menos seis art\u00edculos de la Constituci\u00f3n, asegur\u00f3 Emilio Serrano, dirigente de Somos M\u00e1s.<\/p>\n<p>Afirm\u00f3 que dicha organizaci\u00f3n apoyar\u00e1 la controversia constitucional que presentar\u00e1 la Comisi\u00f3n Nacional de los Derechos Humanos (CNDH) en contra de la reforma legislativa que regula la actuaci\u00f3n de las Fuerzas Armadas en las labores de seguridad p\u00fablica.<\/p>\n<p>Hace d\u00edas, el organismo dijo que ya dio inicio al estudio correspondiente para presentar una acci\u00f3n de inconstitucionalidad contra esa norma pues puede propiciar que se vulneren los derechos humanos.<\/p>\n<p>El secretario de la Defensa Nacional, el general Salvador Cienfuegos Zepeda, se\u00f1al\u00f3 que respetar\u00e1n lo que finalmente decidan tanto el poder Legislativo como el poder Judicial, respecto a la Ley de Seguridad Interior, y agradeci\u00f3 \u201cel esfuerzo que hizo el Congreso para otorgar esta ley\u201d.<\/p>\n<p>Cienfuegos Zepeda se\u00f1al\u00f3 que la Ley de Seguridad Interior es un marco jur\u00eddico que las Fuerzas Armadas han estado solicitando y que estar\u00e1n atentos a las determinaciones que haga la Suprema Corte de Justicia de la Naci\u00f3n. Resalt\u00f3 que \u201ccomo siempre ha sido, respetaremos lo que finalmente se decida tanto por el poder Legislativo como por el poder Judicial\u201d.<\/p>\n<p>Sin embargo, mientras se da esa pol\u00e9mica, datos oficiales muestran que el narcomenudeo ha crecido en el pa\u00eds. En 2017, las denuncias por distribuci\u00f3n de drogas al menudeo subieron m\u00e1s de 15%.<\/p>\n<p>Los estados de Chihuahua y Baja California, fronterizos con Estados Unidos, son los que encabezan esta tasa de incidencia.<\/p>\n<p>Las procuradur\u00edas y fiscal\u00edas del pa\u00eds, menos la del Estado de M\u00e9xico que no revel\u00f3 en el registro oficial su n\u00famero de casos, reportaron de enero a noviembre de 2017 un total de 40 mil 172 carpetas de investigaci\u00f3n.<\/p>\n<p>Se trata de al menos 121 nuevas denuncias por narcomenudeo que pasan a ser carpetas de investigaci\u00f3n cada d\u00eda en M\u00e9xico.<\/p>\n<p>Las tasas por averiguaciones abiertas de este delito equivalen a 32.5 denuncias por cada cien mil habitantes.<\/p>\n<p>En contraste con 2016, la tasa fue de 28.2 casos por cien mil habitantes. Es decir, hubo un incremento en la incidencia del narcomenudeo de 15.2%.<\/p>\n<p>Aunque hay 12 entidades que est\u00e1n por encima de la tasa nacional del delito de narcomenudeo, la mayor incidencia es en Chihuahua, con un promedio de 196.6 denuncias, casi seis veces superior al promedio en el pa\u00eds.<\/p>\n<p>Este a\u00f1o se iniciaron siete mil 437 carpetas de investigaci\u00f3n por narcomenudeo en ese estado y representan casi el 18% de los casos registrado en el pa\u00eds.<\/p>\n<p>En el caso de Baja California, que se encuentra en segundo lugar, su tasa es de 145.8 denuncias. En esta entidad se han iniciado en este a\u00f1o cinco mil 227 denuncias por narcomenudeo.<\/p>\n<p>Colima se encuentra en el tercer sitio con una tasa en 2017 de 117 denuncias por cada cien mil habitantes y tambi\u00e9n, ese estado es el que tiene la mayor tasa de homicidios violentos en M\u00e9xico.<\/p>\n<p>A Colima le sigue Coahuila, cuyos casos reportados representan una tasa de 101.3 denuncias, y luego aparece Guanajuato con un registro casi id\u00e9ntico: 101.2 casos.<\/p>\n<p>Baja California Sur, Aguascalientes, Nuevo Le\u00f3n, Durango, Quer\u00e9taro, Michoac\u00e1n y Morelos, son otros de los estados donde se reporta una tasa de narcomenudeo arriba del nivel nacional.<\/p>\n<p>Por el contrario, en Tabasco solo se reportan este a\u00f1o 35 carpetas de investigaci\u00f3n iniciadas por narcomenudeo, el equivalente a una tasa de 1.4 casos, la m\u00e1s baja del pa\u00eds. Un poco arriba est\u00e1 Veracruz con una tasa de solo dos casos, y Tlaxcala con 3.2<\/p>\n<p>El Edomex ser\u00eda la entidad con la tasa m\u00e1s baja de narcomenudeo porque aparece con cero casos en este a\u00f1o pero, las autoridades federales no creen en el reporte y ya investigan para conocer la verdadera situaci\u00f3n de este delito.<\/p>\n<p>En tanto, el precandidato del PRI-PVEM-PANAL a la presidencia de la Rep\u00fablica, Jos\u00e9 Antonio Meade, dijo desde Monterrey, Nuevo Le\u00f3n, que el tema \u201cse ha politizado\u201d porque que todas las leyes son perfectibles y se pueden enriquecer en el tiempo.<\/p>\n<p>\u201c\u00bfPero qu\u00e9 nos compra esta legislaci\u00f3n? Nos compra la certeza de que es en el di\u00e1logo, y en el marco de la ley, que habr\u00e1 la presencia para fortalecer la seguridad interior\u201d.<\/p>\n<p>Con la expedici\u00f3n de la nueva ley, detall\u00f3, se podr\u00e1 definir modo, tiempo, circunstancia e instrumentos para la participaci\u00f3n de las Fuerzas Armadas en tareas de apoyo a la seguridad p\u00fablica.<\/p>\n","protected":false},"excerpt":{"rendered":"<p>Ciudad de M\u00e9xico. 27\/12\/17.Agencia SIC.- Mientras los asesinatos y ejecuciones siguen sin control por todo el territorio nacional, sin que&#8230;<\/p>\n","protected":false},"author":1,"featured_media":0,"comment_status":"closed","ping_status":"open","sticky":false,"template":"","format":"standard","meta":{"footnotes":""},"categories":[2423,48,2327,3716,13],"tags":[],"class_list":["post-84880","post","type-post","status-publish","format-standard","hentry","category-crimen-organizado","category-narcotrafico","category-presidenciables-2018","category-seguridad-interior","category-seguridad-nacional"],"yoast_head":"<!-- This site is optimized with the Yoast SEO plugin v26.5 - https:\/\/yoast.com\/wordpress\/plugins\/seo\/ -->\n<title>Respetaremos decisi\u00f3n de la Corte sobre seguridad interior: Defensa - NOTICIAS<\/title>\n<meta name=\"robots\" content=\"index, follow, max-snippet:-1, max-image-preview:large, max-video-preview:-1\" \/>\n<link rel=\"canonical\" href=\"https:\/\/laredsocial-noticias.com\/wp\/respetaremos-decision-de-la-corte-sobre-seguridad-interior-defensa\/\" \/>\n<meta property=\"og:locale\" content=\"es_ES\" \/>\n<meta property=\"og:type\" content=\"article\" \/>\n<meta property=\"og:title\" content=\"Respetaremos decisi\u00f3n de la Corte sobre seguridad interior: Defensa - NOTICIAS\" \/>\n<meta property=\"og:description\" content=\"Ciudad de M\u00e9xico. 27\/12\/17.Agencia SIC.- Mientras los asesinatos y ejecuciones siguen sin control por todo el territorio nacional, sin que...\" \/>\n<meta property=\"og:url\" content=\"https:\/\/laredsocial-noticias.com\/wp\/respetaremos-decision-de-la-corte-sobre-seguridad-interior-defensa\/\" \/>\n<meta property=\"og:site_name\" content=\"NOTICIAS\" \/>\n<meta property=\"article:published_time\" content=\"2017-12-27T18:03:37+00:00\" \/>\n<meta property=\"og:image\" content=\"http:\/\/laredsocial-noticias.com\/wp\/wp-content\/uploads\/2017\/12\/FUERZAS-ARMADAS.jpg\" \/>\n<meta name=\"author\" content=\"Editor en Jefe\" \/>\n<meta name=\"twitter:card\" content=\"summary_large_image\" \/>\n<meta name=\"twitter:label1\" content=\"Escrito por\" \/>\n\t<meta name=\"twitter:data1\" content=\"Editor en Jefe\" \/>\n\t<meta name=\"twitter:label2\" content=\"Tiempo de lectura\" \/>\n\t<meta name=\"twitter:data2\" content=\"5 minutos\" \/>\n<!-- \/ Yoast SEO plugin. -->","yoast_head_json":{"title":"Respetaremos decisi\u00f3n de la Corte sobre seguridad interior: Defensa - NOTICIAS","robots":{"index":"index","follow":"follow","max-snippet":"max-snippet:-1","max-image-preview":"max-image-preview:large","max-video-preview":"max-video-preview:-1"},"canonical":"https:\/\/laredsocial-noticias.com\/wp\/respetaremos-decision-de-la-corte-sobre-seguridad-interior-defensa\/","og_locale":"es_ES","og_type":"article","og_title":"Respetaremos decisi\u00f3n de la Corte sobre seguridad interior: Defensa - NOTICIAS","og_description":"Ciudad de M\u00e9xico. 27\/12\/17.Agencia SIC.- Mientras los asesinatos y ejecuciones siguen sin control por todo el territorio nacional, sin que...","og_url":"https:\/\/laredsocial-noticias.com\/wp\/respetaremos-decision-de-la-corte-sobre-seguridad-interior-defensa\/","og_site_name":"NOTICIAS","article_published_time":"2017-12-27T18:03:37+00:00","og_image":[{"url":"http:\/\/laredsocial-noticias.com\/wp\/wp-content\/uploads\/2017\/12\/FUERZAS-ARMADAS.jpg","type":"","width":"","height":""}],"author":"Editor en Jefe","twitter_card":"summary_large_image","twitter_misc":{"Escrito por":"Editor en Jefe","Tiempo de lectura":"5 minutos"},"schema":{"@context":"https:\/\/schema.org","@graph":[{"@type":"WebPage","@id":"https:\/\/laredsocial-noticias.com\/wp\/respetaremos-decision-de-la-corte-sobre-seguridad-interior-defensa\/","url":"https:\/\/laredsocial-noticias.com\/wp\/respetaremos-decision-de-la-corte-sobre-seguridad-interior-defensa\/","name":"Respetaremos decisi\u00f3n de la Corte sobre seguridad interior: Defensa - NOTICIAS","isPartOf":{"@id":"https:\/\/laredsocial-noticias.com\/wp\/#website"},"primaryImageOfPage":{"@id":"https:\/\/laredsocial-noticias.com\/wp\/respetaremos-decision-de-la-corte-sobre-seguridad-interior-defensa\/#primaryimage"},"image":{"@id":"https:\/\/laredsocial-noticias.com\/wp\/respetaremos-decision-de-la-corte-sobre-seguridad-interior-defensa\/#primaryimage"},"thumbnailUrl":"http:\/\/laredsocial-noticias.com\/wp\/wp-content\/uploads\/2017\/12\/FUERZAS-ARMADAS.jpg","datePublished":"2017-12-27T18:03:37+00:00","author":{"@id":"https:\/\/laredsocial-noticias.com\/wp\/#\/schema\/person\/0ce78643f2de7aae6f6ef10e8453a6e0"},"breadcrumb":{"@id":"https:\/\/laredsocial-noticias.com\/wp\/respetaremos-decision-de-la-corte-sobre-seguridad-interior-defensa\/#breadcrumb"},"inLanguage":"es","potentialAction":[{"@type":"ReadAction","target":["https:\/\/laredsocial-noticias.com\/wp\/respetaremos-decision-de-la-corte-sobre-seguridad-interior-defensa\/"]}]},{"@type":"ImageObject","inLanguage":"es","@id":"https:\/\/laredsocial-noticias.com\/wp\/respetaremos-decision-de-la-corte-sobre-seguridad-interior-defensa\/#primaryimage","url":"http:\/\/laredsocial-noticias.com\/wp\/wp-content\/uploads\/2017\/12\/FUERZAS-ARMADAS.jpg","contentUrl":"http:\/\/laredsocial-noticias.com\/wp\/wp-content\/uploads\/2017\/12\/FUERZAS-ARMADAS.jpg"},{"@type":"BreadcrumbList","@id":"https:\/\/laredsocial-noticias.com\/wp\/respetaremos-decision-de-la-corte-sobre-seguridad-interior-defensa\/#breadcrumb","itemListElement":[{"@type":"ListItem","position":1,"name":"Portada","item":"https:\/\/laredsocial-noticias.com\/wp\/"},{"@type":"ListItem","position":2,"name":"Respetaremos decisi\u00f3n de la Corte sobre seguridad interior: Defensa"}]},{"@type":"WebSite","@id":"https:\/\/laredsocial-noticias.com\/wp\/#website","url":"https:\/\/laredsocial-noticias.com\/wp\/","name":"NOTICIAS","description":"Lo que se ve y se dice en las redes sociales","potentialAction":[{"@type":"SearchAction","target":{"@type":"EntryPoint","urlTemplate":"https:\/\/laredsocial-noticias.com\/wp\/?s={search_term_string}"},"query-input":{"@type":"PropertyValueSpecification","valueRequired":true,"valueName":"search_term_string"}}],"inLanguage":"es"},{"@type":"Person","@id":"https:\/\/laredsocial-noticias.com\/wp\/#\/schema\/person\/0ce78643f2de7aae6f6ef10e8453a6e0","name":"Editor en Jefe","url":"https:\/\/laredsocial-noticias.com\/wp\/author\/jorgeochoa\/"}]}},"_links":{"self":[{"href":"https:\/\/laredsocial-noticias.com\/wp\/wp-json\/wp\/v2\/posts\/84880","targetHints":{"allow":["GET"]}}],"collection":[{"href":"https:\/\/laredsocial-noticias.com\/wp\/wp-json\/wp\/v2\/posts"}],"about":[{"href":"https:\/\/laredsocial-noticias.com\/wp\/wp-json\/wp\/v2\/types\/post"}],"author":[{"embeddable":true,"href":"https:\/\/laredsocial-noticias.com\/wp\/wp-json\/wp\/v2\/users\/1"}],"replies":[{"embeddable":true,"href":"https:\/\/laredsocial-noticias.com\/wp\/wp-json\/wp\/v2\/comments?post=84880"}],"version-history":[{"count":1,"href":"https:\/\/laredsocial-noticias.com\/wp\/wp-json\/wp\/v2\/posts\/84880\/revisions"}],"predecessor-version":[{"id":84882,"href":"https:\/\/laredsocial-noticias.com\/wp\/wp-json\/wp\/v2\/posts\/84880\/revisions\/84882"}],"wp:attachment":[{"href":"https:\/\/laredsocial-noticias.com\/wp\/wp-json\/wp\/v2\/media?parent=84880"}],"wp:term":[{"taxonomy":"category","embeddable":true,"href":"https:\/\/laredsocial-noticias.com\/wp\/wp-json\/wp\/v2\/categories?post=84880"},{"taxonomy":"post_tag","embeddable":true,"href":"https:\/\/laredsocial-noticias.com\/wp\/wp-json\/wp\/v2\/tags?post=84880"}],"curies":[{"name":"wp","href":"https:\/\/api.w.org\/{rel}","templated":true}]}}