{"id":86948,"date":"2018-02-13T16:57:17","date_gmt":"2018-02-13T21:57:17","guid":{"rendered":"http:\/\/laredsocial-noticias.com\/wp\/?p=86948"},"modified":"2018-02-13T16:57:17","modified_gmt":"2018-02-13T21:57:17","slug":"frente-a-desaires-de-eeuu-se-fortalece-relacion-con-china","status":"publish","type":"post","link":"https:\/\/laredsocial-noticias.com\/wp\/frente-a-desaires-de-eeuu-se-fortalece-relacion-con-china\/","title":{"rendered":"Frente a desaires de EEUU se fortalece relaci\u00f3n con China"},"content":{"rendered":"<p><img loading=\"lazy\" decoding=\"async\" class=\"alignleft wp-image-86949 size-full\" src=\"http:\/\/laredsocial-noticias.com\/wp\/wp-content\/uploads\/2018\/02\/BO5I9426.jpg\" alt=\"\" width=\"5184\" height=\"3456\" \/><\/p>\n<p>&nbsp;<\/p>\n<p>El senador Te\u00f3filo Torres Corzo, presidente de la Comisi\u00f3n de Relaciones Exteriores Asia-Pac\u00edfico, se\u00f1al\u00f3 que M\u00e9xico y China tienen la oportunidad de crear una relaci\u00f3n caracterizada por la confianza, el respeto, por ser abierta e incluyente y por tener un \u00e1mbito comercial de ganancia compartida, as\u00ed como por promover una cooperaci\u00f3n para el desarrollo.<\/p>\n<p>&nbsp;<\/p>\n<p>Lo anterior, agreg\u00f3, se puede alcanzar mediante la eliminaci\u00f3n de todas las diferencias, a fin de lograr un entendimiento mutuo y encontrar intereses compartidos, creando una relaci\u00f3n perdurable en el largo plazo.<\/p>\n<p>&nbsp;<\/p>\n<p>El senador Ernesto Cordero Arroyo, presidente de la Mesa Directiva, dijo a su vez que la relaci\u00f3n bilateral M\u00e9xico-China se ha caracterizado por la fraternidad y el dinamismo, que nos colocan como aliados estrat\u00e9gicos y hacen que los intercambios, pol\u00edticos, econ\u00f3micos, educativos y culturales retomen un renovado \u00edmpetu que promete llevar nuestros lazos aun nuevo nivel.<\/p>\n<p>&nbsp;<\/p>\n<p>Destac\u00f3 que desde el \u00e1mbito parlamentario, la Comisi\u00f3n que preside propuso la creaci\u00f3n del Foro Parlamentario M\u00e9xico-China, el cual se realiz\u00f3 por primera vez en 2010 y desde entonces se ha convertido en un espacio para encontrar soluciones a los desaf\u00edos que conlleva la relaci\u00f3n bilateral.<\/p>\n<p>&nbsp;<\/p>\n<p>Estamos seguros que vamos por el camino indicado y debemos seguir trabajando estrechamente para elaborar juntos nuevos proyectos de colaboraci\u00f3n, ya que los existentes son un gran potencial y generan beneficios, pero se necesitamos m\u00e1s para seguir aportando a nuestras sociedades.<\/p>\n<p>&nbsp;<\/p>\n<p>Manifest\u00f3 que la cultura ha sido un elemento clave en la construcci\u00f3n de la relaci\u00f3n bilateral, ya que tiene la capacidad de generar un mayor entendimiento entre ambas naciones y en el coraz\u00f3n de sus pueblos, por lo que esta exposici\u00f3n es en honor a una naci\u00f3n amiga y busca mostrar al p\u00fablico en general la milenaria celebraci\u00f3n china de la Fiesta de la Primavera.<\/p>\n<p>&nbsp;<\/p>\n<p>El embajador de China en M\u00e9xico, Qiu Xiaoqi, subray\u00f3 el nivel de confianza pol\u00edtica en la relaci\u00f3n bilateral, la cual se ha \u201cfortalecido enormemente en los \u00faltimos cinco a\u00f1os\u201d; tenemos a M\u00e9xico como el segundo socio m\u00e1s importante en Am\u00e9rica Latina.<\/p>\n<p>&nbsp;<\/p>\n<p>Coment\u00f3 que en materia de inversi\u00f3n se han hecho grandes esfuerzos para que cada d\u00eda m\u00e1s inversiones chinas vengan a este pa\u00eds y que las mexicanas vayan a China.<\/p>\n<p>&nbsp;<\/p>\n<p>En el A\u00f1o Cultural de China en M\u00e9xico, se realizaron 200 actividades en varias ciudades y estados de M\u00e9xico, lo que permiti\u00f3 fortalecer los lazos entre ambos pueblos. Somos socios estrat\u00e9gicos integrales y nuestra naci\u00f3n da mucha importancia al papel que M\u00e9xico juega en este momento a nivel internacional, agreg\u00f3.<\/p>\n<p>&nbsp;<\/p>\n<p>En el A\u00f1o Chino que est\u00e1 por terminar, nuestro pa\u00eds se engalan\u00f3 con el A\u00f1o Cultural de China en M\u00e9xico, que contribuy\u00f3 a acercar a nuestros pueblos, a abrazar nuestras diferencias culturales y reconocer que no existen barreras cuando hay disposici\u00f3n de trabajar juntos.<\/p>\n<p>&nbsp;<\/p>\n<p>Cordero Arroyo asegur\u00f3 que \u201cnuestra multiculturalidad nos une y nos da fuerza a chinos y mexicanos por igual\u201d.<\/p>\n<p>&nbsp;<\/p>\n<p>De acuerdo con la tradici\u00f3n, el \u201cA\u00f1o Nuevo Chino 2018\u201d, inicia el 16 de febrero y da paso al a\u00f1o del &#8220;Perro de Tierra&#8221;. Seg\u00fan el calendario asi\u00e1tico, este animal significa carisma y bondad, cualidades que estar\u00e1n presentes durante este ciclo.<\/p>\n<p>&nbsp;<\/p>\n<p>Posteriormente, los senadores y el embajador realizaron un recorrido por la exposici\u00f3n fotogr\u00e1fica \u201cA\u00f1o Nuevo Chino 2018\u201d, en la Galer\u00eda Abierta del Senado, en la plaza Luis Pasteur y en los alrededores de esta Soberan\u00eda.<\/p>\n<p>&nbsp;<\/p>\n<p>Al tiempo que se llevaba a cabo el recorrido por las 80 im\u00e1genes que componen la muestra sobre la celebraci\u00f3n del A\u00f1o Nuevo Chino, se realiz\u00f3 la tradicional danza del Drag\u00f3n y el Le\u00f3n.<\/p>\n<p>&nbsp;<\/p>\n<p>Las fotograf\u00edas muestran la enorme riqueza cultural en la celebraci\u00f3n de la Fiesta de la Primavera, la cual de acuerdo con las palabras de los senadores \u201cconecta profundamente a mexicanos y a chinos\u201d, pues \u201csabemos que la vida debe celebrarse y compartirse, es una fiesta que nos une en un solo coraz\u00f3n\u201d.<\/p>\n","protected":false},"excerpt":{"rendered":"<p>&nbsp; El senador Te\u00f3filo Torres Corzo, presidente de la Comisi\u00f3n de Relaciones Exteriores Asia-Pac\u00edfico, se\u00f1al\u00f3 que M\u00e9xico y China tienen&#8230;<\/p>\n","protected":false},"author":1,"featured_media":0,"comment_status":"closed","ping_status":"open","sticky":false,"template":"","format":"standard","meta":{"footnotes":""},"categories":[27,101,102,59],"tags":[],"class_list":["post-86948","post","type-post","status-publish","format-standard","hentry","category-congreso-de-la-union","category-internacional","category-internacionales","category-senado"],"yoast_head":"<!-- This site is optimized with the Yoast SEO plugin v26.5 - https:\/\/yoast.com\/wordpress\/plugins\/seo\/ -->\n<title>Frente a desaires de EEUU se fortalece relaci\u00f3n con China - NOTICIAS<\/title>\n<meta name=\"robots\" content=\"index, follow, max-snippet:-1, max-image-preview:large, max-video-preview:-1\" \/>\n<link rel=\"canonical\" href=\"https:\/\/laredsocial-noticias.com\/wp\/frente-a-desaires-de-eeuu-se-fortalece-relacion-con-china\/\" \/>\n<meta property=\"og:locale\" content=\"es_ES\" \/>\n<meta property=\"og:type\" content=\"article\" \/>\n<meta property=\"og:title\" content=\"Frente a desaires de EEUU se fortalece relaci\u00f3n con China - NOTICIAS\" \/>\n<meta property=\"og:description\" content=\"&nbsp; El senador Te\u00f3filo Torres Corzo, presidente de la Comisi\u00f3n de Relaciones Exteriores Asia-Pac\u00edfico, se\u00f1al\u00f3 que M\u00e9xico y China tienen...\" \/>\n<meta property=\"og:url\" content=\"https:\/\/laredsocial-noticias.com\/wp\/frente-a-desaires-de-eeuu-se-fortalece-relacion-con-china\/\" \/>\n<meta property=\"og:site_name\" content=\"NOTICIAS\" \/>\n<meta property=\"article:published_time\" content=\"2018-02-13T21:57:17+00:00\" \/>\n<meta property=\"og:image\" content=\"https:\/\/laredsocial-noticias.com\/wp\/wp-content\/uploads\/2018\/02\/130218-a\u00f1o-chino-6.jpg\" \/>\n\t<meta property=\"og:image:width\" content=\"4740\" \/>\n\t<meta property=\"og:image:height\" content=\"3160\" \/>\n\t<meta property=\"og:image:type\" content=\"image\/jpeg\" \/>\n<meta name=\"author\" content=\"Editor en Jefe\" \/>\n<meta name=\"twitter:card\" content=\"summary_large_image\" \/>\n<meta name=\"twitter:label1\" content=\"Escrito por\" \/>\n\t<meta name=\"twitter:data1\" content=\"Editor en Jefe\" \/>\n\t<meta name=\"twitter:label2\" content=\"Tiempo de lectura\" \/>\n\t<meta name=\"twitter:data2\" content=\"4 minutos\" \/>\n<!-- \/ Yoast SEO plugin. -->","yoast_head_json":{"title":"Frente a desaires de EEUU se fortalece relaci\u00f3n con China - NOTICIAS","robots":{"index":"index","follow":"follow","max-snippet":"max-snippet:-1","max-image-preview":"max-image-preview:large","max-video-preview":"max-video-preview:-1"},"canonical":"https:\/\/laredsocial-noticias.com\/wp\/frente-a-desaires-de-eeuu-se-fortalece-relacion-con-china\/","og_locale":"es_ES","og_type":"article","og_title":"Frente a desaires de EEUU se fortalece relaci\u00f3n con China - NOTICIAS","og_description":"&nbsp; El senador Te\u00f3filo Torres Corzo, presidente de la Comisi\u00f3n de Relaciones Exteriores Asia-Pac\u00edfico, se\u00f1al\u00f3 que M\u00e9xico y China tienen...","og_url":"https:\/\/laredsocial-noticias.com\/wp\/frente-a-desaires-de-eeuu-se-fortalece-relacion-con-china\/","og_site_name":"NOTICIAS","article_published_time":"2018-02-13T21:57:17+00:00","og_image":[{"width":4740,"height":3160,"url":"https:\/\/laredsocial-noticias.com\/wp\/wp-content\/uploads\/2018\/02\/130218-a\u00f1o-chino-6.jpg","type":"image\/jpeg"}],"author":"Editor en Jefe","twitter_card":"summary_large_image","twitter_misc":{"Escrito por":"Editor en Jefe","Tiempo de lectura":"4 minutos"},"schema":{"@context":"https:\/\/schema.org","@graph":[{"@type":"WebPage","@id":"https:\/\/laredsocial-noticias.com\/wp\/frente-a-desaires-de-eeuu-se-fortalece-relacion-con-china\/","url":"https:\/\/laredsocial-noticias.com\/wp\/frente-a-desaires-de-eeuu-se-fortalece-relacion-con-china\/","name":"Frente a desaires de EEUU se fortalece relaci\u00f3n con China - NOTICIAS","isPartOf":{"@id":"https:\/\/laredsocial-noticias.com\/wp\/#website"},"primaryImageOfPage":{"@id":"https:\/\/laredsocial-noticias.com\/wp\/frente-a-desaires-de-eeuu-se-fortalece-relacion-con-china\/#primaryimage"},"image":{"@id":"https:\/\/laredsocial-noticias.com\/wp\/frente-a-desaires-de-eeuu-se-fortalece-relacion-con-china\/#primaryimage"},"thumbnailUrl":"http:\/\/laredsocial-noticias.com\/wp\/wp-content\/uploads\/2018\/02\/BO5I9426.jpg","datePublished":"2018-02-13T21:57:17+00:00","author":{"@id":"https:\/\/laredsocial-noticias.com\/wp\/#\/schema\/person\/0ce78643f2de7aae6f6ef10e8453a6e0"},"breadcrumb":{"@id":"https:\/\/laredsocial-noticias.com\/wp\/frente-a-desaires-de-eeuu-se-fortalece-relacion-con-china\/#breadcrumb"},"inLanguage":"es","potentialAction":[{"@type":"ReadAction","target":["https:\/\/laredsocial-noticias.com\/wp\/frente-a-desaires-de-eeuu-se-fortalece-relacion-con-china\/"]}]},{"@type":"ImageObject","inLanguage":"es","@id":"https:\/\/laredsocial-noticias.com\/wp\/frente-a-desaires-de-eeuu-se-fortalece-relacion-con-china\/#primaryimage","url":"","contentUrl":""},{"@type":"BreadcrumbList","@id":"https:\/\/laredsocial-noticias.com\/wp\/frente-a-desaires-de-eeuu-se-fortalece-relacion-con-china\/#breadcrumb","itemListElement":[{"@type":"ListItem","position":1,"name":"Portada","item":"https:\/\/laredsocial-noticias.com\/wp\/"},{"@type":"ListItem","position":2,"name":"Frente a desaires de EEUU se fortalece relaci\u00f3n con China"}]},{"@type":"WebSite","@id":"https:\/\/laredsocial-noticias.com\/wp\/#website","url":"https:\/\/laredsocial-noticias.com\/wp\/","name":"NOTICIAS","description":"Lo que se ve y se dice en las redes sociales","potentialAction":[{"@type":"SearchAction","target":{"@type":"EntryPoint","urlTemplate":"https:\/\/laredsocial-noticias.com\/wp\/?s={search_term_string}"},"query-input":{"@type":"PropertyValueSpecification","valueRequired":true,"valueName":"search_term_string"}}],"inLanguage":"es"},{"@type":"Person","@id":"https:\/\/laredsocial-noticias.com\/wp\/#\/schema\/person\/0ce78643f2de7aae6f6ef10e8453a6e0","name":"Editor en Jefe","url":"https:\/\/laredsocial-noticias.com\/wp\/author\/jorgeochoa\/"}]}},"_links":{"self":[{"href":"https:\/\/laredsocial-noticias.com\/wp\/wp-json\/wp\/v2\/posts\/86948","targetHints":{"allow":["GET"]}}],"collection":[{"href":"https:\/\/laredsocial-noticias.com\/wp\/wp-json\/wp\/v2\/posts"}],"about":[{"href":"https:\/\/laredsocial-noticias.com\/wp\/wp-json\/wp\/v2\/types\/post"}],"author":[{"embeddable":true,"href":"https:\/\/laredsocial-noticias.com\/wp\/wp-json\/wp\/v2\/users\/1"}],"replies":[{"embeddable":true,"href":"https:\/\/laredsocial-noticias.com\/wp\/wp-json\/wp\/v2\/comments?post=86948"}],"version-history":[{"count":1,"href":"https:\/\/laredsocial-noticias.com\/wp\/wp-json\/wp\/v2\/posts\/86948\/revisions"}],"predecessor-version":[{"id":86951,"href":"https:\/\/laredsocial-noticias.com\/wp\/wp-json\/wp\/v2\/posts\/86948\/revisions\/86951"}],"wp:attachment":[{"href":"https:\/\/laredsocial-noticias.com\/wp\/wp-json\/wp\/v2\/media?parent=86948"}],"wp:term":[{"taxonomy":"category","embeddable":true,"href":"https:\/\/laredsocial-noticias.com\/wp\/wp-json\/wp\/v2\/categories?post=86948"},{"taxonomy":"post_tag","embeddable":true,"href":"https:\/\/laredsocial-noticias.com\/wp\/wp-json\/wp\/v2\/tags?post=86948"}],"curies":[{"name":"wp","href":"https:\/\/api.w.org\/{rel}","templated":true}]}}