{"id":87510,"date":"2018-02-24T18:29:47","date_gmt":"2018-02-24T23:29:47","guid":{"rendered":"http:\/\/laredsocial-noticias.com\/wp\/?p=87510"},"modified":"2018-02-24T18:29:47","modified_gmt":"2018-02-24T23:29:47","slug":"en-la-constitucion-de-la-cdmx-se-introdujeron-derechos-de-avanzada-senado","status":"publish","type":"post","link":"https:\/\/laredsocial-noticias.com\/wp\/en-la-constitucion-de-la-cdmx-se-introdujeron-derechos-de-avanzada-senado\/","title":{"rendered":"En la Constituci\u00f3n de la CDMX se introdujeron derechos de avanzada: Senado"},"content":{"rendered":"<p class=\"x_m_-4728916821088499901gmail-CUERPO\"><span lang=\"ES-TRAD\"><img loading=\"lazy\" decoding=\"async\" class=\"wp-image-31431 size-full aligncenter\" src=\"http:\/\/laredsocial-noticias.com\/wp\/wp-content\/uploads\/2016\/10\/ASAMBLEA-CONSTITUYENTE.jpg\" alt=\"\" width=\"640\" height=\"300\" \/>Con la Constituci\u00f3n de la Ciudad de M\u00e9xico se lograron derechos de avanzada, como es la defensa de los derechos humanos, la igualdad de g\u00e9nero y est\u00e1 enfocada a mejorar la calidad de vida de todos sus habitantes, y se establecieron garant\u00edas que ser\u00e1n exigibles a las autoridades a trav\u00e9s de la legislaci\u00f3n secundaria, destac\u00f3 la senadora Martha Tagle.<\/span><\/p>\n<p class=\"x_m_-4728916821088499901gmail-CUERPO\"><span lang=\"ES-TRAD\">\u00a0<\/span><\/p>\n<p class=\"x_m_-4728916821088499901gmail-CUERPO\"><span lang=\"ES-TRAD\">La senadora sin partido se pronunci\u00f3 de esa manera en el marco del festejo por el \u201cSegundo Aniversario de las Constituyentes CDMX, Feministas y Primer A\u00f1o de la Promulgaci\u00f3n de la Constituci\u00f3n de la Ciudad de M\u00e9xico\u201d, efectuado en el Patio Central de la Antigua Casona de Xicot\u00e9ncatl, ex sede del Senado de la Rep\u00fablica.<\/span><\/p>\n<p class=\"x_m_-4728916821088499901gmail-CUERPO\"><span lang=\"ES-TRAD\">\u00a0<\/span><\/p>\n<p class=\"x_m_-4728916821088499901gmail-CUERPO\"><span lang=\"ES-TRAD\">&#8220;Esta Carta Magna ser\u00e1 un ejemplo para todos los estados del pa\u00eds, porque se enfoca en mejorar la calidad de vida de todos los habitantes, despu\u00e9s de haber librado durante su discusi\u00f3n, an\u00e1lisis y elaboraci\u00f3n una \u2018guerra\u2019 de intereses pol\u00edticos y econ\u00f3micos que imped\u00edan su realizaci\u00f3n&#8221;, reconoci\u00f3.<\/span><\/p>\n<p class=\"x_m_-4728916821088499901gmail-CUERPO\"><span lang=\"ES-TRAD\">\u00a0<\/span><\/p>\n<p class=\"x_m_-4728916821088499901gmail-CUERPO\"><span lang=\"ES-TRAD\">Record\u00f3 que la nueva Constituci\u00f3n de la Ciudad de M\u00e9xico se implementar\u00e1 a partir del pr\u00f3ximo mes de septiembre y que a\u00fan falta un largo camino que recorrer, pues falta la elaboraci\u00f3n de la legislaci\u00f3n secundaria con la creaci\u00f3n de m\u00e1s de 100 leyes.<\/span><\/p>\n<p class=\"x_m_-4728916821088499901gmail-CUERPO\"><span lang=\"ES-TRAD\">\u00a0<\/span><\/p>\n<p class=\"x_m_-4728916821088499901gmail-CUERPO\"><span lang=\"ES-TRAD\">El reto no estar\u00e1 en su implementaci\u00f3n, sino c\u00f3mo ejercer los derechos establecidos en el documento para todos los habitantes de la capital del pa\u00eds, porque todo eso tendr\u00e1 que pasar por condiciones de igualdad y para eso \u201cse tiene que construir ciudadan\u00eda, en lugar de solo construir clientelas electorales\u201d.<\/span><\/p>\n<p class=\"x_m_-4728916821088499901gmail-CUERPO\"><span lang=\"ES-TRAD\">\u00a0<\/span><\/p>\n<p class=\"x_m_-4728916821088499901gmail-CUERPO\"><span lang=\"ES-TRAD\">\u201cLa democracia en la que creen las feministas es aquella que cambia la vida de las personas y no el clientelismo electoral, y este ser\u00e1 el inicio de muchos cambios positivos para los capitalinos\u201d, se\u00f1al\u00f3.<\/span><\/p>\n<p class=\"x_m_-4728916821088499901gmail-CUERPO\"><span lang=\"ES-TRAD\">\u00a0<\/span><\/p>\n<p class=\"x_m_-4728916821088499901gmail-CUERPO\"><span lang=\"ES-TRAD\">Reconoci\u00f3 que es importante que el gobierno de la capital haya pedido la intervenci\u00f3n de la ciudadan\u00eda para lograr esta Constituci\u00f3n; adem\u00e1s la hace \u00fanica porque aborda temas como la paridad en las alcald\u00edas, en los organismos descentralizados, y se anular\u00e1n las elecciones si existe alg\u00fan tipo de violencia pol\u00edtica hacia la mujer.<\/span><\/p>\n<p class=\"x_m_-4728916821088499901gmail-CUERPO\"><span lang=\"ES-TRAD\">\u00a0<\/span><\/p>\n<p class=\"x_m_-4728916821088499901gmail-CUERPO\"><span lang=\"ES-TRAD\">La senadora Tagle Mart\u00ednez expuso que en la Ciudad de M\u00e9xico existen registros de cifras altas de discriminaci\u00f3n hacia grupos vulnerables, para lo cual insisti\u00f3 que la Constituci\u00f3n de la Ciudad de M\u00e9xico no permitir\u00e1 acciones de quienes violen los derechos de ese sector.<\/span><\/p>\n<p class=\"x_m_-4728916821088499901gmail-CUERPO\"><span lang=\"ES-TRAD\">\u00a0<\/span><\/p>\n<p class=\"x_m_-4728916821088499901gmail-CUERPO\"><span lang=\"ES-TRAD\">En el evento participaron la diputada constituyente Gabriela Rodr\u00edguez Ram\u00edrez, la Doctora Yazm\u00edn P\u00e9rez Haro y la especialista en derechos humanos Yndira Sandoval S\u00e1nchez.<\/span><\/p>\n","protected":false},"excerpt":{"rendered":"<p>Con la Constituci\u00f3n de la Ciudad de M\u00e9xico se lograron derechos de avanzada, como es la defensa de los derechos&#8230;<\/p>\n","protected":false},"author":1,"featured_media":0,"comment_status":"closed","ping_status":"open","sticky":false,"template":"","format":"standard","meta":{"footnotes":""},"categories":[91,2835],"tags":[],"class_list":["post-87510","post","type-post","status-publish","format-standard","hentry","category-cdmx","category-ciudad-de-mexico"],"yoast_head":"<!-- This site is optimized with the Yoast SEO plugin v26.5 - https:\/\/yoast.com\/wordpress\/plugins\/seo\/ -->\n<title>En la Constituci\u00f3n de la CDMX se introdujeron derechos de avanzada: Senado - NOTICIAS<\/title>\n<meta name=\"robots\" content=\"index, follow, max-snippet:-1, max-image-preview:large, max-video-preview:-1\" \/>\n<link rel=\"canonical\" href=\"https:\/\/laredsocial-noticias.com\/wp\/en-la-constitucion-de-la-cdmx-se-introdujeron-derechos-de-avanzada-senado\/\" \/>\n<meta property=\"og:locale\" content=\"es_ES\" \/>\n<meta property=\"og:type\" content=\"article\" \/>\n<meta property=\"og:title\" content=\"En la Constituci\u00f3n de la CDMX se introdujeron derechos de avanzada: Senado - NOTICIAS\" \/>\n<meta property=\"og:description\" content=\"Con la Constituci\u00f3n de la Ciudad de M\u00e9xico se lograron derechos de avanzada, como es la defensa de los derechos...\" \/>\n<meta property=\"og:url\" content=\"https:\/\/laredsocial-noticias.com\/wp\/en-la-constitucion-de-la-cdmx-se-introdujeron-derechos-de-avanzada-senado\/\" \/>\n<meta property=\"og:site_name\" content=\"NOTICIAS\" \/>\n<meta property=\"article:published_time\" content=\"2018-02-24T23:29:47+00:00\" \/>\n<meta property=\"og:image\" content=\"https:\/\/laredsocial-noticias.com\/wp\/wp-content\/uploads\/2017\/01\/Asamblea-Constituyente-Ciudad-Mexico4.jpg\" \/>\n\t<meta property=\"og:image:width\" content=\"2048\" \/>\n\t<meta property=\"og:image:height\" content=\"1152\" \/>\n\t<meta property=\"og:image:type\" content=\"image\/jpeg\" \/>\n<meta name=\"author\" content=\"Editor en Jefe\" \/>\n<meta name=\"twitter:card\" content=\"summary_large_image\" \/>\n<meta name=\"twitter:label1\" content=\"Escrito por\" \/>\n\t<meta name=\"twitter:data1\" content=\"Editor en Jefe\" \/>\n\t<meta name=\"twitter:label2\" content=\"Tiempo de lectura\" \/>\n\t<meta name=\"twitter:data2\" content=\"2 minutos\" \/>\n<!-- \/ Yoast SEO plugin. -->","yoast_head_json":{"title":"En la Constituci\u00f3n de la CDMX se introdujeron derechos de avanzada: Senado - NOTICIAS","robots":{"index":"index","follow":"follow","max-snippet":"max-snippet:-1","max-image-preview":"max-image-preview:large","max-video-preview":"max-video-preview:-1"},"canonical":"https:\/\/laredsocial-noticias.com\/wp\/en-la-constitucion-de-la-cdmx-se-introdujeron-derechos-de-avanzada-senado\/","og_locale":"es_ES","og_type":"article","og_title":"En la Constituci\u00f3n de la CDMX se introdujeron derechos de avanzada: Senado - NOTICIAS","og_description":"Con la Constituci\u00f3n de la Ciudad de M\u00e9xico se lograron derechos de avanzada, como es la defensa de los derechos...","og_url":"https:\/\/laredsocial-noticias.com\/wp\/en-la-constitucion-de-la-cdmx-se-introdujeron-derechos-de-avanzada-senado\/","og_site_name":"NOTICIAS","article_published_time":"2018-02-24T23:29:47+00:00","og_image":[{"width":2048,"height":1152,"url":"https:\/\/laredsocial-noticias.com\/wp\/wp-content\/uploads\/2017\/01\/Asamblea-Constituyente-Ciudad-Mexico4.jpg","type":"image\/jpeg"}],"author":"Editor en Jefe","twitter_card":"summary_large_image","twitter_misc":{"Escrito por":"Editor en Jefe","Tiempo de lectura":"2 minutos"},"schema":{"@context":"https:\/\/schema.org","@graph":[{"@type":"WebPage","@id":"https:\/\/laredsocial-noticias.com\/wp\/en-la-constitucion-de-la-cdmx-se-introdujeron-derechos-de-avanzada-senado\/","url":"https:\/\/laredsocial-noticias.com\/wp\/en-la-constitucion-de-la-cdmx-se-introdujeron-derechos-de-avanzada-senado\/","name":"En la Constituci\u00f3n de la CDMX se introdujeron derechos de avanzada: Senado - NOTICIAS","isPartOf":{"@id":"https:\/\/laredsocial-noticias.com\/wp\/#website"},"primaryImageOfPage":{"@id":"https:\/\/laredsocial-noticias.com\/wp\/en-la-constitucion-de-la-cdmx-se-introdujeron-derechos-de-avanzada-senado\/#primaryimage"},"image":{"@id":"https:\/\/laredsocial-noticias.com\/wp\/en-la-constitucion-de-la-cdmx-se-introdujeron-derechos-de-avanzada-senado\/#primaryimage"},"thumbnailUrl":"http:\/\/laredsocial-noticias.com\/wp\/wp-content\/uploads\/2016\/10\/ASAMBLEA-CONSTITUYENTE.jpg","datePublished":"2018-02-24T23:29:47+00:00","author":{"@id":"https:\/\/laredsocial-noticias.com\/wp\/#\/schema\/person\/0ce78643f2de7aae6f6ef10e8453a6e0"},"breadcrumb":{"@id":"https:\/\/laredsocial-noticias.com\/wp\/en-la-constitucion-de-la-cdmx-se-introdujeron-derechos-de-avanzada-senado\/#breadcrumb"},"inLanguage":"es","potentialAction":[{"@type":"ReadAction","target":["https:\/\/laredsocial-noticias.com\/wp\/en-la-constitucion-de-la-cdmx-se-introdujeron-derechos-de-avanzada-senado\/"]}]},{"@type":"ImageObject","inLanguage":"es","@id":"https:\/\/laredsocial-noticias.com\/wp\/en-la-constitucion-de-la-cdmx-se-introdujeron-derechos-de-avanzada-senado\/#primaryimage","url":"","contentUrl":""},{"@type":"BreadcrumbList","@id":"https:\/\/laredsocial-noticias.com\/wp\/en-la-constitucion-de-la-cdmx-se-introdujeron-derechos-de-avanzada-senado\/#breadcrumb","itemListElement":[{"@type":"ListItem","position":1,"name":"Portada","item":"https:\/\/laredsocial-noticias.com\/wp\/"},{"@type":"ListItem","position":2,"name":"En la Constituci\u00f3n de la CDMX se introdujeron derechos de avanzada: Senado"}]},{"@type":"WebSite","@id":"https:\/\/laredsocial-noticias.com\/wp\/#website","url":"https:\/\/laredsocial-noticias.com\/wp\/","name":"NOTICIAS","description":"Lo que se ve y se dice en las redes sociales","potentialAction":[{"@type":"SearchAction","target":{"@type":"EntryPoint","urlTemplate":"https:\/\/laredsocial-noticias.com\/wp\/?s={search_term_string}"},"query-input":{"@type":"PropertyValueSpecification","valueRequired":true,"valueName":"search_term_string"}}],"inLanguage":"es"},{"@type":"Person","@id":"https:\/\/laredsocial-noticias.com\/wp\/#\/schema\/person\/0ce78643f2de7aae6f6ef10e8453a6e0","name":"Editor en Jefe","url":"https:\/\/laredsocial-noticias.com\/wp\/author\/jorgeochoa\/"}]}},"_links":{"self":[{"href":"https:\/\/laredsocial-noticias.com\/wp\/wp-json\/wp\/v2\/posts\/87510","targetHints":{"allow":["GET"]}}],"collection":[{"href":"https:\/\/laredsocial-noticias.com\/wp\/wp-json\/wp\/v2\/posts"}],"about":[{"href":"https:\/\/laredsocial-noticias.com\/wp\/wp-json\/wp\/v2\/types\/post"}],"author":[{"embeddable":true,"href":"https:\/\/laredsocial-noticias.com\/wp\/wp-json\/wp\/v2\/users\/1"}],"replies":[{"embeddable":true,"href":"https:\/\/laredsocial-noticias.com\/wp\/wp-json\/wp\/v2\/comments?post=87510"}],"version-history":[{"count":1,"href":"https:\/\/laredsocial-noticias.com\/wp\/wp-json\/wp\/v2\/posts\/87510\/revisions"}],"predecessor-version":[{"id":87511,"href":"https:\/\/laredsocial-noticias.com\/wp\/wp-json\/wp\/v2\/posts\/87510\/revisions\/87511"}],"wp:attachment":[{"href":"https:\/\/laredsocial-noticias.com\/wp\/wp-json\/wp\/v2\/media?parent=87510"}],"wp:term":[{"taxonomy":"category","embeddable":true,"href":"https:\/\/laredsocial-noticias.com\/wp\/wp-json\/wp\/v2\/categories?post=87510"},{"taxonomy":"post_tag","embeddable":true,"href":"https:\/\/laredsocial-noticias.com\/wp\/wp-json\/wp\/v2\/tags?post=87510"}],"curies":[{"name":"wp","href":"https:\/\/api.w.org\/{rel}","templated":true}]}}