{"id":87749,"date":"2018-02-28T20:04:16","date_gmt":"2018-03-01T01:04:16","guid":{"rendered":"http:\/\/laredsocial-noticias.com\/wp\/?p=87749"},"modified":"2018-02-28T21:43:42","modified_gmt":"2018-03-01T02:43:42","slug":"pgr-puede-proceder-a-detencion-de-barreiro-juez-le-niega-amparo","status":"publish","type":"post","link":"https:\/\/laredsocial-noticias.com\/wp\/pgr-puede-proceder-a-detencion-de-barreiro-juez-le-niega-amparo\/","title":{"rendered":"PGR puede proceder a detenci\u00f3n de Barreiro; juez le niega amparo"},"content":{"rendered":"<p><img loading=\"lazy\" decoding=\"async\" class=\"aligncenter size-full wp-image-87751\" src=\"http:\/\/laredsocial-noticias.com\/wp\/wp-content\/uploads\/2018\/02\/manuel-barreiro.jpg\" alt=\"\" width=\"1236\" height=\"711\" \/><\/p>\n<p>Un juez federal levant\u00f3 la prohibici\u00f3n que ten\u00eda Procuradur\u00eda General de la Rep\u00fablica (PGR), para continuar con la carpeta de investigaci\u00f3n que tiene contra Manuel Barreiro, se\u00f1alado como el cerebro financiero en la triangulaci\u00f3n de recursos por 54 millones de pesos con el candidato presidencial Ricardo Anaya.<\/p>\n<p>Con esta suspensi\u00f3n la PGR puede continuar y presentar a un juez de control sus indagatorias y en su caso, solicitar orden de aprehensi\u00f3n contra Barreiro por presunto lavado de dinero.<\/p>\n<p>Esta suspensi\u00f3n tambi\u00e9n fue negada a Juan Carlos Reyes Garc\u00eda, due\u00f1o de la empresa Manhattan Master Plan Development, Juan Pablo Olea Villanueva, vicepresidente de Advance Technology, Sergio Reyes Garc\u00eda y a Ana Paula Ugalde Herrera, esposa de Barreiro.<\/p>\n<p>Por su parte, los quejosos reclamaron que la Seido no les dio contestaci\u00f3n de los escritos presentados el 14 de febrero del presente a\u00f1o, para saber que estatus tienen en las carpetas de investigaci\u00f3n.<\/p>\n<p>Hasta el momento se desconocen los motivos por los que titular del juzgado D\u00e9cimo de Distrito de Amparo en la Ciudad de M\u00e9xico, rechaz\u00f3 conceder la suspensi\u00f3n definitiva ante el amparo solicitado por Barreiro.<\/p>\n<p>ANAYA SE NEG\u00d3 A DECLARAR EN LA PGR<\/p>\n<p><a href=\"https:\/\/www.facebook.com\/PoliticoMX\/videos\/2062302730685460\/\" target=\"_blank\" rel=\"noopener\">https:\/\/www.facebook.com\/PoliticoMX\/videos\/2062302730685460\/<\/a><\/p>\n<p>PGR asegura oficinas de Barreiro<\/p>\n<p>La PGR asegur\u00f3 las oficinas de la inmobiliaria Advance Real Estate, de la que Barreiro Casta\u00f1eda fue socio director hasta 2017, inform\u00f3 El Universal.<\/p>\n<p>De acuerdo con el medio, la PGR asegur\u00f3 estas oficinas como parte de las diligencias que llevan a cabo en la ciudad de Quer\u00e9taro donde investigan el presunto lavado de dinero por parte del empresario.<\/p>\n<p>Las oficinas aseguradas est\u00e1n ubican en el primer piso de un edificio localizado en la avenida Tecnol\u00f3gico Norte n\u00famero 950, colonia San Pablo, en la ciudad de Quer\u00e9taro.<\/p>\n<p>Luego del aseguramiento, la PGR prohibi\u00f3 el acceso a las oficinas hasta \u201cnuevo aviso\u201d.<\/p>\n<p>\u00bfDe qu\u00e9 acusan a Barreiro?<\/p>\n<p>El empresario Manuel Barreiro est\u00e1 presuntamente involucrado en una operaci\u00f3n de lavado de dinero a trav\u00e9s de las empresas Manhattan Master Plan Development y Juniserra, y habr\u00eda gozado de visa para realizar sus actividades en territorio estadounidense, pero la \u00faltima renovaci\u00f3n ya no le fue concedida, lo que coincidir\u00eda con las pesquisas que desarrolla PGR, publican Cr\u00f3nica en su sitio digital y diversas columnas en medios nacionales.<\/p>\n<p>Barreiro es acusado, por dos operadores de la compra-venta, de ser el cerebro financiero de la presunta triangulaci\u00f3n de 54 millones de pesos. De acuerdo con la informaci\u00f3n que se ha publicado, Anaya presuntamente omiti\u00f3 se\u00f1alar que a quien est\u00e1n investigando es a otra persona y no a \u00e9l.<\/p>\n","protected":false},"excerpt":{"rendered":"<p>Un juez federal levant\u00f3 la prohibici\u00f3n que ten\u00eda Procuradur\u00eda General de la Rep\u00fablica (PGR), para continuar con la carpeta de&#8230;<\/p>\n","protected":false},"author":1,"featured_media":0,"comment_status":"closed","ping_status":"open","sticky":false,"template":"","format":"standard","meta":{"footnotes":""},"categories":[2262,10],"tags":[],"class_list":["post-87749","post","type-post","status-publish","format-standard","hentry","category-elecciones","category-transparencia-y-corrupcion"],"yoast_head":"<!-- This site is optimized with the Yoast SEO plugin v26.5 - https:\/\/yoast.com\/wordpress\/plugins\/seo\/ -->\n<title>PGR puede proceder a detenci\u00f3n de Barreiro; juez le niega amparo - NOTICIAS<\/title>\n<meta name=\"robots\" content=\"index, follow, max-snippet:-1, max-image-preview:large, max-video-preview:-1\" \/>\n<link rel=\"canonical\" href=\"https:\/\/laredsocial-noticias.com\/wp\/pgr-puede-proceder-a-detencion-de-barreiro-juez-le-niega-amparo\/\" \/>\n<meta property=\"og:locale\" content=\"es_ES\" \/>\n<meta property=\"og:type\" content=\"article\" \/>\n<meta property=\"og:title\" content=\"PGR puede proceder a detenci\u00f3n de Barreiro; juez le niega amparo - NOTICIAS\" \/>\n<meta property=\"og:description\" content=\"Un juez federal levant\u00f3 la prohibici\u00f3n que ten\u00eda Procuradur\u00eda General de la Rep\u00fablica (PGR), para continuar con la carpeta de...\" \/>\n<meta property=\"og:url\" content=\"https:\/\/laredsocial-noticias.com\/wp\/pgr-puede-proceder-a-detencion-de-barreiro-juez-le-niega-amparo\/\" \/>\n<meta property=\"og:site_name\" content=\"NOTICIAS\" \/>\n<meta property=\"article:published_time\" content=\"2018-03-01T01:04:16+00:00\" \/>\n<meta property=\"article:modified_time\" content=\"2018-03-01T02:43:42+00:00\" \/>\n<meta property=\"og:image\" content=\"https:\/\/laredsocial-noticias.com\/wp\/wp-content\/uploads\/2018\/02\/manuel-barreiro.jpg\" \/>\n\t<meta property=\"og:image:width\" content=\"1236\" \/>\n\t<meta property=\"og:image:height\" content=\"711\" \/>\n\t<meta property=\"og:image:type\" content=\"image\/jpeg\" \/>\n<meta name=\"author\" content=\"Editor en Jefe\" \/>\n<meta name=\"twitter:card\" content=\"summary_large_image\" \/>\n<meta name=\"twitter:label1\" content=\"Escrito por\" \/>\n\t<meta name=\"twitter:data1\" content=\"Editor en Jefe\" \/>\n\t<meta name=\"twitter:label2\" content=\"Tiempo de lectura\" \/>\n\t<meta name=\"twitter:data2\" content=\"2 minutos\" \/>\n<!-- \/ Yoast SEO plugin. -->","yoast_head_json":{"title":"PGR puede proceder a detenci\u00f3n de Barreiro; juez le niega amparo - NOTICIAS","robots":{"index":"index","follow":"follow","max-snippet":"max-snippet:-1","max-image-preview":"max-image-preview:large","max-video-preview":"max-video-preview:-1"},"canonical":"https:\/\/laredsocial-noticias.com\/wp\/pgr-puede-proceder-a-detencion-de-barreiro-juez-le-niega-amparo\/","og_locale":"es_ES","og_type":"article","og_title":"PGR puede proceder a detenci\u00f3n de Barreiro; juez le niega amparo - NOTICIAS","og_description":"Un juez federal levant\u00f3 la prohibici\u00f3n que ten\u00eda Procuradur\u00eda General de la Rep\u00fablica (PGR), para continuar con la carpeta de...","og_url":"https:\/\/laredsocial-noticias.com\/wp\/pgr-puede-proceder-a-detencion-de-barreiro-juez-le-niega-amparo\/","og_site_name":"NOTICIAS","article_published_time":"2018-03-01T01:04:16+00:00","article_modified_time":"2018-03-01T02:43:42+00:00","og_image":[{"width":1236,"height":711,"url":"https:\/\/laredsocial-noticias.com\/wp\/wp-content\/uploads\/2018\/02\/manuel-barreiro.jpg","type":"image\/jpeg"}],"author":"Editor en Jefe","twitter_card":"summary_large_image","twitter_misc":{"Escrito por":"Editor en Jefe","Tiempo de lectura":"2 minutos"},"schema":{"@context":"https:\/\/schema.org","@graph":[{"@type":"WebPage","@id":"https:\/\/laredsocial-noticias.com\/wp\/pgr-puede-proceder-a-detencion-de-barreiro-juez-le-niega-amparo\/","url":"https:\/\/laredsocial-noticias.com\/wp\/pgr-puede-proceder-a-detencion-de-barreiro-juez-le-niega-amparo\/","name":"PGR puede proceder a detenci\u00f3n de Barreiro; juez le niega amparo - NOTICIAS","isPartOf":{"@id":"https:\/\/laredsocial-noticias.com\/wp\/#website"},"primaryImageOfPage":{"@id":"https:\/\/laredsocial-noticias.com\/wp\/pgr-puede-proceder-a-detencion-de-barreiro-juez-le-niega-amparo\/#primaryimage"},"image":{"@id":"https:\/\/laredsocial-noticias.com\/wp\/pgr-puede-proceder-a-detencion-de-barreiro-juez-le-niega-amparo\/#primaryimage"},"thumbnailUrl":"http:\/\/laredsocial-noticias.com\/wp\/wp-content\/uploads\/2018\/02\/manuel-barreiro.jpg","datePublished":"2018-03-01T01:04:16+00:00","dateModified":"2018-03-01T02:43:42+00:00","author":{"@id":"https:\/\/laredsocial-noticias.com\/wp\/#\/schema\/person\/0ce78643f2de7aae6f6ef10e8453a6e0"},"breadcrumb":{"@id":"https:\/\/laredsocial-noticias.com\/wp\/pgr-puede-proceder-a-detencion-de-barreiro-juez-le-niega-amparo\/#breadcrumb"},"inLanguage":"es","potentialAction":[{"@type":"ReadAction","target":["https:\/\/laredsocial-noticias.com\/wp\/pgr-puede-proceder-a-detencion-de-barreiro-juez-le-niega-amparo\/"]}]},{"@type":"ImageObject","inLanguage":"es","@id":"https:\/\/laredsocial-noticias.com\/wp\/pgr-puede-proceder-a-detencion-de-barreiro-juez-le-niega-amparo\/#primaryimage","url":"","contentUrl":""},{"@type":"BreadcrumbList","@id":"https:\/\/laredsocial-noticias.com\/wp\/pgr-puede-proceder-a-detencion-de-barreiro-juez-le-niega-amparo\/#breadcrumb","itemListElement":[{"@type":"ListItem","position":1,"name":"Portada","item":"https:\/\/laredsocial-noticias.com\/wp\/"},{"@type":"ListItem","position":2,"name":"PGR puede proceder a detenci\u00f3n de Barreiro; juez le niega amparo"}]},{"@type":"WebSite","@id":"https:\/\/laredsocial-noticias.com\/wp\/#website","url":"https:\/\/laredsocial-noticias.com\/wp\/","name":"NOTICIAS","description":"Lo que se ve y se dice en las redes sociales","potentialAction":[{"@type":"SearchAction","target":{"@type":"EntryPoint","urlTemplate":"https:\/\/laredsocial-noticias.com\/wp\/?s={search_term_string}"},"query-input":{"@type":"PropertyValueSpecification","valueRequired":true,"valueName":"search_term_string"}}],"inLanguage":"es"},{"@type":"Person","@id":"https:\/\/laredsocial-noticias.com\/wp\/#\/schema\/person\/0ce78643f2de7aae6f6ef10e8453a6e0","name":"Editor en Jefe","url":"https:\/\/laredsocial-noticias.com\/wp\/author\/jorgeochoa\/"}]}},"_links":{"self":[{"href":"https:\/\/laredsocial-noticias.com\/wp\/wp-json\/wp\/v2\/posts\/87749","targetHints":{"allow":["GET"]}}],"collection":[{"href":"https:\/\/laredsocial-noticias.com\/wp\/wp-json\/wp\/v2\/posts"}],"about":[{"href":"https:\/\/laredsocial-noticias.com\/wp\/wp-json\/wp\/v2\/types\/post"}],"author":[{"embeddable":true,"href":"https:\/\/laredsocial-noticias.com\/wp\/wp-json\/wp\/v2\/users\/1"}],"replies":[{"embeddable":true,"href":"https:\/\/laredsocial-noticias.com\/wp\/wp-json\/wp\/v2\/comments?post=87749"}],"version-history":[{"count":2,"href":"https:\/\/laredsocial-noticias.com\/wp\/wp-json\/wp\/v2\/posts\/87749\/revisions"}],"predecessor-version":[{"id":87760,"href":"https:\/\/laredsocial-noticias.com\/wp\/wp-json\/wp\/v2\/posts\/87749\/revisions\/87760"}],"wp:attachment":[{"href":"https:\/\/laredsocial-noticias.com\/wp\/wp-json\/wp\/v2\/media?parent=87749"}],"wp:term":[{"taxonomy":"category","embeddable":true,"href":"https:\/\/laredsocial-noticias.com\/wp\/wp-json\/wp\/v2\/categories?post=87749"},{"taxonomy":"post_tag","embeddable":true,"href":"https:\/\/laredsocial-noticias.com\/wp\/wp-json\/wp\/v2\/tags?post=87749"}],"curies":[{"name":"wp","href":"https:\/\/api.w.org\/{rel}","templated":true}]}}