{"id":88423,"date":"2018-03-12T07:40:04","date_gmt":"2018-03-12T12:40:04","guid":{"rendered":"http:\/\/laredsocial-noticias.com\/wp\/?p=88423"},"modified":"2018-03-12T16:50:02","modified_gmt":"2018-03-12T21:50:02","slug":"realizan-feria-de-la-salud-coparmex-cdmx","status":"publish","type":"post","link":"https:\/\/laredsocial-noticias.com\/wp\/realizan-feria-de-la-salud-coparmex-cdmx\/","title":{"rendered":"Realizan feria de la salud COPARMEX CDMX"},"content":{"rendered":"<p>En el marco de la inauguraci\u00f3n de la Primera Semana Nacional de Vacunaci\u00f3n Antirr\u00e1bica Canina y Felina de este a\u00f1o, hoy se llev\u00f3 a cabo la Feria de la Salud COPARMEX CDMX en la explanada de la delegaci\u00f3n Venustiano Carranza.<\/p>\n<p>Alrededor de 300 integrantes del personal m\u00e9dico de la Secretar\u00eda de Salud de la Ciudad de M\u00e9xico se dieron cita en el evento que se llev\u00f3 a cabo gracias a la coordinaci\u00f3n entre COPARMEX CDMX, el Gobierno de la Ciudad a trav\u00e9s de la Secretar\u00eda de Salud, y la delegaci\u00f3n Venustiano Carranza.<\/p>\n<p>Ah\u00ed, Arturo Gabriel Miranda Gonz\u00e1lez, Vicepresidente de Delegaciones Empresariales de COPARMEX CDMX, y quien acudi\u00f3 en representaci\u00f3n del presidente de COPARMEX CDMX, Jes\u00fas Padilla Zenteno, resalt\u00f3 la importancia de la medicina preventiva, al mencionar que de acuerdo con fuentes oficiales, cada a\u00f1o fallecen alrededor de 80 mil personas por complicaciones de la diabetes.<\/p>\n<p>Asimismo, refiri\u00f3 que actualmente el 68 por ciento de la poblaci\u00f3n mayor de 20 a\u00f1os tiene sobrepeso y obesidad, siendo estos factores un grave riesgo para desarrollar diabetes, primera causa de muerte a nivel nacional. Al hablar de la hipertensi\u00f3n arterial sist\u00e9mica record\u00f3 es uno de los padecimientos con mayor n\u00famero de casos a nivel mundial, y tan s\u00f3lo en M\u00e9xico m\u00e1s de 15 millones de mexicanos entre los 20 y 69 a\u00f1os se conocen como hipertensos.<\/p>\n<p>En el tema de medicina oncol\u00f3gica, hizo menci\u00f3n de c\u00f3mo a nivel nacional el c\u00e1ncer cervicouterino se ubica como la primera causa de muerte entre las mujeres, siendo el c\u00e1ncer de mama el segundo lugar. Respecto a enfermedades virales como la influenza, en los a\u00f1os 2016 y 2017 se registraron cerca de 4 mil 700 casos, de los cuales 400 fueron defunciones que se pudieron evitar.<\/p>\n<p>Por ello, puntualiz\u00f3, en COPARMEX CDMX estamos convencidos de que la prevenci\u00f3n es el camino a seguir para tener una poblaci\u00f3n sana. \u201cNo basta con programas emergentes o de temporada sino trabajar de la mano con los especialistas y los encargados del tema de salud en la ciudad para ofrecer los esquemas de prevenci\u00f3n todo el tiempo y acercarlos a toda la poblaci\u00f3n, porque los esquemas curativos resultan m\u00e1s caros y no permiten tener una calidad de vida aceptable, adem\u00e1s de que constituye un desgaste al enfermo, a la familia y a su entorno social, profesional y econ\u00f3mico\u201d.<\/p>\n<p>Para Miranda Gonz\u00e1lez \u201clas asociaciones civiles y empresariales como COPARMEX no est\u00e1n ajenos a este tema y ponemos nuestro granito de arena para ayudar a prevenir las enfermedades y adicciones porque propiciar entornos sanos de convivencia debe ser uno de nuestros objetivos primordiales si queremos crear esos c\u00edrculos virtuosos para nuestras familias y colaboradores en nuestras empresas\u201d.<\/p>\n<p>Por otra parte, el m\u00e9dico No\u00e9 Calder\u00f3n Vaca, director de Epidemiolog\u00eda y Medicina Preventiva de la Secretar\u00eda de Salud de la Ciudad de M\u00e9xico, quien acudi\u00f3 en representaci\u00f3n del secretario de Salud, Rom\u00e1n Rosales Avil\u00e9s, expres\u00f3 su reconocimiento a los integrantes de la familia COPARMEX CDMX por el trabajo que realizan en favor de la poblaci\u00f3n.<\/p>\n<p>Record\u00f3 que las Semanas Nacionales de Salud se llevan a cabo desde 1990 y en 2015, la CDMX recibi\u00f3 un reconocimiento por parte de la Secretar\u00eda de Salud federal por haber aplicado m\u00e1s de 25 millones de vacunas a la poblaci\u00f3n canina y felina que hay en la ciudad.<\/p>\n<p>Asever\u00f3 que desde 1996 no se reportan casos de rabia en humanos, registr\u00e1ndose en 2011 el \u00faltimo caso en un cachorro que ven\u00eda de otra entidad.<\/p>\n<p>La rabia, explic\u00f3, afecta el sistema nervioso central y se trasmite por el contacto de la saliva del animal cuando muerde o lesiona las mucosas, llegando al cerebro donde invade y produce el desenlace fatal y doloroso \u201cla rabia es responsable de 60 mil muertes por a\u00f1o en el mundo, 95 por ciento en Asia y \u00c1frica. Una persona muerte cada 15 minutos por la rabia\u201d.<\/p>\n<p>Las campa\u00f1as masivas de vacunaci\u00f3n, dijo No\u00e9 Calder\u00f3n Vaca, han demostrado ser un efectivo m\u00e9todo para controlar y erradicar esta terrible enfermedad y adelant\u00f3 que durante la Semana de Salud que hoy inicia se vacunar\u00e1n alrededor de un mill\u00f3n de perros y gatos de una poblaci\u00f3n canina estimada de 1 mill\u00f3n 300 mil animales de compa\u00f1\u00eda, y el resto se vacunar\u00e1 durante la semana nacional de reforzamiento en el \u00faltimo trimestre del presente a\u00f1o.<\/p>\n<p>Asimismo, el contador p\u00fablico Manuel Vargas Cardone, director de Desarrollo Social, quien acudi\u00f3 en representaci\u00f3n de la jefa delegacional de Venustiano Carranza, M\u00f3nica L\u00f3pez Moncada, dio la bienvenida a los presentes y anunci\u00f3 que las Ferias de la Salud se llevar\u00e1n a cabo m\u00e1s frecuentemente en esa Delegaci\u00f3n.<\/p>\n<p>Los stands de esta Feria de la Salud ofrecieron a los presentes servicios de detecci\u00f3n oportuna de c\u00e1ncer cervicouterino, mamario y pr\u00f3stata; salud bucal, masajes relajantes, detecci\u00f3n de VIH Sida, detecci\u00f3n de diabetes, salud reproductiva, salud visual y vacunaci\u00f3n y esterilizaci\u00f3n de perros y gatos.<\/p>\n<p>En el evento tambi\u00e9n estuvo presente la licenciada Alicia Ruiz Luna, presidenta de la Comisi\u00f3n de Salud; Jorge Cruz Elizalde, presidente de la Zona Empresarial Norte y el licenciado Armando Z\u00fa\u00f1iga Salinas, presidente de la Comisi\u00f3n de Cultura Empresarial, los tres integrantes de COPARMEX CDMX.<\/p>\n<p>&nbsp;<\/p>\n","protected":false},"excerpt":{"rendered":"<p>En el marco de la inauguraci\u00f3n de la Primera Semana Nacional de Vacunaci\u00f3n Antirr\u00e1bica Canina y Felina de este a\u00f1o,&#8230;<\/p>\n","protected":false},"author":15,"featured_media":0,"comment_status":"closed","ping_status":"open","sticky":false,"template":"","format":"standard","meta":{"footnotes":""},"categories":[91,389,73],"tags":[3753,69],"class_list":["post-88423","post","type-post","status-publish","format-standard","hentry","category-cdmx","category-mexico","category-principal","tag-coparmex-cdmx","tag-salud"],"yoast_head":"<!-- This site is optimized with the Yoast SEO plugin v26.5 - https:\/\/yoast.com\/wordpress\/plugins\/seo\/ -->\n<title>Realizan feria de la salud COPARMEX CDMX - NOTICIAS<\/title>\n<meta name=\"robots\" content=\"index, follow, max-snippet:-1, max-image-preview:large, max-video-preview:-1\" \/>\n<link rel=\"canonical\" href=\"https:\/\/laredsocial-noticias.com\/wp\/realizan-feria-de-la-salud-coparmex-cdmx\/\" \/>\n<meta property=\"og:locale\" content=\"es_ES\" \/>\n<meta property=\"og:type\" content=\"article\" \/>\n<meta property=\"og:title\" content=\"Realizan feria de la salud COPARMEX CDMX - NOTICIAS\" \/>\n<meta property=\"og:description\" content=\"En el marco de la inauguraci\u00f3n de la Primera Semana Nacional de Vacunaci\u00f3n Antirr\u00e1bica Canina y Felina de este a\u00f1o,...\" \/>\n<meta property=\"og:url\" content=\"https:\/\/laredsocial-noticias.com\/wp\/realizan-feria-de-la-salud-coparmex-cdmx\/\" \/>\n<meta property=\"og:site_name\" content=\"NOTICIAS\" \/>\n<meta property=\"article:published_time\" content=\"2018-03-12T12:40:04+00:00\" \/>\n<meta property=\"article:modified_time\" content=\"2018-03-12T21:50:02+00:00\" \/>\n<meta property=\"og:image\" content=\"https:\/\/laredsocial-noticias.com\/wp\/wp-content\/uploads\/2018\/03\/Salud_Coparmex.jpg\" \/>\n\t<meta property=\"og:image:width\" content=\"1290\" \/>\n\t<meta property=\"og:image:height\" content=\"860\" \/>\n\t<meta property=\"og:image:type\" content=\"image\/jpeg\" \/>\n<meta name=\"author\" content=\"Juan Raymundo Hernandez\" \/>\n<meta name=\"twitter:card\" content=\"summary_large_image\" \/>\n<meta name=\"twitter:label1\" content=\"Escrito por\" \/>\n\t<meta name=\"twitter:data1\" content=\"Juan Raymundo Hernandez\" \/>\n\t<meta name=\"twitter:label2\" content=\"Tiempo de lectura\" \/>\n\t<meta name=\"twitter:data2\" content=\"5 minutos\" \/>\n<!-- \/ Yoast SEO plugin. -->","yoast_head_json":{"title":"Realizan feria de la salud COPARMEX CDMX - NOTICIAS","robots":{"index":"index","follow":"follow","max-snippet":"max-snippet:-1","max-image-preview":"max-image-preview:large","max-video-preview":"max-video-preview:-1"},"canonical":"https:\/\/laredsocial-noticias.com\/wp\/realizan-feria-de-la-salud-coparmex-cdmx\/","og_locale":"es_ES","og_type":"article","og_title":"Realizan feria de la salud COPARMEX CDMX - NOTICIAS","og_description":"En el marco de la inauguraci\u00f3n de la Primera Semana Nacional de Vacunaci\u00f3n Antirr\u00e1bica Canina y Felina de este a\u00f1o,...","og_url":"https:\/\/laredsocial-noticias.com\/wp\/realizan-feria-de-la-salud-coparmex-cdmx\/","og_site_name":"NOTICIAS","article_published_time":"2018-03-12T12:40:04+00:00","article_modified_time":"2018-03-12T21:50:02+00:00","og_image":[{"width":1290,"height":860,"url":"https:\/\/laredsocial-noticias.com\/wp\/wp-content\/uploads\/2018\/03\/Salud_Coparmex.jpg","type":"image\/jpeg"}],"author":"Juan Raymundo Hernandez","twitter_card":"summary_large_image","twitter_misc":{"Escrito por":"Juan Raymundo Hernandez","Tiempo de lectura":"5 minutos"},"schema":{"@context":"https:\/\/schema.org","@graph":[{"@type":"WebPage","@id":"https:\/\/laredsocial-noticias.com\/wp\/realizan-feria-de-la-salud-coparmex-cdmx\/","url":"https:\/\/laredsocial-noticias.com\/wp\/realizan-feria-de-la-salud-coparmex-cdmx\/","name":"Realizan feria de la salud COPARMEX CDMX - NOTICIAS","isPartOf":{"@id":"https:\/\/laredsocial-noticias.com\/wp\/#website"},"datePublished":"2018-03-12T12:40:04+00:00","dateModified":"2018-03-12T21:50:02+00:00","author":{"@id":"https:\/\/laredsocial-noticias.com\/wp\/#\/schema\/person\/ef87465aef7eca376539490cfb6ab6dc"},"breadcrumb":{"@id":"https:\/\/laredsocial-noticias.com\/wp\/realizan-feria-de-la-salud-coparmex-cdmx\/#breadcrumb"},"inLanguage":"es","potentialAction":[{"@type":"ReadAction","target":["https:\/\/laredsocial-noticias.com\/wp\/realizan-feria-de-la-salud-coparmex-cdmx\/"]}]},{"@type":"BreadcrumbList","@id":"https:\/\/laredsocial-noticias.com\/wp\/realizan-feria-de-la-salud-coparmex-cdmx\/#breadcrumb","itemListElement":[{"@type":"ListItem","position":1,"name":"Portada","item":"https:\/\/laredsocial-noticias.com\/wp\/"},{"@type":"ListItem","position":2,"name":"Realizan feria de la salud COPARMEX CDMX"}]},{"@type":"WebSite","@id":"https:\/\/laredsocial-noticias.com\/wp\/#website","url":"https:\/\/laredsocial-noticias.com\/wp\/","name":"NOTICIAS","description":"Lo que se ve y se dice en las redes sociales","potentialAction":[{"@type":"SearchAction","target":{"@type":"EntryPoint","urlTemplate":"https:\/\/laredsocial-noticias.com\/wp\/?s={search_term_string}"},"query-input":{"@type":"PropertyValueSpecification","valueRequired":true,"valueName":"search_term_string"}}],"inLanguage":"es"},{"@type":"Person","@id":"https:\/\/laredsocial-noticias.com\/wp\/#\/schema\/person\/ef87465aef7eca376539490cfb6ab6dc","name":"Juan Raymundo Hernandez","url":"https:\/\/laredsocial-noticias.com\/wp\/author\/juanraymundohernandez\/"}]}},"_links":{"self":[{"href":"https:\/\/laredsocial-noticias.com\/wp\/wp-json\/wp\/v2\/posts\/88423","targetHints":{"allow":["GET"]}}],"collection":[{"href":"https:\/\/laredsocial-noticias.com\/wp\/wp-json\/wp\/v2\/posts"}],"about":[{"href":"https:\/\/laredsocial-noticias.com\/wp\/wp-json\/wp\/v2\/types\/post"}],"author":[{"embeddable":true,"href":"https:\/\/laredsocial-noticias.com\/wp\/wp-json\/wp\/v2\/users\/15"}],"replies":[{"embeddable":true,"href":"https:\/\/laredsocial-noticias.com\/wp\/wp-json\/wp\/v2\/comments?post=88423"}],"version-history":[{"count":1,"href":"https:\/\/laredsocial-noticias.com\/wp\/wp-json\/wp\/v2\/posts\/88423\/revisions"}],"predecessor-version":[{"id":88434,"href":"https:\/\/laredsocial-noticias.com\/wp\/wp-json\/wp\/v2\/posts\/88423\/revisions\/88434"}],"wp:attachment":[{"href":"https:\/\/laredsocial-noticias.com\/wp\/wp-json\/wp\/v2\/media?parent=88423"}],"wp:term":[{"taxonomy":"category","embeddable":true,"href":"https:\/\/laredsocial-noticias.com\/wp\/wp-json\/wp\/v2\/categories?post=88423"},{"taxonomy":"post_tag","embeddable":true,"href":"https:\/\/laredsocial-noticias.com\/wp\/wp-json\/wp\/v2\/tags?post=88423"}],"curies":[{"name":"wp","href":"https:\/\/api.w.org\/{rel}","templated":true}]}}