{"id":88696,"date":"2018-03-16T13:45:39","date_gmt":"2018-03-16T18:45:39","guid":{"rendered":"http:\/\/laredsocial-noticias.com\/wp\/?p=88696"},"modified":"2018-03-16T13:45:39","modified_gmt":"2018-03-16T18:45:39","slug":"realiza-gcdmx-primer-campamento-resiliente-para-familias-afectadas-por-el-sismo","status":"publish","type":"post","link":"https:\/\/laredsocial-noticias.com\/wp\/realiza-gcdmx-primer-campamento-resiliente-para-familias-afectadas-por-el-sismo\/","title":{"rendered":"Realiza GCDMX primer campamento resiliente para familias afectadas por el sismo"},"content":{"rendered":"<p class=\"p1\">Este viernes 31 familias afectadas por el sismo del 19 de septiembre y que ahora forman parte del programa Reconstruyendo familias, asisten al primer campamento resiliente organizado por el Gobierno de la Ciudad de M\u00e9xico a trav\u00e9s del Sistema de Desarrollo Integral para la Familia (DIF CDMX).<\/p>\n<p>\u201cNuestro programa de \u2018qu\u00e9 padres campamentos\u2019, ahora vamos a llevar concretamente a este grupo de ni\u00f1os, ni\u00f1as y adolescentes, estaremos con actividades hoy y el s\u00e1bado; es un trabajo espec\u00edfico que se va a hacer con familias que tuvieron alg\u00fan tipo de afectaci\u00f3n por el sismo (\u2026) campamento resiliente porque llevar\u00e1 este mensaje, estar\u00e1 planteado para esta tarea\u201d, abund\u00f3 el Jefe de Gobierno, Miguel \u00c1ngel Mancera Espinosa.<\/p>\n<p>Durante el viernes y s\u00e1bado, ni\u00f1as y ni\u00f1os que quedaron en la orfandad al perder a uno o ambos padres, y su hogar tras el fen\u00f3meno s\u00edsmico, experimentar\u00e1n los beneficios de esta estrategia de fortalecimiento del n\u00facleo familiar con actividades l\u00fadicas, recreativas, deportivas, de esparcimiento y reflexivas en el Centro de Educaci\u00f3n Ambiental Ecoguardas, ubicado en la Carretera Picacho Ajusco, de la delegaci\u00f3n Tlalpan.<\/p>\n<p>\u201cLa idea de este campamento es que van a estar las familias que forman parte de este programa de reconstrucci\u00f3n, con actividades que sean resilientes, que les permitan recuperarse, volver a una actividad con los elementos que los fortalezcan y los hagan superar esa adversidad\u201d, apunt\u00f3 el director general del DIF CDMX, Gustavo Gamaliel Mart\u00ednez Pacheco.<\/p>\n<p>En el Sal\u00f3n Murales del Antiguo Palacio del Ayuntamiento, precis\u00f3 que \u00e9ste es el arranque de una nueva acci\u00f3n asociada a los ejes de la ruta de la Reconstrucci\u00f3n de la capital del pa\u00eds, la de los n\u00facleos familiares.<\/p>\n<p>Se prev\u00e9 la realizaci\u00f3n de m\u00e1s de estos campamentos con afectados; \u201cuna nueva faceta ahora de reconstrucci\u00f3n de familias\u201d.<\/p>\n<p>Destac\u00f3 que la dependencia a su cargo ha trabajado en la labor jur\u00eddica, psicoemocional, derecho a la vivienda con la colaboraci\u00f3n del Instituto de Vivienda de la CDMX (INVI) y de apoyo en el otorgamiento de programas sociales.<\/p>\n<p>\u201cYa hemos comentado sobre las necesidades que vienen a futuro, hay que crear un plan de vida. Por lo tanto en el programa que se tiene previsto en Ecoguardas, est\u00e1n dispuestos trabajadores del Sistema: psic\u00f3logos, trabajadores sociales, enfermeras, as\u00ed como el equipo de \u2018Qu\u00e9 Padres Campamentos\u2019 para que puedan realizar actividades con esta visi\u00f3n de resiliencia\u201d.<\/p>\n<p>Durante su estad\u00eda, los asistentes contar\u00e1n con alimentaci\u00f3n por parte de los comedores populares del DIF CDMX y se incorporar\u00e1n rescatistas de emociones.<\/p>\n<p>El director general de Grupo \u00cdcaros, Aventura Paphijos\/Mamhijos, Francisco Labiaga Orive, sostuvo que el objetivo es la recuperaci\u00f3n de los integrantes de cada familia<\/p>\n<p>\u201cVamos a rescatar emociones. Tenemos que divertirnos con lo que tenemos, no vamos a ver lo que no tenemos, qu\u00e9 es lo que tenemos\u201d, expres\u00f3.<\/p>\n<p>El beneficiario Francisco Borges, padre de familia, agradeci\u00f3 el apoyo que el GCDMX ha otorgado a su familia a trav\u00e9s de este proyecto.<\/p>\n","protected":false},"excerpt":{"rendered":"<p>Este viernes 31 familias afectadas por el sismo del 19 de septiembre y que ahora forman parte del programa Reconstruyendo&#8230;<\/p>\n","protected":false},"author":15,"featured_media":0,"comment_status":"closed","ping_status":"open","sticky":false,"template":"","format":"standard","meta":{"footnotes":""},"categories":[389,73],"tags":[261],"class_list":["post-88696","post","type-post","status-publish","format-standard","hentry","category-mexico","category-principal","tag-cdmx"],"yoast_head":"<!-- This site is optimized with the Yoast SEO plugin v26.5 - https:\/\/yoast.com\/wordpress\/plugins\/seo\/ -->\n<title>Realiza GCDMX primer campamento resiliente para familias afectadas por el sismo - NOTICIAS<\/title>\n<meta name=\"robots\" content=\"index, follow, max-snippet:-1, max-image-preview:large, max-video-preview:-1\" \/>\n<link rel=\"canonical\" href=\"https:\/\/laredsocial-noticias.com\/wp\/realiza-gcdmx-primer-campamento-resiliente-para-familias-afectadas-por-el-sismo\/\" \/>\n<meta property=\"og:locale\" content=\"es_ES\" \/>\n<meta property=\"og:type\" content=\"article\" \/>\n<meta property=\"og:title\" content=\"Realiza GCDMX primer campamento resiliente para familias afectadas por el sismo - NOTICIAS\" \/>\n<meta property=\"og:description\" content=\"Este viernes 31 familias afectadas por el sismo del 19 de septiembre y que ahora forman parte del programa Reconstruyendo...\" \/>\n<meta property=\"og:url\" content=\"https:\/\/laredsocial-noticias.com\/wp\/realiza-gcdmx-primer-campamento-resiliente-para-familias-afectadas-por-el-sismo\/\" \/>\n<meta property=\"og:site_name\" content=\"NOTICIAS\" \/>\n<meta property=\"article:published_time\" content=\"2018-03-16T18:45:39+00:00\" \/>\n<meta property=\"og:image\" content=\"https:\/\/laredsocial-noticias.com\/wp\/wp-content\/uploads\/2018\/03\/CDMX_Mancera.jpg\" \/>\n\t<meta property=\"og:image:width\" content=\"699\" \/>\n\t<meta property=\"og:image:height\" content=\"392\" \/>\n\t<meta property=\"og:image:type\" content=\"image\/jpeg\" \/>\n<meta name=\"author\" content=\"Juan Raymundo Hernandez\" \/>\n<meta name=\"twitter:card\" content=\"summary_large_image\" \/>\n<meta name=\"twitter:label1\" content=\"Escrito por\" \/>\n\t<meta name=\"twitter:data1\" content=\"Juan Raymundo Hernandez\" \/>\n\t<meta name=\"twitter:label2\" content=\"Tiempo de lectura\" \/>\n\t<meta name=\"twitter:data2\" content=\"3 minutos\" \/>\n<!-- \/ Yoast SEO plugin. -->","yoast_head_json":{"title":"Realiza GCDMX primer campamento resiliente para familias afectadas por el sismo - NOTICIAS","robots":{"index":"index","follow":"follow","max-snippet":"max-snippet:-1","max-image-preview":"max-image-preview:large","max-video-preview":"max-video-preview:-1"},"canonical":"https:\/\/laredsocial-noticias.com\/wp\/realiza-gcdmx-primer-campamento-resiliente-para-familias-afectadas-por-el-sismo\/","og_locale":"es_ES","og_type":"article","og_title":"Realiza GCDMX primer campamento resiliente para familias afectadas por el sismo - NOTICIAS","og_description":"Este viernes 31 familias afectadas por el sismo del 19 de septiembre y que ahora forman parte del programa Reconstruyendo...","og_url":"https:\/\/laredsocial-noticias.com\/wp\/realiza-gcdmx-primer-campamento-resiliente-para-familias-afectadas-por-el-sismo\/","og_site_name":"NOTICIAS","article_published_time":"2018-03-16T18:45:39+00:00","og_image":[{"width":699,"height":392,"url":"https:\/\/laredsocial-noticias.com\/wp\/wp-content\/uploads\/2018\/03\/CDMX_Mancera.jpg","type":"image\/jpeg"}],"author":"Juan Raymundo Hernandez","twitter_card":"summary_large_image","twitter_misc":{"Escrito por":"Juan Raymundo Hernandez","Tiempo de lectura":"3 minutos"},"schema":{"@context":"https:\/\/schema.org","@graph":[{"@type":"WebPage","@id":"https:\/\/laredsocial-noticias.com\/wp\/realiza-gcdmx-primer-campamento-resiliente-para-familias-afectadas-por-el-sismo\/","url":"https:\/\/laredsocial-noticias.com\/wp\/realiza-gcdmx-primer-campamento-resiliente-para-familias-afectadas-por-el-sismo\/","name":"Realiza GCDMX primer campamento resiliente para familias afectadas por el sismo - NOTICIAS","isPartOf":{"@id":"https:\/\/laredsocial-noticias.com\/wp\/#website"},"datePublished":"2018-03-16T18:45:39+00:00","author":{"@id":"https:\/\/laredsocial-noticias.com\/wp\/#\/schema\/person\/ef87465aef7eca376539490cfb6ab6dc"},"breadcrumb":{"@id":"https:\/\/laredsocial-noticias.com\/wp\/realiza-gcdmx-primer-campamento-resiliente-para-familias-afectadas-por-el-sismo\/#breadcrumb"},"inLanguage":"es","potentialAction":[{"@type":"ReadAction","target":["https:\/\/laredsocial-noticias.com\/wp\/realiza-gcdmx-primer-campamento-resiliente-para-familias-afectadas-por-el-sismo\/"]}]},{"@type":"BreadcrumbList","@id":"https:\/\/laredsocial-noticias.com\/wp\/realiza-gcdmx-primer-campamento-resiliente-para-familias-afectadas-por-el-sismo\/#breadcrumb","itemListElement":[{"@type":"ListItem","position":1,"name":"Portada","item":"https:\/\/laredsocial-noticias.com\/wp\/"},{"@type":"ListItem","position":2,"name":"Realiza GCDMX primer campamento resiliente para familias afectadas por el sismo"}]},{"@type":"WebSite","@id":"https:\/\/laredsocial-noticias.com\/wp\/#website","url":"https:\/\/laredsocial-noticias.com\/wp\/","name":"NOTICIAS","description":"Lo que se ve y se dice en las redes sociales","potentialAction":[{"@type":"SearchAction","target":{"@type":"EntryPoint","urlTemplate":"https:\/\/laredsocial-noticias.com\/wp\/?s={search_term_string}"},"query-input":{"@type":"PropertyValueSpecification","valueRequired":true,"valueName":"search_term_string"}}],"inLanguage":"es"},{"@type":"Person","@id":"https:\/\/laredsocial-noticias.com\/wp\/#\/schema\/person\/ef87465aef7eca376539490cfb6ab6dc","name":"Juan Raymundo Hernandez","url":"https:\/\/laredsocial-noticias.com\/wp\/author\/juanraymundohernandez\/"}]}},"_links":{"self":[{"href":"https:\/\/laredsocial-noticias.com\/wp\/wp-json\/wp\/v2\/posts\/88696","targetHints":{"allow":["GET"]}}],"collection":[{"href":"https:\/\/laredsocial-noticias.com\/wp\/wp-json\/wp\/v2\/posts"}],"about":[{"href":"https:\/\/laredsocial-noticias.com\/wp\/wp-json\/wp\/v2\/types\/post"}],"author":[{"embeddable":true,"href":"https:\/\/laredsocial-noticias.com\/wp\/wp-json\/wp\/v2\/users\/15"}],"replies":[{"embeddable":true,"href":"https:\/\/laredsocial-noticias.com\/wp\/wp-json\/wp\/v2\/comments?post=88696"}],"version-history":[{"count":1,"href":"https:\/\/laredsocial-noticias.com\/wp\/wp-json\/wp\/v2\/posts\/88696\/revisions"}],"predecessor-version":[{"id":88698,"href":"https:\/\/laredsocial-noticias.com\/wp\/wp-json\/wp\/v2\/posts\/88696\/revisions\/88698"}],"wp:attachment":[{"href":"https:\/\/laredsocial-noticias.com\/wp\/wp-json\/wp\/v2\/media?parent=88696"}],"wp:term":[{"taxonomy":"category","embeddable":true,"href":"https:\/\/laredsocial-noticias.com\/wp\/wp-json\/wp\/v2\/categories?post=88696"},{"taxonomy":"post_tag","embeddable":true,"href":"https:\/\/laredsocial-noticias.com\/wp\/wp-json\/wp\/v2\/tags?post=88696"}],"curies":[{"name":"wp","href":"https:\/\/api.w.org\/{rel}","templated":true}]}}