{"id":8915,"date":"2016-05-10T19:00:47","date_gmt":"2016-05-11T00:00:47","guid":{"rendered":"http:\/\/laredsocial-noticias.com\/wp\/?p=8915"},"modified":"2016-05-10T18:40:09","modified_gmt":"2016-05-10T23:40:09","slug":"lista-estrategia-para-convertir-transporte-publico-a-gas-natural","status":"publish","type":"post","link":"https:\/\/laredsocial-noticias.com\/wp\/lista-estrategia-para-convertir-transporte-publico-a-gas-natural\/","title":{"rendered":"Lista, estrategia para convertir transporte p\u00fablico a gas natural"},"content":{"rendered":"<p><strong>CIUDAD DE M\u00c9XICO, 10 de mayo, (CDMX \/ C\u00cdRCULO DIGITAL).-\u00a0<\/strong>Como parte de las acciones a mediano y largo plazos para enfrentar la contaminaci\u00f3n atmosf\u00e9rica, ya se dieron los primeros pasos para iniciar la reconversi\u00f3n del transporte vehicular de la megal\u00f3polis a gas natural.<\/p>\n<p>El titular de la Secretar\u00eda de Medio Ambiente y Recursos Naturales (Semarnat), Rafael Pacchiano Alam\u00e1n, asegur\u00f3 lo anterior al dar a conocer este d\u00eda el informe sobre las acciones del gobierno de la Rep\u00fablica para mejorar la calidad el aire en la Zona Metropolitana del Valle de M\u00e9xico.<\/p>\n<p>En sesi\u00f3n de preguntas y respuestas, el funcionario federal coment\u00f3 que la restricci\u00f3n temporal de la circulaci\u00f3n de veh\u00edculos es una de las acciones a corto plazo, por lo que en breve se estar\u00e1 anunciando la reconversi\u00f3n inicial del transporte p\u00fablico a gas natural.<\/p>\n<p>En ese sentido, Pacchiano Alam\u00e1n asegur\u00f3 que el gobierno de la Rep\u00fablica apoyar\u00e1 a los estados de la Megal\u00f3polis que quieran iniciar esa reconversi\u00f3n.<\/p>\n<p>Explic\u00f3 que los gobiernos de la Ciudad de M\u00e9xico y del Estado de M\u00e9xico ya anunciaron y dieron los primeros pasos para iniciar esa reconversi\u00f3n.<\/p>\n<p>Por ello mismo inform\u00f3 que en los siguientes d\u00edas se llevar\u00e1 a cabo un evento donde se d\u00e9 inicio formal a ese programa y donde se dar\u00e1n a conocer los alcances de cuantos veh\u00edculos podr\u00edan estar iniciando su reconversi\u00f3n en esa primera fase.<\/p>\n<p>De esta manera, se aprovechar\u00eda uno de los beneficios que traer\u00e1 la reforma energ\u00e9tica y que consiste en una mayor distribuci\u00f3n del gas natural, el cual resulta ser uno de los combustibles que menos emisiones genera y a un menor precio.<\/p>\n<p>Al respecto, el titular de la Secretar\u00eda de Energ\u00eda (Sener), Pedro Joaqu\u00edn Coldwell, record\u00f3 que la reforma energ\u00e9tica est\u00e1 auspiciando la mayor inversi\u00f3n en expansi\u00f3n de gasoductos que ha habido en la historia de M\u00e9xico.<\/p>\n<p>\u201cSe trata de expandir en casi 10 mil kil\u00f3metros el Sistema Nacional de Gasoductos para llevar el gas natural a las regiones de M\u00e9xico que no lo tienen o que no les llegaba en cantidades suficientes\u201d, subray\u00f3.<\/p>\n<p>Revel\u00f3 que actualmente en amplias regiones del pa\u00eds, como en el noroeste, este Sistema Nacional de Gasoductos est\u00e1 en plena construcci\u00f3n y desarrollo.<\/p>\n<p>De hecho, anunci\u00f3 que en las pr\u00f3ximas dos semanas estar\u00e1 concluido el gasoducto Los Ramones, en el noreste del pa\u00eds, el cual alimentar\u00e1 a los estados de Nuevo Le\u00f3n, Tamaulipas, San Luis Potos\u00ed y llegar\u00e1 incluso hasta el Baj\u00edo.<\/p>\n<p>Adem\u00e1s refiri\u00f3 que est\u00e1n por licitarse por la Comisi\u00f3n Federal de Electricidad (CFE) y Petr\u00f3leos Mexicanos (Pemex) otros gasoductos, de manera que con una inversi\u00f3n de casi 16 millones de d\u00f3lares se busca garantizar la suficiente distribuci\u00f3n de gas natural.<\/p>\n<p>En conclusi\u00f3n, se espera que en los \u00faltimos d\u00edas de la presente administraci\u00f3n federal esa red cubra de 85 a 90 por ciento del territorio nacional, con lo que se convertir\u00e1 en uno de los principales legados de la reforma energ\u00e9tica.<\/p>\n","protected":false},"excerpt":{"rendered":"<p>CIUDAD DE M\u00c9XICO, 10 de mayo, (CDMX \/ C\u00cdRCULO DIGITAL).-\u00a0Como parte de las acciones a mediano y largo plazos para&#8230;<\/p>\n","protected":false},"author":1,"featured_media":0,"comment_status":"closed","ping_status":"closed","sticky":false,"template":"","format":"standard","meta":{"footnotes":""},"categories":[1796,73],"tags":[332,77],"class_list":["post-8915","post","type-post","status-publish","format-standard","hentry","category-circulodigital","category-principal","tag-mexico","tag-principal"],"yoast_head":"<!-- This site is optimized with the Yoast SEO plugin v26.5 - https:\/\/yoast.com\/wordpress\/plugins\/seo\/ -->\n<title>Lista, estrategia para convertir transporte p\u00fablico a gas natural - NOTICIAS<\/title>\n<meta name=\"robots\" content=\"index, follow, max-snippet:-1, max-image-preview:large, max-video-preview:-1\" \/>\n<link rel=\"canonical\" href=\"https:\/\/laredsocial-noticias.com\/wp\/lista-estrategia-para-convertir-transporte-publico-a-gas-natural\/\" \/>\n<meta property=\"og:locale\" content=\"es_ES\" \/>\n<meta property=\"og:type\" content=\"article\" \/>\n<meta property=\"og:title\" content=\"Lista, estrategia para convertir transporte p\u00fablico a gas natural - NOTICIAS\" \/>\n<meta property=\"og:description\" content=\"CIUDAD DE M\u00c9XICO, 10 de mayo, (CDMX \/ C\u00cdRCULO DIGITAL).-\u00a0Como parte de las acciones a mediano y largo plazos para...\" \/>\n<meta property=\"og:url\" content=\"https:\/\/laredsocial-noticias.com\/wp\/lista-estrategia-para-convertir-transporte-publico-a-gas-natural\/\" \/>\n<meta property=\"og:site_name\" content=\"NOTICIAS\" \/>\n<meta property=\"article:published_time\" content=\"2016-05-11T00:00:47+00:00\" \/>\n<meta name=\"author\" content=\"Editor en Jefe\" \/>\n<meta name=\"twitter:card\" content=\"summary_large_image\" \/>\n<meta name=\"twitter:label1\" content=\"Escrito por\" \/>\n\t<meta name=\"twitter:data1\" content=\"Editor en Jefe\" \/>\n\t<meta name=\"twitter:label2\" content=\"Tiempo de lectura\" \/>\n\t<meta name=\"twitter:data2\" content=\"3 minutos\" \/>\n<!-- \/ Yoast SEO plugin. -->","yoast_head_json":{"title":"Lista, estrategia para convertir transporte p\u00fablico a gas natural - NOTICIAS","robots":{"index":"index","follow":"follow","max-snippet":"max-snippet:-1","max-image-preview":"max-image-preview:large","max-video-preview":"max-video-preview:-1"},"canonical":"https:\/\/laredsocial-noticias.com\/wp\/lista-estrategia-para-convertir-transporte-publico-a-gas-natural\/","og_locale":"es_ES","og_type":"article","og_title":"Lista, estrategia para convertir transporte p\u00fablico a gas natural - NOTICIAS","og_description":"CIUDAD DE M\u00c9XICO, 10 de mayo, (CDMX \/ C\u00cdRCULO DIGITAL).-\u00a0Como parte de las acciones a mediano y largo plazos para...","og_url":"https:\/\/laredsocial-noticias.com\/wp\/lista-estrategia-para-convertir-transporte-publico-a-gas-natural\/","og_site_name":"NOTICIAS","article_published_time":"2016-05-11T00:00:47+00:00","author":"Editor en Jefe","twitter_card":"summary_large_image","twitter_misc":{"Escrito por":"Editor en Jefe","Tiempo de lectura":"3 minutos"},"schema":{"@context":"https:\/\/schema.org","@graph":[{"@type":"WebPage","@id":"https:\/\/laredsocial-noticias.com\/wp\/lista-estrategia-para-convertir-transporte-publico-a-gas-natural\/","url":"https:\/\/laredsocial-noticias.com\/wp\/lista-estrategia-para-convertir-transporte-publico-a-gas-natural\/","name":"Lista, estrategia para convertir transporte p\u00fablico a gas natural - NOTICIAS","isPartOf":{"@id":"https:\/\/laredsocial-noticias.com\/wp\/#website"},"datePublished":"2016-05-11T00:00:47+00:00","author":{"@id":"https:\/\/laredsocial-noticias.com\/wp\/#\/schema\/person\/0ce78643f2de7aae6f6ef10e8453a6e0"},"breadcrumb":{"@id":"https:\/\/laredsocial-noticias.com\/wp\/lista-estrategia-para-convertir-transporte-publico-a-gas-natural\/#breadcrumb"},"inLanguage":"es","potentialAction":[{"@type":"ReadAction","target":["https:\/\/laredsocial-noticias.com\/wp\/lista-estrategia-para-convertir-transporte-publico-a-gas-natural\/"]}]},{"@type":"BreadcrumbList","@id":"https:\/\/laredsocial-noticias.com\/wp\/lista-estrategia-para-convertir-transporte-publico-a-gas-natural\/#breadcrumb","itemListElement":[{"@type":"ListItem","position":1,"name":"Portada","item":"https:\/\/laredsocial-noticias.com\/wp\/"},{"@type":"ListItem","position":2,"name":"Lista, estrategia para convertir transporte p\u00fablico a gas natural"}]},{"@type":"WebSite","@id":"https:\/\/laredsocial-noticias.com\/wp\/#website","url":"https:\/\/laredsocial-noticias.com\/wp\/","name":"NOTICIAS","description":"Lo que se ve y se dice en las redes sociales","potentialAction":[{"@type":"SearchAction","target":{"@type":"EntryPoint","urlTemplate":"https:\/\/laredsocial-noticias.com\/wp\/?s={search_term_string}"},"query-input":{"@type":"PropertyValueSpecification","valueRequired":true,"valueName":"search_term_string"}}],"inLanguage":"es"},{"@type":"Person","@id":"https:\/\/laredsocial-noticias.com\/wp\/#\/schema\/person\/0ce78643f2de7aae6f6ef10e8453a6e0","name":"Editor en Jefe","url":"https:\/\/laredsocial-noticias.com\/wp\/author\/jorgeochoa\/"}]}},"_links":{"self":[{"href":"https:\/\/laredsocial-noticias.com\/wp\/wp-json\/wp\/v2\/posts\/8915","targetHints":{"allow":["GET"]}}],"collection":[{"href":"https:\/\/laredsocial-noticias.com\/wp\/wp-json\/wp\/v2\/posts"}],"about":[{"href":"https:\/\/laredsocial-noticias.com\/wp\/wp-json\/wp\/v2\/types\/post"}],"author":[{"embeddable":true,"href":"https:\/\/laredsocial-noticias.com\/wp\/wp-json\/wp\/v2\/users\/1"}],"replies":[{"embeddable":true,"href":"https:\/\/laredsocial-noticias.com\/wp\/wp-json\/wp\/v2\/comments?post=8915"}],"version-history":[{"count":1,"href":"https:\/\/laredsocial-noticias.com\/wp\/wp-json\/wp\/v2\/posts\/8915\/revisions"}],"predecessor-version":[{"id":8916,"href":"https:\/\/laredsocial-noticias.com\/wp\/wp-json\/wp\/v2\/posts\/8915\/revisions\/8916"}],"wp:attachment":[{"href":"https:\/\/laredsocial-noticias.com\/wp\/wp-json\/wp\/v2\/media?parent=8915"}],"wp:term":[{"taxonomy":"category","embeddable":true,"href":"https:\/\/laredsocial-noticias.com\/wp\/wp-json\/wp\/v2\/categories?post=8915"},{"taxonomy":"post_tag","embeddable":true,"href":"https:\/\/laredsocial-noticias.com\/wp\/wp-json\/wp\/v2\/tags?post=8915"}],"curies":[{"name":"wp","href":"https:\/\/api.w.org\/{rel}","templated":true}]}}