{"id":89277,"date":"2018-03-27T10:25:28","date_gmt":"2018-03-27T15:25:28","guid":{"rendered":"http:\/\/laredsocial-noticias.com\/wp\/?p=89277"},"modified":"2018-03-27T10:27:03","modified_gmt":"2018-03-27T15:27:03","slug":"89277-2","status":"publish","type":"post","link":"https:\/\/laredsocial-noticias.com\/wp\/89277-2\/","title":{"rendered":"Detienen a l\u00edder de narcomenudeo en Coyoac\u00e1n"},"content":{"rendered":"<p><img loading=\"lazy\" decoding=\"async\" class=\"alignleft size-full wp-image-89278\" src=\"http:\/\/laredsocial-noticias.com\/wp\/wp-content\/uploads\/2018\/03\/EL-HUGO.jpg\" alt=\"\" width=\"877\" height=\"400\" \/>Jos\u00e9 Alejandro, \u201cEl H\u201c, \u201cEl Hugo\u201d o \u201cPepe Hijo de Pancho el Perro\u201c, fue capturado la noche del lunes por elementos de la polic\u00eda capitalina.<\/p>\n<p>Se trata de un l\u00edder de narcomenudistas del autodenominado C\u00e1rtel del H, ligado a la venta de droga en Coyoac\u00e1n, Tlalpan y Ciudad Universitaria.<\/p>\n<p>El arresto se dio tras un operativo en Avenida San Jer\u00f3nimo y Orqu\u00eddea, en la Delegaci\u00f3n Magdalena Contreras, junto con otros de sus presuntos c\u00f3mplices y colaboradores<\/p>\n<p>\u201cLa Secretar\u00eda de Seguridad P\u00fablica puso a disposici\u00f3n de la Fiscal\u00eda Central de Investigaci\u00f3n de la Procuradur\u00eda General de Justicia capitalina a\u00a0<strong>11 individuos,<\/strong>\u00a0entre ellos dos adolescentes, detenidos en la delegaci\u00f3n Magdalena Contreras en posesi\u00f3n de armas de fuego de diferentes calibres y tres paquetes con vegetal verde, al parecer marihuana\u201d.<\/p>\n<p>\u201cLa dependencia realiza las diligencias pertinentes para conocer si los implicados y cuatro autom\u00f3viles tambi\u00e9n asegurados se encuentran relacionados con otros il\u00edcitos\u201d, concluy\u00f3.<\/p>\n","protected":false},"excerpt":{"rendered":"<p>Jos\u00e9 Alejandro, \u201cEl H\u201c, \u201cEl Hugo\u201d o \u201cPepe Hijo de Pancho el Perro\u201c, fue capturado la noche del lunes por&#8230;<\/p>\n","protected":false},"author":1,"featured_media":0,"comment_status":"closed","ping_status":"open","sticky":false,"template":"","format":"standard","meta":{"footnotes":""},"categories":[2423,48,3716],"tags":[],"class_list":["post-89277","post","type-post","status-publish","format-standard","hentry","category-crimen-organizado","category-narcotrafico","category-seguridad-interior"],"yoast_head":"<!-- This site is optimized with the Yoast SEO plugin v26.5 - https:\/\/yoast.com\/wordpress\/plugins\/seo\/ -->\n<title>Detienen a l\u00edder de narcomenudeo en Coyoac\u00e1n - NOTICIAS<\/title>\n<meta name=\"robots\" content=\"index, follow, max-snippet:-1, max-image-preview:large, max-video-preview:-1\" \/>\n<link rel=\"canonical\" href=\"https:\/\/laredsocial-noticias.com\/wp\/89277-2\/\" \/>\n<meta property=\"og:locale\" content=\"es_ES\" \/>\n<meta property=\"og:type\" content=\"article\" \/>\n<meta property=\"og:title\" content=\"Detienen a l\u00edder de narcomenudeo en Coyoac\u00e1n - NOTICIAS\" \/>\n<meta property=\"og:description\" content=\"Jos\u00e9 Alejandro, \u201cEl H\u201c, \u201cEl Hugo\u201d o \u201cPepe Hijo de Pancho el Perro\u201c, fue capturado la noche del lunes por...\" \/>\n<meta property=\"og:url\" content=\"https:\/\/laredsocial-noticias.com\/wp\/89277-2\/\" \/>\n<meta property=\"og:site_name\" content=\"NOTICIAS\" \/>\n<meta property=\"article:published_time\" content=\"2018-03-27T15:25:28+00:00\" \/>\n<meta property=\"article:modified_time\" content=\"2018-03-27T15:27:03+00:00\" \/>\n<meta property=\"og:image\" content=\"https:\/\/laredsocial-noticias.com\/wp\/wp-content\/uploads\/2018\/03\/EL-HUGO.jpg\" \/>\n\t<meta property=\"og:image:width\" content=\"877\" \/>\n\t<meta property=\"og:image:height\" content=\"400\" \/>\n\t<meta property=\"og:image:type\" content=\"image\/jpeg\" \/>\n<meta name=\"author\" content=\"Editor en Jefe\" \/>\n<meta name=\"twitter:card\" content=\"summary_large_image\" \/>\n<meta name=\"twitter:label1\" content=\"Escrito por\" \/>\n\t<meta name=\"twitter:data1\" content=\"Editor en Jefe\" \/>\n\t<meta name=\"twitter:label2\" content=\"Tiempo de lectura\" \/>\n\t<meta name=\"twitter:data2\" content=\"1 minuto\" \/>\n<!-- \/ Yoast SEO plugin. -->","yoast_head_json":{"title":"Detienen a l\u00edder de narcomenudeo en Coyoac\u00e1n - NOTICIAS","robots":{"index":"index","follow":"follow","max-snippet":"max-snippet:-1","max-image-preview":"max-image-preview:large","max-video-preview":"max-video-preview:-1"},"canonical":"https:\/\/laredsocial-noticias.com\/wp\/89277-2\/","og_locale":"es_ES","og_type":"article","og_title":"Detienen a l\u00edder de narcomenudeo en Coyoac\u00e1n - NOTICIAS","og_description":"Jos\u00e9 Alejandro, \u201cEl H\u201c, \u201cEl Hugo\u201d o \u201cPepe Hijo de Pancho el Perro\u201c, fue capturado la noche del lunes por...","og_url":"https:\/\/laredsocial-noticias.com\/wp\/89277-2\/","og_site_name":"NOTICIAS","article_published_time":"2018-03-27T15:25:28+00:00","article_modified_time":"2018-03-27T15:27:03+00:00","og_image":[{"width":877,"height":400,"url":"https:\/\/laredsocial-noticias.com\/wp\/wp-content\/uploads\/2018\/03\/EL-HUGO.jpg","type":"image\/jpeg"}],"author":"Editor en Jefe","twitter_card":"summary_large_image","twitter_misc":{"Escrito por":"Editor en Jefe","Tiempo de lectura":"1 minuto"},"schema":{"@context":"https:\/\/schema.org","@graph":[{"@type":"WebPage","@id":"https:\/\/laredsocial-noticias.com\/wp\/89277-2\/","url":"https:\/\/laredsocial-noticias.com\/wp\/89277-2\/","name":"Detienen a l\u00edder de narcomenudeo en Coyoac\u00e1n - NOTICIAS","isPartOf":{"@id":"https:\/\/laredsocial-noticias.com\/wp\/#website"},"primaryImageOfPage":{"@id":"https:\/\/laredsocial-noticias.com\/wp\/89277-2\/#primaryimage"},"image":{"@id":"https:\/\/laredsocial-noticias.com\/wp\/89277-2\/#primaryimage"},"thumbnailUrl":"http:\/\/laredsocial-noticias.com\/wp\/wp-content\/uploads\/2018\/03\/EL-HUGO.jpg","datePublished":"2018-03-27T15:25:28+00:00","dateModified":"2018-03-27T15:27:03+00:00","author":{"@id":"https:\/\/laredsocial-noticias.com\/wp\/#\/schema\/person\/0ce78643f2de7aae6f6ef10e8453a6e0"},"breadcrumb":{"@id":"https:\/\/laredsocial-noticias.com\/wp\/89277-2\/#breadcrumb"},"inLanguage":"es","potentialAction":[{"@type":"ReadAction","target":["https:\/\/laredsocial-noticias.com\/wp\/89277-2\/"]}]},{"@type":"ImageObject","inLanguage":"es","@id":"https:\/\/laredsocial-noticias.com\/wp\/89277-2\/#primaryimage","url":"","contentUrl":""},{"@type":"BreadcrumbList","@id":"https:\/\/laredsocial-noticias.com\/wp\/89277-2\/#breadcrumb","itemListElement":[{"@type":"ListItem","position":1,"name":"Portada","item":"https:\/\/laredsocial-noticias.com\/wp\/"},{"@type":"ListItem","position":2,"name":"Detienen a l\u00edder de narcomenudeo en Coyoac\u00e1n"}]},{"@type":"WebSite","@id":"https:\/\/laredsocial-noticias.com\/wp\/#website","url":"https:\/\/laredsocial-noticias.com\/wp\/","name":"NOTICIAS","description":"Lo que se ve y se dice en las redes sociales","potentialAction":[{"@type":"SearchAction","target":{"@type":"EntryPoint","urlTemplate":"https:\/\/laredsocial-noticias.com\/wp\/?s={search_term_string}"},"query-input":{"@type":"PropertyValueSpecification","valueRequired":true,"valueName":"search_term_string"}}],"inLanguage":"es"},{"@type":"Person","@id":"https:\/\/laredsocial-noticias.com\/wp\/#\/schema\/person\/0ce78643f2de7aae6f6ef10e8453a6e0","name":"Editor en Jefe","url":"https:\/\/laredsocial-noticias.com\/wp\/author\/jorgeochoa\/"}]}},"_links":{"self":[{"href":"https:\/\/laredsocial-noticias.com\/wp\/wp-json\/wp\/v2\/posts\/89277","targetHints":{"allow":["GET"]}}],"collection":[{"href":"https:\/\/laredsocial-noticias.com\/wp\/wp-json\/wp\/v2\/posts"}],"about":[{"href":"https:\/\/laredsocial-noticias.com\/wp\/wp-json\/wp\/v2\/types\/post"}],"author":[{"embeddable":true,"href":"https:\/\/laredsocial-noticias.com\/wp\/wp-json\/wp\/v2\/users\/1"}],"replies":[{"embeddable":true,"href":"https:\/\/laredsocial-noticias.com\/wp\/wp-json\/wp\/v2\/comments?post=89277"}],"version-history":[{"count":3,"href":"https:\/\/laredsocial-noticias.com\/wp\/wp-json\/wp\/v2\/posts\/89277\/revisions"}],"predecessor-version":[{"id":89281,"href":"https:\/\/laredsocial-noticias.com\/wp\/wp-json\/wp\/v2\/posts\/89277\/revisions\/89281"}],"wp:attachment":[{"href":"https:\/\/laredsocial-noticias.com\/wp\/wp-json\/wp\/v2\/media?parent=89277"}],"wp:term":[{"taxonomy":"category","embeddable":true,"href":"https:\/\/laredsocial-noticias.com\/wp\/wp-json\/wp\/v2\/categories?post=89277"},{"taxonomy":"post_tag","embeddable":true,"href":"https:\/\/laredsocial-noticias.com\/wp\/wp-json\/wp\/v2\/tags?post=89277"}],"curies":[{"name":"wp","href":"https:\/\/api.w.org\/{rel}","templated":true}]}}