{"id":89545,"date":"2018-03-31T16:02:02","date_gmt":"2018-03-31T21:02:02","guid":{"rendered":"http:\/\/laredsocial-noticias.com\/wp\/?p=89545"},"modified":"2018-03-31T16:02:02","modified_gmt":"2018-03-31T21:02:02","slug":"incremento-inercial-de-presuesto-en-sector-salud-en-2018-ibd","status":"publish","type":"post","link":"https:\/\/laredsocial-noticias.com\/wp\/incremento-inercial-de-presuesto-en-sector-salud-en-2018-ibd\/","title":{"rendered":"Incremento inercial de presuesto en Sector Salud en 2018: IBD"},"content":{"rendered":"<p><i><span lang=\"ES-TRAD\"><img loading=\"lazy\" decoding=\"async\" class=\"alignleft  wp-image-50158\" src=\"http:\/\/laredsocial-noticias.com\/wp\/wp-content\/uploads\/2017\/02\/Secretaria-de-Salud1.jpg\" alt=\"\" width=\"357\" height=\"230\" \/>En el Presupuesto de Egresos de la Federaci\u00f3n de este a\u00f1o (PEF-2018) se asign\u00f3 un presupuesto de 564 mil 935.7 millones de pesos al Sector Salud, monto que resulta superior en 0.6 por ciento en t\u00e9rminos reales, respecto a lo aprobado en 2017.<\/span><\/i><\/p>\n<p class=\"x_MsoNormal\"><span lang=\"ES-MX\">La Direcci\u00f3n General de Finanzas (DGFI) del Instituto Belisario Dom\u00ednguez (IBD) del Senado de la Rep\u00fablica realiz\u00f3 el an\u00e1lisis de los \u201cRecursos destinados al Sector Salud.\u00a0<\/span><\/p>\n<p class=\"x_MsoNormal\"><span lang=\"ES-MX\">En este an\u00e1lisis, se identifica que\u00a049.1 por ciento se asign\u00f3 al Instituto Mexicano del Seguro Social (IMSS).\u00a0<\/span><span lang=\"ES-MX\">El 20.6 por ciento se destinaron al ramo 12 Salud, 16.0 por ciento al ramo 33 Aportaciones Federales para Entidades Federativas y Municipios (Aportaciones Federales), <\/span><\/p>\n<p class=\"x_MsoNormal\"><span lang=\"ES-MX\">9.7 por ciento al Instituto de Seguridad y Servicios Sociales de los Trabajadores del Estado (ISSSTE), 3.1 por ciento al ramo 19 Aportaciones a Seguridad Social, 1.1 por ciento a Defensa Nacional y 0.4 por ciento a Marina.<\/span><\/p>\n<p class=\"x_MsoNormal\"><span lang=\"ES-MX\">La integraci\u00f3n del PEF-2018, implica que 544 mil 372.9 mdp, equivalentes a 96.4 por ciento del total del Sector, corresponde a gasto corriente, que en su mayor parte tiene como destino el pago de servicios personales tanto a nivel central como en transferencias por aportaciones federales. Adem\u00e1s, esta previsi\u00f3n de gasto corriente observa un incremento anual de 0.5 por ciento real.<\/span><\/p>\n<p class=\"x_MsoNormal\"><span lang=\"ES-MX\">En el caso de Pensiones y Jubilaciones, se propone un\u00a0\u00a0presupuesto de 5 mil 232.5 mdp, que representa un 0.9 por ciento del total sectorial y significa un crecimiento anual de 0.7 por ciento real.<\/span><\/p>\n<p class=\"x_MsoNormal\"><span lang=\"es\">Los restantes 15 mil 330.2 mdp se etiquetaron como gasto de inversi\u00f3n, y representan el 2.7 por ciento del total en Salud y resultan en un incremento de 6.0 por ciento real respecto a lo aprobado para este rubro en 2017. El presupuesto aprobado define que un 55.3 por ciento del gasto de inversi\u00f3n corresponde al IMSS, 31.2 por ciento a la Secretar\u00eda de Salud, 10.2 por ciento al ISSSTE, 3.0 por ciento a Aportaciones Federales y el restante 0.3 por ciento a Defensa Nacional.<\/span><\/p>\n<p class=\"x_MsoNormal\"><span lang=\"es\">Al respecto, el estudio se\u00f1ala que s\u00f3lo un 22.9 por ciento de las erogaciones para inversi\u00f3n se destinar\u00edan a la creaci\u00f3n de infraestructura f\u00edsica mediante la realizaci\u00f3n de obra p\u00fablica; mientras que el 53.8 por ciento se clasific\u00f3 como gasto de capital diferente de obra p\u00fablica, 22.8 por ciento como gasto de inversi\u00f3n por concepto de recursos otorgados a fideicomisos p\u00fablicos no considerados entidad paraestatal cuyo prop\u00f3sito financiero se limite a la administraci\u00f3n y pago, y 0.5 por ciento como gasto de inversi\u00f3n por concepto de gastos indirectos de programas de subsidios.<\/span><\/p>\n<p class=\"x_MsoNormal\"><span lang=\"ES-MX\">Finalmente, el estudio precisa que del gasto de inversi\u00f3n asignado al ramo 12 Salud, el 7.3 por ciento est\u00e1 vinculado a programas y proyectos de inversi\u00f3n (PPI); esto es, 348.8 mdp se distribuyen entre 14 PPI.<\/span><\/p>\n<p class=\"x_MsoNormal\"><span lang=\"ES-MX\">El estudio puede consultarse en:\u00a0<\/span><span lang=\"ES-MX\"><a href=\"http:\/\/bibliodigitalibd.senado.gob.mx\/handle\/123456789\/3832\" target=\"_blank\" rel=\"noopener noreferrer\"><span lang=\"es\">http:\/\/bibliodigitalibd.senado<wbr><\/wbr>.gob.mx\/handle\/123456789\/3832<\/span><\/a><\/span><\/p>\n<p class=\"x_MsoNormal\" align=\"center\"><b><span lang=\"ES-MX\">\u00a0<\/span><\/b><\/p>\n","protected":false},"excerpt":{"rendered":"<p>En el Presupuesto de Egresos de la Federaci\u00f3n de este a\u00f1o (PEF-2018) se asign\u00f3 un presupuesto de 564 mil 935.7&#8230;<\/p>\n","protected":false},"author":1,"featured_media":0,"comment_status":"closed","ping_status":"open","sticky":false,"template":"","format":"standard","meta":{"footnotes":""},"categories":[27,2849,59],"tags":[],"class_list":["post-89545","post","type-post","status-publish","format-standard","hentry","category-congreso-de-la-union","category-salud","category-senado"],"yoast_head":"<!-- This site is optimized with the Yoast SEO plugin v26.5 - https:\/\/yoast.com\/wordpress\/plugins\/seo\/ -->\n<title>Incremento inercial de presuesto en Sector Salud en 2018: IBD - NOTICIAS<\/title>\n<meta name=\"robots\" content=\"index, follow, max-snippet:-1, max-image-preview:large, max-video-preview:-1\" \/>\n<link rel=\"canonical\" href=\"https:\/\/laredsocial-noticias.com\/wp\/incremento-inercial-de-presuesto-en-sector-salud-en-2018-ibd\/\" \/>\n<meta property=\"og:locale\" content=\"es_ES\" \/>\n<meta property=\"og:type\" content=\"article\" \/>\n<meta property=\"og:title\" content=\"Incremento inercial de presuesto en Sector Salud en 2018: IBD - NOTICIAS\" \/>\n<meta property=\"og:description\" content=\"En el Presupuesto de Egresos de la Federaci\u00f3n de este a\u00f1o (PEF-2018) se asign\u00f3 un presupuesto de 564 mil 935.7...\" \/>\n<meta property=\"og:url\" content=\"https:\/\/laredsocial-noticias.com\/wp\/incremento-inercial-de-presuesto-en-sector-salud-en-2018-ibd\/\" \/>\n<meta property=\"og:site_name\" content=\"NOTICIAS\" \/>\n<meta property=\"article:published_time\" content=\"2018-03-31T21:02:02+00:00\" \/>\n<meta property=\"og:image\" content=\"https:\/\/laredsocial-noticias.com\/wp\/wp-content\/uploads\/2017\/02\/Semana-Nacional-de-Salud-e1488050278132.jpg\" \/>\n\t<meta property=\"og:image:width\" content=\"600\" \/>\n\t<meta property=\"og:image:height\" content=\"400\" \/>\n\t<meta property=\"og:image:type\" content=\"image\/jpeg\" \/>\n<meta name=\"author\" content=\"Editor en Jefe\" \/>\n<meta name=\"twitter:card\" content=\"summary_large_image\" \/>\n<meta name=\"twitter:label1\" content=\"Escrito por\" \/>\n\t<meta name=\"twitter:data1\" content=\"Editor en Jefe\" \/>\n\t<meta name=\"twitter:label2\" content=\"Tiempo de lectura\" \/>\n\t<meta name=\"twitter:data2\" content=\"2 minutos\" \/>\n<!-- \/ Yoast SEO plugin. -->","yoast_head_json":{"title":"Incremento inercial de presuesto en Sector Salud en 2018: IBD - NOTICIAS","robots":{"index":"index","follow":"follow","max-snippet":"max-snippet:-1","max-image-preview":"max-image-preview:large","max-video-preview":"max-video-preview:-1"},"canonical":"https:\/\/laredsocial-noticias.com\/wp\/incremento-inercial-de-presuesto-en-sector-salud-en-2018-ibd\/","og_locale":"es_ES","og_type":"article","og_title":"Incremento inercial de presuesto en Sector Salud en 2018: IBD - NOTICIAS","og_description":"En el Presupuesto de Egresos de la Federaci\u00f3n de este a\u00f1o (PEF-2018) se asign\u00f3 un presupuesto de 564 mil 935.7...","og_url":"https:\/\/laredsocial-noticias.com\/wp\/incremento-inercial-de-presuesto-en-sector-salud-en-2018-ibd\/","og_site_name":"NOTICIAS","article_published_time":"2018-03-31T21:02:02+00:00","og_image":[{"width":600,"height":400,"url":"https:\/\/laredsocial-noticias.com\/wp\/wp-content\/uploads\/2017\/02\/Semana-Nacional-de-Salud-e1488050278132.jpg","type":"image\/jpeg"}],"author":"Editor en Jefe","twitter_card":"summary_large_image","twitter_misc":{"Escrito por":"Editor en Jefe","Tiempo de lectura":"2 minutos"},"schema":{"@context":"https:\/\/schema.org","@graph":[{"@type":"WebPage","@id":"https:\/\/laredsocial-noticias.com\/wp\/incremento-inercial-de-presuesto-en-sector-salud-en-2018-ibd\/","url":"https:\/\/laredsocial-noticias.com\/wp\/incremento-inercial-de-presuesto-en-sector-salud-en-2018-ibd\/","name":"Incremento inercial de presuesto en Sector Salud en 2018: IBD - NOTICIAS","isPartOf":{"@id":"https:\/\/laredsocial-noticias.com\/wp\/#website"},"primaryImageOfPage":{"@id":"https:\/\/laredsocial-noticias.com\/wp\/incremento-inercial-de-presuesto-en-sector-salud-en-2018-ibd\/#primaryimage"},"image":{"@id":"https:\/\/laredsocial-noticias.com\/wp\/incremento-inercial-de-presuesto-en-sector-salud-en-2018-ibd\/#primaryimage"},"thumbnailUrl":"http:\/\/laredsocial-noticias.com\/wp\/wp-content\/uploads\/2017\/02\/Secretaria-de-Salud1.jpg","datePublished":"2018-03-31T21:02:02+00:00","author":{"@id":"https:\/\/laredsocial-noticias.com\/wp\/#\/schema\/person\/0ce78643f2de7aae6f6ef10e8453a6e0"},"breadcrumb":{"@id":"https:\/\/laredsocial-noticias.com\/wp\/incremento-inercial-de-presuesto-en-sector-salud-en-2018-ibd\/#breadcrumb"},"inLanguage":"es","potentialAction":[{"@type":"ReadAction","target":["https:\/\/laredsocial-noticias.com\/wp\/incremento-inercial-de-presuesto-en-sector-salud-en-2018-ibd\/"]}]},{"@type":"ImageObject","inLanguage":"es","@id":"https:\/\/laredsocial-noticias.com\/wp\/incremento-inercial-de-presuesto-en-sector-salud-en-2018-ibd\/#primaryimage","url":"","contentUrl":""},{"@type":"BreadcrumbList","@id":"https:\/\/laredsocial-noticias.com\/wp\/incremento-inercial-de-presuesto-en-sector-salud-en-2018-ibd\/#breadcrumb","itemListElement":[{"@type":"ListItem","position":1,"name":"Portada","item":"https:\/\/laredsocial-noticias.com\/wp\/"},{"@type":"ListItem","position":2,"name":"Incremento inercial de presuesto en Sector Salud en 2018: IBD"}]},{"@type":"WebSite","@id":"https:\/\/laredsocial-noticias.com\/wp\/#website","url":"https:\/\/laredsocial-noticias.com\/wp\/","name":"NOTICIAS","description":"Lo que se ve y se dice en las redes sociales","potentialAction":[{"@type":"SearchAction","target":{"@type":"EntryPoint","urlTemplate":"https:\/\/laredsocial-noticias.com\/wp\/?s={search_term_string}"},"query-input":{"@type":"PropertyValueSpecification","valueRequired":true,"valueName":"search_term_string"}}],"inLanguage":"es"},{"@type":"Person","@id":"https:\/\/laredsocial-noticias.com\/wp\/#\/schema\/person\/0ce78643f2de7aae6f6ef10e8453a6e0","name":"Editor en Jefe","url":"https:\/\/laredsocial-noticias.com\/wp\/author\/jorgeochoa\/"}]}},"_links":{"self":[{"href":"https:\/\/laredsocial-noticias.com\/wp\/wp-json\/wp\/v2\/posts\/89545","targetHints":{"allow":["GET"]}}],"collection":[{"href":"https:\/\/laredsocial-noticias.com\/wp\/wp-json\/wp\/v2\/posts"}],"about":[{"href":"https:\/\/laredsocial-noticias.com\/wp\/wp-json\/wp\/v2\/types\/post"}],"author":[{"embeddable":true,"href":"https:\/\/laredsocial-noticias.com\/wp\/wp-json\/wp\/v2\/users\/1"}],"replies":[{"embeddable":true,"href":"https:\/\/laredsocial-noticias.com\/wp\/wp-json\/wp\/v2\/comments?post=89545"}],"version-history":[{"count":1,"href":"https:\/\/laredsocial-noticias.com\/wp\/wp-json\/wp\/v2\/posts\/89545\/revisions"}],"predecessor-version":[{"id":89546,"href":"https:\/\/laredsocial-noticias.com\/wp\/wp-json\/wp\/v2\/posts\/89545\/revisions\/89546"}],"wp:attachment":[{"href":"https:\/\/laredsocial-noticias.com\/wp\/wp-json\/wp\/v2\/media?parent=89545"}],"wp:term":[{"taxonomy":"category","embeddable":true,"href":"https:\/\/laredsocial-noticias.com\/wp\/wp-json\/wp\/v2\/categories?post=89545"},{"taxonomy":"post_tag","embeddable":true,"href":"https:\/\/laredsocial-noticias.com\/wp\/wp-json\/wp\/v2\/tags?post=89545"}],"curies":[{"name":"wp","href":"https:\/\/api.w.org\/{rel}","templated":true}]}}