{"id":8988,"date":"2016-05-11T12:06:09","date_gmt":"2016-05-11T17:06:09","guid":{"rendered":"http:\/\/laredsocial-noticias.com\/wp\/?p=8988"},"modified":"2016-05-11T12:06:11","modified_gmt":"2016-05-11T17:06:11","slug":"individualidades-de-america-le-dan-ventaja-sobre-chivas","status":"publish","type":"post","link":"https:\/\/laredsocial-noticias.com\/wp\/individualidades-de-america-le-dan-ventaja-sobre-chivas\/","title":{"rendered":"Individualidades de Am\u00e9rica le dan ventaja sobre Chivas"},"content":{"rendered":"<p><strong>CIUDAD DE M\u00c9XICO, 11 de mayo, (REVANCHA DEPORTIVA \/ C\u00cdRCULO DIGITAL).-\u00a0<\/strong>M\u00e1s all\u00e1 que el estilo de f\u00fatbol que practica Ignacio Ambriz est\u00e1 lejos de su agrado, el m\u00edtico ex futbolista de Am\u00e9rica, Jorge &#8220;Coco&#8221; G\u00f3mez, consider\u00f3 que el conjunto de Coapa es favorito para llevarse el &#8220;cl\u00e1sico nacional&#8221; en la serie de cuartos de final ante Guadalajara.<\/p>\n<div class=\"x_desarrollo\">\n<p>&#8220;No me gusta mucho como juega el equipo con Ignacio Ambriz, pero creo que no es tanto el t\u00e9cnico si no son los jugadores los que cuentan, creo que con sus individualidades llevan adelante el equipo&#8221;, dijo.<\/p>\n<p>En entrevista con Notimex, G\u00f3mez, quien le dio a los capitalinos el t\u00edtulo de la temporada 1965-1966 con un gol &#8220;ol\u00edmpico&#8221;, explic\u00f3 que la calidad individual con la que cuenta el conjunto de las \u00c1guilas ser\u00e1 fundamental para superar a su ac\u00e9rrimo rival.<\/p>\n<p>\u201cHasta este momento han sido capaces de salir a adelante con las individualidades por lo que espero que no cambien. Y creo que con eso les va alcanzar para pasar a semifinales&#8221;, estableci\u00f3.<\/p>\n<p>Dej\u00f3 en claro que adem\u00e1s de ese factor, &#8220;Am\u00e9rica es Am\u00e9rica y m\u00e1s cerrando en el Azteca me parece que s\u00ed es mucha ventaja&#8221;.<\/p>\n<p>&#8220;Para m\u00ed el favorito siempre va a ser el Am\u00e9rica porque yo le voy a ese equipo, sin embargo fuera de ese sentimiento sigo pensando que Am\u00e9rica tiene con que restar a las Chivas, se puso al m\u00e1ximo y creo que va ganar esta serie&#8221;, asegur\u00f3.<\/p>\n<p>Adem\u00e1s, rechaz\u00f3 de manera rotunda que el conjunto tapat\u00edo tenga m\u00e1s afici\u00f3n en la Ciudad de M\u00e9xico y asegur\u00f3 que tanto en la capital del pa\u00eds como en la &#8220;Perla de Occidente&#8221; los &#8220;azulcremas&#8221; tendr\u00e1n un mayor respaldo.<\/p>\n<p>&#8220;Ellos s\u00ed tienen muchos seguidores aqu\u00ed en la capital pero no se compara, el Am\u00e9rica pesa mucho en M\u00e9xico y sobre todo en el Azteca, tambi\u00e9n en Guadalajara porque all\u00e1 tiene la misma cantidad de seguidores, hay mucho americanista&#8221;, expuso.<\/p>\n<\/div>\n<p>&nbsp;<\/p>\n","protected":false},"excerpt":{"rendered":"<p>CIUDAD DE M\u00c9XICO, 11 de mayo, (REVANCHA DEPORTIVA \/ C\u00cdRCULO DIGITAL).-\u00a0M\u00e1s all\u00e1 que el estilo de f\u00fatbol que practica Ignacio&#8230;<\/p>\n","protected":false},"author":1,"featured_media":0,"comment_status":"closed","ping_status":"closed","sticky":false,"template":"","format":"standard","meta":{"footnotes":""},"categories":[1796,337,73],"tags":[670,77],"class_list":["post-8988","post","type-post","status-publish","format-standard","hentry","category-circulodigital","category-deportes","category-principal","tag-deportes","tag-principal"],"yoast_head":"<!-- This site is optimized with the Yoast SEO plugin v26.5 - https:\/\/yoast.com\/wordpress\/plugins\/seo\/ -->\n<title>Individualidades de Am\u00e9rica le dan ventaja sobre Chivas - NOTICIAS<\/title>\n<meta name=\"robots\" content=\"index, follow, max-snippet:-1, max-image-preview:large, max-video-preview:-1\" \/>\n<link rel=\"canonical\" href=\"https:\/\/laredsocial-noticias.com\/wp\/individualidades-de-america-le-dan-ventaja-sobre-chivas\/\" \/>\n<meta property=\"og:locale\" content=\"es_ES\" \/>\n<meta property=\"og:type\" content=\"article\" \/>\n<meta property=\"og:title\" content=\"Individualidades de Am\u00e9rica le dan ventaja sobre Chivas - NOTICIAS\" \/>\n<meta property=\"og:description\" content=\"CIUDAD DE M\u00c9XICO, 11 de mayo, (REVANCHA DEPORTIVA \/ C\u00cdRCULO DIGITAL).-\u00a0M\u00e1s all\u00e1 que el estilo de f\u00fatbol que practica Ignacio...\" \/>\n<meta property=\"og:url\" content=\"https:\/\/laredsocial-noticias.com\/wp\/individualidades-de-america-le-dan-ventaja-sobre-chivas\/\" \/>\n<meta property=\"og:site_name\" content=\"NOTICIAS\" \/>\n<meta property=\"article:published_time\" content=\"2016-05-11T17:06:09+00:00\" \/>\n<meta property=\"article:modified_time\" content=\"2016-05-11T17:06:11+00:00\" \/>\n<meta name=\"author\" content=\"Editor en Jefe\" \/>\n<meta name=\"twitter:card\" content=\"summary_large_image\" \/>\n<meta name=\"twitter:label1\" content=\"Escrito por\" \/>\n\t<meta name=\"twitter:data1\" content=\"Editor en Jefe\" \/>\n\t<meta name=\"twitter:label2\" content=\"Tiempo de lectura\" \/>\n\t<meta name=\"twitter:data2\" content=\"2 minutos\" \/>\n<!-- \/ Yoast SEO plugin. -->","yoast_head_json":{"title":"Individualidades de Am\u00e9rica le dan ventaja sobre Chivas - NOTICIAS","robots":{"index":"index","follow":"follow","max-snippet":"max-snippet:-1","max-image-preview":"max-image-preview:large","max-video-preview":"max-video-preview:-1"},"canonical":"https:\/\/laredsocial-noticias.com\/wp\/individualidades-de-america-le-dan-ventaja-sobre-chivas\/","og_locale":"es_ES","og_type":"article","og_title":"Individualidades de Am\u00e9rica le dan ventaja sobre Chivas - NOTICIAS","og_description":"CIUDAD DE M\u00c9XICO, 11 de mayo, (REVANCHA DEPORTIVA \/ C\u00cdRCULO DIGITAL).-\u00a0M\u00e1s all\u00e1 que el estilo de f\u00fatbol que practica Ignacio...","og_url":"https:\/\/laredsocial-noticias.com\/wp\/individualidades-de-america-le-dan-ventaja-sobre-chivas\/","og_site_name":"NOTICIAS","article_published_time":"2016-05-11T17:06:09+00:00","article_modified_time":"2016-05-11T17:06:11+00:00","author":"Editor en Jefe","twitter_card":"summary_large_image","twitter_misc":{"Escrito por":"Editor en Jefe","Tiempo de lectura":"2 minutos"},"schema":{"@context":"https:\/\/schema.org","@graph":[{"@type":"WebPage","@id":"https:\/\/laredsocial-noticias.com\/wp\/individualidades-de-america-le-dan-ventaja-sobre-chivas\/","url":"https:\/\/laredsocial-noticias.com\/wp\/individualidades-de-america-le-dan-ventaja-sobre-chivas\/","name":"Individualidades de Am\u00e9rica le dan ventaja sobre Chivas - NOTICIAS","isPartOf":{"@id":"https:\/\/laredsocial-noticias.com\/wp\/#website"},"datePublished":"2016-05-11T17:06:09+00:00","dateModified":"2016-05-11T17:06:11+00:00","author":{"@id":"https:\/\/laredsocial-noticias.com\/wp\/#\/schema\/person\/0ce78643f2de7aae6f6ef10e8453a6e0"},"breadcrumb":{"@id":"https:\/\/laredsocial-noticias.com\/wp\/individualidades-de-america-le-dan-ventaja-sobre-chivas\/#breadcrumb"},"inLanguage":"es","potentialAction":[{"@type":"ReadAction","target":["https:\/\/laredsocial-noticias.com\/wp\/individualidades-de-america-le-dan-ventaja-sobre-chivas\/"]}]},{"@type":"BreadcrumbList","@id":"https:\/\/laredsocial-noticias.com\/wp\/individualidades-de-america-le-dan-ventaja-sobre-chivas\/#breadcrumb","itemListElement":[{"@type":"ListItem","position":1,"name":"Portada","item":"https:\/\/laredsocial-noticias.com\/wp\/"},{"@type":"ListItem","position":2,"name":"Individualidades de Am\u00e9rica le dan ventaja sobre Chivas"}]},{"@type":"WebSite","@id":"https:\/\/laredsocial-noticias.com\/wp\/#website","url":"https:\/\/laredsocial-noticias.com\/wp\/","name":"NOTICIAS","description":"Lo que se ve y se dice en las redes sociales","potentialAction":[{"@type":"SearchAction","target":{"@type":"EntryPoint","urlTemplate":"https:\/\/laredsocial-noticias.com\/wp\/?s={search_term_string}"},"query-input":{"@type":"PropertyValueSpecification","valueRequired":true,"valueName":"search_term_string"}}],"inLanguage":"es"},{"@type":"Person","@id":"https:\/\/laredsocial-noticias.com\/wp\/#\/schema\/person\/0ce78643f2de7aae6f6ef10e8453a6e0","name":"Editor en Jefe","url":"https:\/\/laredsocial-noticias.com\/wp\/author\/jorgeochoa\/"}]}},"_links":{"self":[{"href":"https:\/\/laredsocial-noticias.com\/wp\/wp-json\/wp\/v2\/posts\/8988","targetHints":{"allow":["GET"]}}],"collection":[{"href":"https:\/\/laredsocial-noticias.com\/wp\/wp-json\/wp\/v2\/posts"}],"about":[{"href":"https:\/\/laredsocial-noticias.com\/wp\/wp-json\/wp\/v2\/types\/post"}],"author":[{"embeddable":true,"href":"https:\/\/laredsocial-noticias.com\/wp\/wp-json\/wp\/v2\/users\/1"}],"replies":[{"embeddable":true,"href":"https:\/\/laredsocial-noticias.com\/wp\/wp-json\/wp\/v2\/comments?post=8988"}],"version-history":[{"count":0,"href":"https:\/\/laredsocial-noticias.com\/wp\/wp-json\/wp\/v2\/posts\/8988\/revisions"}],"wp:attachment":[{"href":"https:\/\/laredsocial-noticias.com\/wp\/wp-json\/wp\/v2\/media?parent=8988"}],"wp:term":[{"taxonomy":"category","embeddable":true,"href":"https:\/\/laredsocial-noticias.com\/wp\/wp-json\/wp\/v2\/categories?post=8988"},{"taxonomy":"post_tag","embeddable":true,"href":"https:\/\/laredsocial-noticias.com\/wp\/wp-json\/wp\/v2\/tags?post=8988"}],"curies":[{"name":"wp","href":"https:\/\/api.w.org\/{rel}","templated":true}]}}