{"id":90504,"date":"2018-04-17T19:32:20","date_gmt":"2018-04-18T00:32:20","guid":{"rendered":"http:\/\/laredsocial-noticias.com\/wp\/?p=90504"},"modified":"2018-04-17T19:32:20","modified_gmt":"2018-04-18T00:32:20","slug":"impulsara-anaya-el-nuevo-aeropuerto-de-la-ciudad-de-mexico","status":"publish","type":"post","link":"https:\/\/laredsocial-noticias.com\/wp\/impulsara-anaya-el-nuevo-aeropuerto-de-la-ciudad-de-mexico\/","title":{"rendered":"Impulsar\u00e1 Anaya el Nuevo Aeropuerto de la Ciudad de M\u00e9xico"},"content":{"rendered":"<p class=\"p1\">Ricardo Anaya, candidato a la Presidencia de la Rep\u00fablica por la coalici\u00f3n Por M\u00e9xico al Frente, asegur\u00f3 que impulsar\u00e1 no s\u00f3lo la creaci\u00f3n del nuevo Aeropuerto de la Ciudad de M\u00e9xico, sino que adem\u00e1s lo auditar\u00e1 y ser\u00e1 amigo de la inversi\u00f3n.<\/p>\n<p>El candidato calific\u00f3 a Andr\u00e9s Manuel L\u00f3pez Obrador como un \u201cpol\u00edtico retr\u00f3grada\u201d, tras las declaraciones que ha dado con respecto a la construcci\u00f3n de Nuevo Aeropuerto de la Ciudad de M\u00e9xico.<\/p>\n<p>Ricardo Anaya a\u00f1adi\u00f3 que el candidato por Morena se opone a la inversi\u00f3n, no conf\u00eda en los empresarios y no cree que sea posible la libertad econ\u00f3mica con responsabilidad social.<\/p>\n<p>En conferencia de prensa, el abanderado por la coalici\u00f3n Por M\u00e9xico al Frente, se\u00f1al\u00f3 que en caso de llegar a la Presidencia auditar\u00e1 la obra, para cualquier irregularidad, conflicto de inter\u00e9s o actos de corrupci\u00f3n, va a ser castigado con todo el peso de la ley.<\/p>\n<p>\u201cEstoy seguro que, de esta manera, el nuevo aeropuerto va mejorar la conectividad del pa\u00eds, va a disminuir los costos de operaci\u00f3n de las aerol\u00edneas y nos va a permitir, esto es muy importante, recibir m\u00e1s turistas\u201d, abund\u00f3.<\/p>\n<p>Ricardo Anaya mencion\u00f3 que Andr\u00e9s Manuel sostuvo que L\u00f3pez Obrador es \u201cel espanta inversiones\u201d, porque su actitud provoca que estas se vayan, lo cual es muy delicado, porque cuando no hay inversi\u00f3n no crece la econom\u00eda y no se generan empleos.<\/p>\n<p>\u201cEl dinero que gasta un turista llega a la bolsa de meseros, de restauranteros, de taxistas, de camaristas, de hoteleros, de comerciantes, de prestadores de servicios\u201d, sostuvo.<\/p>\n","protected":false},"excerpt":{"rendered":"<p>Ricardo Anaya, candidato a la Presidencia de la Rep\u00fablica por la coalici\u00f3n Por M\u00e9xico al Frente, asegur\u00f3 que impulsar\u00e1 no&#8230;<\/p>\n","protected":false},"author":15,"featured_media":0,"comment_status":"closed","ping_status":"open","sticky":false,"template":"","format":"standard","meta":{"footnotes":""},"categories":[389,73],"tags":[2293],"class_list":["post-90504","post","type-post","status-publish","format-standard","hentry","category-mexico","category-principal","tag-ricardo-anaya"],"yoast_head":"<!-- This site is optimized with the Yoast SEO plugin v26.5 - https:\/\/yoast.com\/wordpress\/plugins\/seo\/ -->\n<title>Impulsar\u00e1 Anaya el Nuevo Aeropuerto de la Ciudad de M\u00e9xico - NOTICIAS<\/title>\n<meta name=\"robots\" content=\"index, follow, max-snippet:-1, max-image-preview:large, max-video-preview:-1\" \/>\n<link rel=\"canonical\" href=\"https:\/\/laredsocial-noticias.com\/wp\/impulsara-anaya-el-nuevo-aeropuerto-de-la-ciudad-de-mexico\/\" \/>\n<meta property=\"og:locale\" content=\"es_ES\" \/>\n<meta property=\"og:type\" content=\"article\" \/>\n<meta property=\"og:title\" content=\"Impulsar\u00e1 Anaya el Nuevo Aeropuerto de la Ciudad de M\u00e9xico - NOTICIAS\" \/>\n<meta property=\"og:description\" content=\"Ricardo Anaya, candidato a la Presidencia de la Rep\u00fablica por la coalici\u00f3n Por M\u00e9xico al Frente, asegur\u00f3 que impulsar\u00e1 no...\" \/>\n<meta property=\"og:url\" content=\"https:\/\/laredsocial-noticias.com\/wp\/impulsara-anaya-el-nuevo-aeropuerto-de-la-ciudad-de-mexico\/\" \/>\n<meta property=\"og:site_name\" content=\"NOTICIAS\" \/>\n<meta property=\"article:published_time\" content=\"2018-04-18T00:32:20+00:00\" \/>\n<meta property=\"og:image\" content=\"https:\/\/laredsocial-noticias.com\/wp\/wp-content\/uploads\/2018\/04\/Ricardo-Anaya.jpg\" \/>\n\t<meta property=\"og:image:width\" content=\"900\" \/>\n\t<meta property=\"og:image:height\" content=\"576\" \/>\n\t<meta property=\"og:image:type\" content=\"image\/jpeg\" \/>\n<meta name=\"author\" content=\"Juan Raymundo Hernandez\" \/>\n<meta name=\"twitter:card\" content=\"summary_large_image\" \/>\n<meta name=\"twitter:label1\" content=\"Escrito por\" \/>\n\t<meta name=\"twitter:data1\" content=\"Juan Raymundo Hernandez\" \/>\n\t<meta name=\"twitter:label2\" content=\"Tiempo de lectura\" \/>\n\t<meta name=\"twitter:data2\" content=\"1 minuto\" \/>\n<!-- \/ Yoast SEO plugin. -->","yoast_head_json":{"title":"Impulsar\u00e1 Anaya el Nuevo Aeropuerto de la Ciudad de M\u00e9xico - NOTICIAS","robots":{"index":"index","follow":"follow","max-snippet":"max-snippet:-1","max-image-preview":"max-image-preview:large","max-video-preview":"max-video-preview:-1"},"canonical":"https:\/\/laredsocial-noticias.com\/wp\/impulsara-anaya-el-nuevo-aeropuerto-de-la-ciudad-de-mexico\/","og_locale":"es_ES","og_type":"article","og_title":"Impulsar\u00e1 Anaya el Nuevo Aeropuerto de la Ciudad de M\u00e9xico - NOTICIAS","og_description":"Ricardo Anaya, candidato a la Presidencia de la Rep\u00fablica por la coalici\u00f3n Por M\u00e9xico al Frente, asegur\u00f3 que impulsar\u00e1 no...","og_url":"https:\/\/laredsocial-noticias.com\/wp\/impulsara-anaya-el-nuevo-aeropuerto-de-la-ciudad-de-mexico\/","og_site_name":"NOTICIAS","article_published_time":"2018-04-18T00:32:20+00:00","og_image":[{"width":900,"height":576,"url":"https:\/\/laredsocial-noticias.com\/wp\/wp-content\/uploads\/2018\/04\/Ricardo-Anaya.jpg","type":"image\/jpeg"}],"author":"Juan Raymundo Hernandez","twitter_card":"summary_large_image","twitter_misc":{"Escrito por":"Juan Raymundo Hernandez","Tiempo de lectura":"1 minuto"},"schema":{"@context":"https:\/\/schema.org","@graph":[{"@type":"WebPage","@id":"https:\/\/laredsocial-noticias.com\/wp\/impulsara-anaya-el-nuevo-aeropuerto-de-la-ciudad-de-mexico\/","url":"https:\/\/laredsocial-noticias.com\/wp\/impulsara-anaya-el-nuevo-aeropuerto-de-la-ciudad-de-mexico\/","name":"Impulsar\u00e1 Anaya el Nuevo Aeropuerto de la Ciudad de M\u00e9xico - NOTICIAS","isPartOf":{"@id":"https:\/\/laredsocial-noticias.com\/wp\/#website"},"datePublished":"2018-04-18T00:32:20+00:00","author":{"@id":"https:\/\/laredsocial-noticias.com\/wp\/#\/schema\/person\/ef87465aef7eca376539490cfb6ab6dc"},"breadcrumb":{"@id":"https:\/\/laredsocial-noticias.com\/wp\/impulsara-anaya-el-nuevo-aeropuerto-de-la-ciudad-de-mexico\/#breadcrumb"},"inLanguage":"es","potentialAction":[{"@type":"ReadAction","target":["https:\/\/laredsocial-noticias.com\/wp\/impulsara-anaya-el-nuevo-aeropuerto-de-la-ciudad-de-mexico\/"]}]},{"@type":"BreadcrumbList","@id":"https:\/\/laredsocial-noticias.com\/wp\/impulsara-anaya-el-nuevo-aeropuerto-de-la-ciudad-de-mexico\/#breadcrumb","itemListElement":[{"@type":"ListItem","position":1,"name":"Portada","item":"https:\/\/laredsocial-noticias.com\/wp\/"},{"@type":"ListItem","position":2,"name":"Impulsar\u00e1 Anaya el Nuevo Aeropuerto de la Ciudad de M\u00e9xico"}]},{"@type":"WebSite","@id":"https:\/\/laredsocial-noticias.com\/wp\/#website","url":"https:\/\/laredsocial-noticias.com\/wp\/","name":"NOTICIAS","description":"Lo que se ve y se dice en las redes sociales","potentialAction":[{"@type":"SearchAction","target":{"@type":"EntryPoint","urlTemplate":"https:\/\/laredsocial-noticias.com\/wp\/?s={search_term_string}"},"query-input":{"@type":"PropertyValueSpecification","valueRequired":true,"valueName":"search_term_string"}}],"inLanguage":"es"},{"@type":"Person","@id":"https:\/\/laredsocial-noticias.com\/wp\/#\/schema\/person\/ef87465aef7eca376539490cfb6ab6dc","name":"Juan Raymundo Hernandez","url":"https:\/\/laredsocial-noticias.com\/wp\/author\/juanraymundohernandez\/"}]}},"_links":{"self":[{"href":"https:\/\/laredsocial-noticias.com\/wp\/wp-json\/wp\/v2\/posts\/90504","targetHints":{"allow":["GET"]}}],"collection":[{"href":"https:\/\/laredsocial-noticias.com\/wp\/wp-json\/wp\/v2\/posts"}],"about":[{"href":"https:\/\/laredsocial-noticias.com\/wp\/wp-json\/wp\/v2\/types\/post"}],"author":[{"embeddable":true,"href":"https:\/\/laredsocial-noticias.com\/wp\/wp-json\/wp\/v2\/users\/15"}],"replies":[{"embeddable":true,"href":"https:\/\/laredsocial-noticias.com\/wp\/wp-json\/wp\/v2\/comments?post=90504"}],"version-history":[{"count":1,"href":"https:\/\/laredsocial-noticias.com\/wp\/wp-json\/wp\/v2\/posts\/90504\/revisions"}],"predecessor-version":[{"id":90505,"href":"https:\/\/laredsocial-noticias.com\/wp\/wp-json\/wp\/v2\/posts\/90504\/revisions\/90505"}],"wp:attachment":[{"href":"https:\/\/laredsocial-noticias.com\/wp\/wp-json\/wp\/v2\/media?parent=90504"}],"wp:term":[{"taxonomy":"category","embeddable":true,"href":"https:\/\/laredsocial-noticias.com\/wp\/wp-json\/wp\/v2\/categories?post=90504"},{"taxonomy":"post_tag","embeddable":true,"href":"https:\/\/laredsocial-noticias.com\/wp\/wp-json\/wp\/v2\/tags?post=90504"}],"curies":[{"name":"wp","href":"https:\/\/api.w.org\/{rel}","templated":true}]}}