{"id":91646,"date":"2018-05-11T08:59:16","date_gmt":"2018-05-11T13:59:16","guid":{"rendered":"http:\/\/laredsocial-noticias.com\/wp\/?p=91646"},"modified":"2018-05-11T08:59:16","modified_gmt":"2018-05-11T13:59:16","slug":"mas-de-20-mil-desaparecidos-en-veracruz-yunes-lo-niega","status":"publish","type":"post","link":"https:\/\/laredsocial-noticias.com\/wp\/mas-de-20-mil-desaparecidos-en-veracruz-yunes-lo-niega\/","title":{"rendered":"M\u00e1s de 20 mil desaparecidos en Veracruz; Yunes lo niega"},"content":{"rendered":"<p><img loading=\"lazy\" decoding=\"async\" class=\"alignright size-full wp-image-91647\" src=\"http:\/\/laredsocial-noticias.com\/wp\/wp-content\/uploads\/2018\/05\/20-mil-desaparecidos-en-veracruz.jpg\" alt=\"\" width=\"1280\" height=\"960\" \/>Veracruz, Ver.- Con una pancarta que reza un \u201cYa Basta\u201d refiri\u00e9ndose al Fiscal General del Estado Jorge Winckler Ortiz, como un funcionario \u201cinepto, falso e indolente\u201d, madres y dem\u00e1s familiares del colectivo Solecito de Veracruz marcharon por el Centro Hist\u00f3rico evidenciando su lucha por encontrarlos pese al Gobierno, <a href=\"http:\/\/plumaslibres.com.mx\/2018\/05\/10\/mas-20-mil-desaparecidos-yunes-se-niega-reconocer-cifras-colectivo-solecito\/\" target=\"_blank\" rel=\"noopener\">trascendi\u00f3 hoy<\/a>.<\/p>\n<p>Luc\u00eda de los \u00c1ngeles D\u00edaz Genao, madre y directora de Solecito de Veracruz dijo \u201ceste d\u00eda para las mam\u00e1s\u00a0 es amargo, un d\u00eda donde se enfatiza el dolor y la tragedia por no tener al hijo presente entre nosotros. Se hace de verdad insoportable, lo que para otras madres es un d\u00eda de regalos y feliz para nosotras es el recordatorio de que tenemos esa ausencia; es muy doloroso\u201d.<\/p>\n<p>En su caso ya son cuatro a\u00f1os casi cinco, faltan dos meses para casi cinco, no hay nada de su hijo porque las autoridades de Veracruz se especializan en negar, en ocultar y mentir, son gobiernos nefastos, son gobiernos por toda la estela que dejaron a su paso. Desde Miguel Alem\u00e1n yo no recuerdo, no le doy mucha importancia pero hemos tenido gobiernos uno tras otro que nos ha dejado marcados a todos en Veracruz\u201d.<\/p>\n<p>Desde un estado pr\u00f3spero y hermoso, pac\u00edfico, se convirti\u00f3 en una vor\u00e1gine de violencia eso hay que agradec\u00e9rselos a los funcionarios que tenemos, consider\u00f3 que habido algunos m\u00e1s emp\u00e1ticos que otros pero a\u00fan tienen tantos desaparecidos todav\u00eda.<\/p>\n<p>El problema dijo, no se ataca el problema de ra\u00edz, se simula pero con este gobierno de Yunes ni siquiera simula, no hacen nada, los casos est\u00e1n abandonados, todos, esa es la realidad. A nosotros nos rechazan, nos repudian; al colectivo lo bloquearon del Twitter.<\/p>\n<p>Record\u00f3 en campa\u00f1a Miguel \u00c1ngel Yunes prometi\u00f3 ayudarles. Pero nunca lleg\u00f3 el di\u00e1logo, lo que hace falta es voluntad real para hacer los trabajos, una voluntad real, una responsabilidad porque hace falta que los funcionarios omisos, renuentes, tan crecidos en un poder pero advirti\u00f3 que a muchos los va a ver en el banquillo de los acusados porque tendr\u00e1n que comparecer ya que se les acusar\u00e1n de delitos de lesa humanidad, delitos graves.<\/p>\n<p>En Veracruz estima m\u00e1s de 20 mil desapariciones de personas pero en el gobierno de Yunes Linares dijo hay una f\u00e9rrea actitud de negar las cifras de desaparecidos, aunque la han pedido a trav\u00e9s de la comisi\u00f3n de la verdad de la c\u00e1mara de diputados local, nunca se las han proporcionado.<\/p>\n<p>\u201d Las cifras de desapariciones en el gobierno de Yunes son espeluznantes por eso no quiere que se sepan\u201d. Adem\u00e1s dijo que el 65% de las desapariciones no se denuncia porque consideran que no se hace nada y temen a la autoridad las familias de desaparecidos, incluso dijo es problema grave poner la denuncia.<\/p>\n<p>Inform\u00f3 que en Colinas de Santa Fe este 10 de mayo apareci\u00f3 un cr\u00e1neo, con huesos largos; hasta el momento hay 290 humanos que han sido inhumados de esa zona para quienes acusa no hubo seguridad, ni estado de derecho, ni garant\u00edas. Es un gobierno fallido se\u00f1al\u00f3.<\/p>\n","protected":false},"excerpt":{"rendered":"<p>Veracruz, Ver.- Con una pancarta que reza un \u201cYa Basta\u201d refiri\u00e9ndose al Fiscal General del Estado Jorge Winckler Ortiz, como&#8230;<\/p>\n","protected":false},"author":1,"featured_media":0,"comment_status":"closed","ping_status":"open","sticky":false,"template":"","format":"standard","meta":{"footnotes":""},"categories":[2423,2262,2379],"tags":[],"class_list":["post-91646","post","type-post","status-publish","format-standard","hentry","category-crimen-organizado","category-elecciones","category-estados-2"],"yoast_head":"<!-- This site is optimized with the Yoast SEO plugin v26.5 - https:\/\/yoast.com\/wordpress\/plugins\/seo\/ -->\n<title>M\u00e1s de 20 mil desaparecidos en Veracruz; Yunes lo niega - NOTICIAS<\/title>\n<meta name=\"robots\" content=\"index, follow, max-snippet:-1, max-image-preview:large, max-video-preview:-1\" \/>\n<link rel=\"canonical\" href=\"https:\/\/laredsocial-noticias.com\/wp\/mas-de-20-mil-desaparecidos-en-veracruz-yunes-lo-niega\/\" \/>\n<meta property=\"og:locale\" content=\"es_ES\" \/>\n<meta property=\"og:type\" content=\"article\" \/>\n<meta property=\"og:title\" content=\"M\u00e1s de 20 mil desaparecidos en Veracruz; Yunes lo niega - NOTICIAS\" \/>\n<meta property=\"og:description\" content=\"Veracruz, Ver.- Con una pancarta que reza un \u201cYa Basta\u201d refiri\u00e9ndose al Fiscal General del Estado Jorge Winckler Ortiz, como...\" \/>\n<meta property=\"og:url\" content=\"https:\/\/laredsocial-noticias.com\/wp\/mas-de-20-mil-desaparecidos-en-veracruz-yunes-lo-niega\/\" \/>\n<meta property=\"og:site_name\" content=\"NOTICIAS\" \/>\n<meta property=\"article:published_time\" content=\"2018-05-11T13:59:16+00:00\" \/>\n<meta property=\"og:image\" content=\"https:\/\/laredsocial-noticias.com\/wp\/wp-content\/uploads\/2018\/05\/20-mil-desaparecidos-en-veracruz.jpg\" \/>\n\t<meta property=\"og:image:width\" content=\"1280\" \/>\n\t<meta property=\"og:image:height\" content=\"960\" \/>\n\t<meta property=\"og:image:type\" content=\"image\/jpeg\" \/>\n<meta name=\"author\" content=\"Editor en Jefe\" \/>\n<meta name=\"twitter:card\" content=\"summary_large_image\" \/>\n<meta name=\"twitter:label1\" content=\"Escrito por\" \/>\n\t<meta name=\"twitter:data1\" content=\"Editor en Jefe\" \/>\n\t<meta name=\"twitter:label2\" content=\"Tiempo de lectura\" \/>\n\t<meta name=\"twitter:data2\" content=\"3 minutos\" \/>\n<!-- \/ Yoast SEO plugin. -->","yoast_head_json":{"title":"M\u00e1s de 20 mil desaparecidos en Veracruz; Yunes lo niega - NOTICIAS","robots":{"index":"index","follow":"follow","max-snippet":"max-snippet:-1","max-image-preview":"max-image-preview:large","max-video-preview":"max-video-preview:-1"},"canonical":"https:\/\/laredsocial-noticias.com\/wp\/mas-de-20-mil-desaparecidos-en-veracruz-yunes-lo-niega\/","og_locale":"es_ES","og_type":"article","og_title":"M\u00e1s de 20 mil desaparecidos en Veracruz; Yunes lo niega - NOTICIAS","og_description":"Veracruz, Ver.- Con una pancarta que reza un \u201cYa Basta\u201d refiri\u00e9ndose al Fiscal General del Estado Jorge Winckler Ortiz, como...","og_url":"https:\/\/laredsocial-noticias.com\/wp\/mas-de-20-mil-desaparecidos-en-veracruz-yunes-lo-niega\/","og_site_name":"NOTICIAS","article_published_time":"2018-05-11T13:59:16+00:00","og_image":[{"width":1280,"height":960,"url":"https:\/\/laredsocial-noticias.com\/wp\/wp-content\/uploads\/2018\/05\/20-mil-desaparecidos-en-veracruz.jpg","type":"image\/jpeg"}],"author":"Editor en Jefe","twitter_card":"summary_large_image","twitter_misc":{"Escrito por":"Editor en Jefe","Tiempo de lectura":"3 minutos"},"schema":{"@context":"https:\/\/schema.org","@graph":[{"@type":"WebPage","@id":"https:\/\/laredsocial-noticias.com\/wp\/mas-de-20-mil-desaparecidos-en-veracruz-yunes-lo-niega\/","url":"https:\/\/laredsocial-noticias.com\/wp\/mas-de-20-mil-desaparecidos-en-veracruz-yunes-lo-niega\/","name":"M\u00e1s de 20 mil desaparecidos en Veracruz; Yunes lo niega - NOTICIAS","isPartOf":{"@id":"https:\/\/laredsocial-noticias.com\/wp\/#website"},"primaryImageOfPage":{"@id":"https:\/\/laredsocial-noticias.com\/wp\/mas-de-20-mil-desaparecidos-en-veracruz-yunes-lo-niega\/#primaryimage"},"image":{"@id":"https:\/\/laredsocial-noticias.com\/wp\/mas-de-20-mil-desaparecidos-en-veracruz-yunes-lo-niega\/#primaryimage"},"thumbnailUrl":"http:\/\/laredsocial-noticias.com\/wp\/wp-content\/uploads\/2018\/05\/20-mil-desaparecidos-en-veracruz.jpg","datePublished":"2018-05-11T13:59:16+00:00","author":{"@id":"https:\/\/laredsocial-noticias.com\/wp\/#\/schema\/person\/0ce78643f2de7aae6f6ef10e8453a6e0"},"breadcrumb":{"@id":"https:\/\/laredsocial-noticias.com\/wp\/mas-de-20-mil-desaparecidos-en-veracruz-yunes-lo-niega\/#breadcrumb"},"inLanguage":"es","potentialAction":[{"@type":"ReadAction","target":["https:\/\/laredsocial-noticias.com\/wp\/mas-de-20-mil-desaparecidos-en-veracruz-yunes-lo-niega\/"]}]},{"@type":"ImageObject","inLanguage":"es","@id":"https:\/\/laredsocial-noticias.com\/wp\/mas-de-20-mil-desaparecidos-en-veracruz-yunes-lo-niega\/#primaryimage","url":"","contentUrl":""},{"@type":"BreadcrumbList","@id":"https:\/\/laredsocial-noticias.com\/wp\/mas-de-20-mil-desaparecidos-en-veracruz-yunes-lo-niega\/#breadcrumb","itemListElement":[{"@type":"ListItem","position":1,"name":"Portada","item":"https:\/\/laredsocial-noticias.com\/wp\/"},{"@type":"ListItem","position":2,"name":"M\u00e1s de 20 mil desaparecidos en Veracruz; Yunes lo niega"}]},{"@type":"WebSite","@id":"https:\/\/laredsocial-noticias.com\/wp\/#website","url":"https:\/\/laredsocial-noticias.com\/wp\/","name":"NOTICIAS","description":"Lo que se ve y se dice en las redes sociales","potentialAction":[{"@type":"SearchAction","target":{"@type":"EntryPoint","urlTemplate":"https:\/\/laredsocial-noticias.com\/wp\/?s={search_term_string}"},"query-input":{"@type":"PropertyValueSpecification","valueRequired":true,"valueName":"search_term_string"}}],"inLanguage":"es"},{"@type":"Person","@id":"https:\/\/laredsocial-noticias.com\/wp\/#\/schema\/person\/0ce78643f2de7aae6f6ef10e8453a6e0","name":"Editor en Jefe","url":"https:\/\/laredsocial-noticias.com\/wp\/author\/jorgeochoa\/"}]}},"_links":{"self":[{"href":"https:\/\/laredsocial-noticias.com\/wp\/wp-json\/wp\/v2\/posts\/91646","targetHints":{"allow":["GET"]}}],"collection":[{"href":"https:\/\/laredsocial-noticias.com\/wp\/wp-json\/wp\/v2\/posts"}],"about":[{"href":"https:\/\/laredsocial-noticias.com\/wp\/wp-json\/wp\/v2\/types\/post"}],"author":[{"embeddable":true,"href":"https:\/\/laredsocial-noticias.com\/wp\/wp-json\/wp\/v2\/users\/1"}],"replies":[{"embeddable":true,"href":"https:\/\/laredsocial-noticias.com\/wp\/wp-json\/wp\/v2\/comments?post=91646"}],"version-history":[{"count":1,"href":"https:\/\/laredsocial-noticias.com\/wp\/wp-json\/wp\/v2\/posts\/91646\/revisions"}],"predecessor-version":[{"id":91648,"href":"https:\/\/laredsocial-noticias.com\/wp\/wp-json\/wp\/v2\/posts\/91646\/revisions\/91648"}],"wp:attachment":[{"href":"https:\/\/laredsocial-noticias.com\/wp\/wp-json\/wp\/v2\/media?parent=91646"}],"wp:term":[{"taxonomy":"category","embeddable":true,"href":"https:\/\/laredsocial-noticias.com\/wp\/wp-json\/wp\/v2\/categories?post=91646"},{"taxonomy":"post_tag","embeddable":true,"href":"https:\/\/laredsocial-noticias.com\/wp\/wp-json\/wp\/v2\/tags?post=91646"}],"curies":[{"name":"wp","href":"https:\/\/api.w.org\/{rel}","templated":true}]}}