{"id":9169,"date":"2016-05-12T13:15:09","date_gmt":"2016-05-12T18:15:09","guid":{"rendered":"http:\/\/laredsocial-noticias.com\/wp\/?p=9169"},"modified":"2016-05-12T12:44:40","modified_gmt":"2016-05-12T17:44:40","slug":"scjn-inicia-procedimiento-contra-funcionarios-del-canal-judicial","status":"publish","type":"post","link":"https:\/\/laredsocial-noticias.com\/wp\/scjn-inicia-procedimiento-contra-funcionarios-del-canal-judicial\/","title":{"rendered":"SCJN inicia procedimiento contra funcionarios del Canal Judicial"},"content":{"rendered":"<p><strong>CIUDAD DE M\u00c9XICO, 12 de mayo, (MENSAJE POL\u00cdTICO \/ C\u00cdRCULO DIGITAL).-\u00a0<\/strong>A partir de las investigaciones realizadas por la Contralor\u00eda de la Suprema Corte de Justicia de la Naci\u00f3n (SCJN) respecto de posibles irregularidades ocurridas en la Direcci\u00f3n General del Canal Judicial, el Ministro Presidente Luis Mar\u00eda Aguilar Morales, en estricto apego a lo establecido en la normativa interna, orden\u00f3 el inicio del procedimiento correspondiente en contra de 15 funcionarios adscritos a esa \u00e1rea, por su probable responsabilidad en la configuraci\u00f3n de faltas relativas a la indebida utilizaci\u00f3n de recursos p\u00fablicos, la introducci\u00f3n y consumo de bebidas alcoh\u00f3licas, acoso laboral y acoso sexual ambiental, entre otras; lo que en su momento, respetando los derechos de las partes, puede llevar a la imposici\u00f3n de sanciones administrativas.<\/p>\n<p>&nbsp;<\/p>\n<p>Estas acciones, adem\u00e1s de ce\u00f1irse al marco legal y constitucional operante, son una clara muestra respecto del compromiso y de la nula tolerancia que esta administraci\u00f3n ha demostrado desde su comienzo, y que continuar\u00e1 ejerciendo frente a situaciones que impidan o limiten un ambiente laboral sano, de desarrollo integral y con apego a los derechos de las y los trabajadores de este Alto Tribunal, como gu\u00eda del ejemplo que debe prevalecer en la protecci\u00f3n irrestricta de los derechos humanos.<\/p>\n<p>&nbsp;<\/p>\n<p>El resultado de los procedimientos se dar\u00e1 a conocer de manera oportuna, con debida transparencia y en un ejercicio pleno de rendici\u00f3n de cuentas.<\/p>\n","protected":false},"excerpt":{"rendered":"<p>CIUDAD DE M\u00c9XICO, 12 de mayo, (MENSAJE POL\u00cdTICO \/ C\u00cdRCULO DIGITAL).-\u00a0A partir de las investigaciones realizadas por la Contralor\u00eda de&#8230;<\/p>\n","protected":false},"author":1,"featured_media":0,"comment_status":"closed","ping_status":"closed","sticky":false,"template":"","format":"standard","meta":{"footnotes":""},"categories":[1796,73],"tags":[1052,77],"class_list":["post-9169","post","type-post","status-publish","format-standard","hentry","category-circulodigital","category-principal","tag-justicia","tag-principal"],"yoast_head":"<!-- This site is optimized with the Yoast SEO plugin v26.5 - https:\/\/yoast.com\/wordpress\/plugins\/seo\/ -->\n<title>SCJN inicia procedimiento contra funcionarios del Canal Judicial - NOTICIAS<\/title>\n<meta name=\"robots\" content=\"index, follow, max-snippet:-1, max-image-preview:large, max-video-preview:-1\" \/>\n<link rel=\"canonical\" href=\"https:\/\/laredsocial-noticias.com\/wp\/scjn-inicia-procedimiento-contra-funcionarios-del-canal-judicial\/\" \/>\n<meta property=\"og:locale\" content=\"es_ES\" \/>\n<meta property=\"og:type\" content=\"article\" \/>\n<meta property=\"og:title\" content=\"SCJN inicia procedimiento contra funcionarios del Canal Judicial - NOTICIAS\" \/>\n<meta property=\"og:description\" content=\"CIUDAD DE M\u00c9XICO, 12 de mayo, (MENSAJE POL\u00cdTICO \/ C\u00cdRCULO DIGITAL).-\u00a0A partir de las investigaciones realizadas por la Contralor\u00eda de...\" \/>\n<meta property=\"og:url\" content=\"https:\/\/laredsocial-noticias.com\/wp\/scjn-inicia-procedimiento-contra-funcionarios-del-canal-judicial\/\" \/>\n<meta property=\"og:site_name\" content=\"NOTICIAS\" \/>\n<meta property=\"article:published_time\" content=\"2016-05-12T18:15:09+00:00\" \/>\n<meta name=\"author\" content=\"Editor en Jefe\" \/>\n<meta name=\"twitter:card\" content=\"summary_large_image\" \/>\n<meta name=\"twitter:label1\" content=\"Escrito por\" \/>\n\t<meta name=\"twitter:data1\" content=\"Editor en Jefe\" \/>\n\t<meta name=\"twitter:label2\" content=\"Tiempo de lectura\" \/>\n\t<meta name=\"twitter:data2\" content=\"1 minuto\" \/>\n<!-- \/ Yoast SEO plugin. -->","yoast_head_json":{"title":"SCJN inicia procedimiento contra funcionarios del Canal Judicial - NOTICIAS","robots":{"index":"index","follow":"follow","max-snippet":"max-snippet:-1","max-image-preview":"max-image-preview:large","max-video-preview":"max-video-preview:-1"},"canonical":"https:\/\/laredsocial-noticias.com\/wp\/scjn-inicia-procedimiento-contra-funcionarios-del-canal-judicial\/","og_locale":"es_ES","og_type":"article","og_title":"SCJN inicia procedimiento contra funcionarios del Canal Judicial - NOTICIAS","og_description":"CIUDAD DE M\u00c9XICO, 12 de mayo, (MENSAJE POL\u00cdTICO \/ C\u00cdRCULO DIGITAL).-\u00a0A partir de las investigaciones realizadas por la Contralor\u00eda de...","og_url":"https:\/\/laredsocial-noticias.com\/wp\/scjn-inicia-procedimiento-contra-funcionarios-del-canal-judicial\/","og_site_name":"NOTICIAS","article_published_time":"2016-05-12T18:15:09+00:00","author":"Editor en Jefe","twitter_card":"summary_large_image","twitter_misc":{"Escrito por":"Editor en Jefe","Tiempo de lectura":"1 minuto"},"schema":{"@context":"https:\/\/schema.org","@graph":[{"@type":"WebPage","@id":"https:\/\/laredsocial-noticias.com\/wp\/scjn-inicia-procedimiento-contra-funcionarios-del-canal-judicial\/","url":"https:\/\/laredsocial-noticias.com\/wp\/scjn-inicia-procedimiento-contra-funcionarios-del-canal-judicial\/","name":"SCJN inicia procedimiento contra funcionarios del Canal Judicial - NOTICIAS","isPartOf":{"@id":"https:\/\/laredsocial-noticias.com\/wp\/#website"},"datePublished":"2016-05-12T18:15:09+00:00","author":{"@id":"https:\/\/laredsocial-noticias.com\/wp\/#\/schema\/person\/0ce78643f2de7aae6f6ef10e8453a6e0"},"breadcrumb":{"@id":"https:\/\/laredsocial-noticias.com\/wp\/scjn-inicia-procedimiento-contra-funcionarios-del-canal-judicial\/#breadcrumb"},"inLanguage":"es","potentialAction":[{"@type":"ReadAction","target":["https:\/\/laredsocial-noticias.com\/wp\/scjn-inicia-procedimiento-contra-funcionarios-del-canal-judicial\/"]}]},{"@type":"BreadcrumbList","@id":"https:\/\/laredsocial-noticias.com\/wp\/scjn-inicia-procedimiento-contra-funcionarios-del-canal-judicial\/#breadcrumb","itemListElement":[{"@type":"ListItem","position":1,"name":"Portada","item":"https:\/\/laredsocial-noticias.com\/wp\/"},{"@type":"ListItem","position":2,"name":"SCJN inicia procedimiento contra funcionarios del Canal Judicial"}]},{"@type":"WebSite","@id":"https:\/\/laredsocial-noticias.com\/wp\/#website","url":"https:\/\/laredsocial-noticias.com\/wp\/","name":"NOTICIAS","description":"Lo que se ve y se dice en las redes sociales","potentialAction":[{"@type":"SearchAction","target":{"@type":"EntryPoint","urlTemplate":"https:\/\/laredsocial-noticias.com\/wp\/?s={search_term_string}"},"query-input":{"@type":"PropertyValueSpecification","valueRequired":true,"valueName":"search_term_string"}}],"inLanguage":"es"},{"@type":"Person","@id":"https:\/\/laredsocial-noticias.com\/wp\/#\/schema\/person\/0ce78643f2de7aae6f6ef10e8453a6e0","name":"Editor en Jefe","url":"https:\/\/laredsocial-noticias.com\/wp\/author\/jorgeochoa\/"}]}},"_links":{"self":[{"href":"https:\/\/laredsocial-noticias.com\/wp\/wp-json\/wp\/v2\/posts\/9169","targetHints":{"allow":["GET"]}}],"collection":[{"href":"https:\/\/laredsocial-noticias.com\/wp\/wp-json\/wp\/v2\/posts"}],"about":[{"href":"https:\/\/laredsocial-noticias.com\/wp\/wp-json\/wp\/v2\/types\/post"}],"author":[{"embeddable":true,"href":"https:\/\/laredsocial-noticias.com\/wp\/wp-json\/wp\/v2\/users\/1"}],"replies":[{"embeddable":true,"href":"https:\/\/laredsocial-noticias.com\/wp\/wp-json\/wp\/v2\/comments?post=9169"}],"version-history":[{"count":1,"href":"https:\/\/laredsocial-noticias.com\/wp\/wp-json\/wp\/v2\/posts\/9169\/revisions"}],"predecessor-version":[{"id":9170,"href":"https:\/\/laredsocial-noticias.com\/wp\/wp-json\/wp\/v2\/posts\/9169\/revisions\/9170"}],"wp:attachment":[{"href":"https:\/\/laredsocial-noticias.com\/wp\/wp-json\/wp\/v2\/media?parent=9169"}],"wp:term":[{"taxonomy":"category","embeddable":true,"href":"https:\/\/laredsocial-noticias.com\/wp\/wp-json\/wp\/v2\/categories?post=9169"},{"taxonomy":"post_tag","embeddable":true,"href":"https:\/\/laredsocial-noticias.com\/wp\/wp-json\/wp\/v2\/tags?post=9169"}],"curies":[{"name":"wp","href":"https:\/\/api.w.org\/{rel}","templated":true}]}}