{"id":9193,"date":"2016-05-12T13:53:58","date_gmt":"2016-05-12T18:53:58","guid":{"rendered":"http:\/\/laredsocial-noticias.com\/wp\/?p=9193"},"modified":"2016-05-12T13:54:11","modified_gmt":"2016-05-12T18:54:11","slug":"sera-recordado-el-narrador-carlos-fuentes-a-cuatro-anos-de-su-muerte","status":"publish","type":"post","link":"https:\/\/laredsocial-noticias.com\/wp\/sera-recordado-el-narrador-carlos-fuentes-a-cuatro-anos-de-su-muerte\/","title":{"rendered":"Ser\u00e1 recordado el narrador Carlos Fuentes a cuatro a\u00f1os de su muerte"},"content":{"rendered":"<p><strong>CIUDAD DE M\u00c9XICO, 12 de mayo, (DOBLE TINTA \/ C\u00cdRCULO DIGITAL).-\u00a0<\/strong>Amigos, familiares y conocedores de la obra del escritor mexicano Carlos Fuentes (1927-2012) le rendir\u00e1n un tributo el pr\u00f3ximo s\u00e1bado, en la Sala Manuel M. Ponce del Palacio de Bellas Artes, para recordarlo con la lectura de algunas de sus obras, a cuatro a\u00f1os de su muerte.<\/p>\n<div class=\"desarrollo\">\n<p>Los escritores Federico Reyes Heroles e Ignacio Padilla, la cantante Cecilia Toussaint y su viuda Silvia Lemus, leer\u00e1n fragmentos de sus textos p\u00f3stumos: \u201cFederico en su balc\u00f3n\u201d (2012), \u201cPantallas de plata\u201d (2014), \u201cPersonas\u201d (2012) y \u201cAquiles o el guerrero y el asesino\u201d, pr\u00f3ximo a publicarse.<\/p>\n<p>El narrador, ensayista y dramaturgo mexicano dio a luz una amplia obra que hoy es un referente de conocimiento del lenguaje y de la capacidad narrativa con la que cre\u00f3 universos que van del tema hist\u00f3rico a lo sobrenatural.<\/p>\n<p>La periodista y escritora Silvia Lemus, viuda de Fuentes, explic\u00f3 que el homenaje lleva por t\u00edtulo \u201cCarlos Fuentes est\u00e1 hoy aqu\u00ed\u201d, porque estar\u00e1 con tres libros publicados \u201cpost mortem\u201d, con los cuales cumplen su deseo de \u201cQuiero morir escribiendo\u201d.<\/p>\n<p>La Coordinaci\u00f3n Nacional de Literatura del Instituto Nacional de Bellas Artes (INBA) record\u00f3 que Fuentes fue reconocido con premios tan importantes como el Internacional Don Quijote de la Mancha 2008 por su trayectoria y su labor como impulsor de la lengua y la cultura hispanoamericanas.<\/p>\n<p>El Internacional Alfonso Reyes 1979, el Pr\u00edncipe de Asturias 1994, el Nacional de Ciencias y Artes 1984 en el \u00e1rea de ling\u00fc\u00edstica y literatura, el Real Academia Espa\u00f1ola de Creaci\u00f3n Literaria 2004 por En esto creo y el Xavier Villaurrutia de Escritores para Escritores 1976 por Terra Nostra.<\/p>\n<p>Entre su obra figuran, en cuento: \u201cLos d\u00edas enmascarados\u201d (1954), \u201cChac Mool y otros cuentos\u201d (1973) y \u201cEl naranjo o los c\u00edrculos del tiempo\u201d (1993); en ensayo: \u201cLa nueva novela hispanoamericana\u201d (1969), \u201cValiente mundo nuevo. \u00c9pica, utop\u00eda y mito en la novela hispanoamericana\u201d (1991) y \u201cLos 68. Par\u00eds, Praga, M\u00e9xico\u201d (2005).<\/p>\n<p>En teatro son de su autor\u00eda \u201cTodos los gatos son pardos\u201d (1970) y \u201cCeremonias del alba\u201d (1991), y en novela: \u201cLa regi\u00f3n m\u00e1s transparente\u201d (1958), \u201cAura\u201d (1962) y \u201cLas buenas conciencias\u201d (1959), por mencionar solo algunas.<\/p>\n<\/div>\n<p>&nbsp;<\/p>\n","protected":false},"excerpt":{"rendered":"<p>CIUDAD DE M\u00c9XICO, 12 de mayo, (DOBLE TINTA \/ C\u00cdRCULO DIGITAL).-\u00a0Amigos, familiares y conocedores de la obra del escritor mexicano&#8230;<\/p>\n","protected":false},"author":1,"featured_media":0,"comment_status":"closed","ping_status":"closed","sticky":false,"template":"","format":"standard","meta":{"footnotes":""},"categories":[1796,73],"tags":[142,77],"class_list":["post-9193","post","type-post","status-publish","format-standard","hentry","category-circulodigital","category-principal","tag-cultura","tag-principal"],"yoast_head":"<!-- This site is optimized with the Yoast SEO plugin v26.5 - https:\/\/yoast.com\/wordpress\/plugins\/seo\/ -->\n<title>Ser\u00e1 recordado el narrador Carlos Fuentes a cuatro a\u00f1os de su muerte - NOTICIAS<\/title>\n<meta name=\"robots\" content=\"index, follow, max-snippet:-1, max-image-preview:large, max-video-preview:-1\" \/>\n<link rel=\"canonical\" href=\"https:\/\/laredsocial-noticias.com\/wp\/sera-recordado-el-narrador-carlos-fuentes-a-cuatro-anos-de-su-muerte\/\" \/>\n<meta property=\"og:locale\" content=\"es_ES\" \/>\n<meta property=\"og:type\" content=\"article\" \/>\n<meta property=\"og:title\" content=\"Ser\u00e1 recordado el narrador Carlos Fuentes a cuatro a\u00f1os de su muerte - NOTICIAS\" \/>\n<meta property=\"og:description\" content=\"CIUDAD DE M\u00c9XICO, 12 de mayo, (DOBLE TINTA \/ C\u00cdRCULO DIGITAL).-\u00a0Amigos, familiares y conocedores de la obra del escritor mexicano...\" \/>\n<meta property=\"og:url\" content=\"https:\/\/laredsocial-noticias.com\/wp\/sera-recordado-el-narrador-carlos-fuentes-a-cuatro-anos-de-su-muerte\/\" \/>\n<meta property=\"og:site_name\" content=\"NOTICIAS\" \/>\n<meta property=\"article:published_time\" content=\"2016-05-12T18:53:58+00:00\" \/>\n<meta property=\"article:modified_time\" content=\"2016-05-12T18:54:11+00:00\" \/>\n<meta name=\"author\" content=\"Editor en Jefe\" \/>\n<meta name=\"twitter:card\" content=\"summary_large_image\" \/>\n<meta name=\"twitter:label1\" content=\"Escrito por\" \/>\n\t<meta name=\"twitter:data1\" content=\"Editor en Jefe\" \/>\n\t<meta name=\"twitter:label2\" content=\"Tiempo de lectura\" \/>\n\t<meta name=\"twitter:data2\" content=\"2 minutos\" \/>\n<!-- \/ Yoast SEO plugin. -->","yoast_head_json":{"title":"Ser\u00e1 recordado el narrador Carlos Fuentes a cuatro a\u00f1os de su muerte - NOTICIAS","robots":{"index":"index","follow":"follow","max-snippet":"max-snippet:-1","max-image-preview":"max-image-preview:large","max-video-preview":"max-video-preview:-1"},"canonical":"https:\/\/laredsocial-noticias.com\/wp\/sera-recordado-el-narrador-carlos-fuentes-a-cuatro-anos-de-su-muerte\/","og_locale":"es_ES","og_type":"article","og_title":"Ser\u00e1 recordado el narrador Carlos Fuentes a cuatro a\u00f1os de su muerte - NOTICIAS","og_description":"CIUDAD DE M\u00c9XICO, 12 de mayo, (DOBLE TINTA \/ C\u00cdRCULO DIGITAL).-\u00a0Amigos, familiares y conocedores de la obra del escritor mexicano...","og_url":"https:\/\/laredsocial-noticias.com\/wp\/sera-recordado-el-narrador-carlos-fuentes-a-cuatro-anos-de-su-muerte\/","og_site_name":"NOTICIAS","article_published_time":"2016-05-12T18:53:58+00:00","article_modified_time":"2016-05-12T18:54:11+00:00","author":"Editor en Jefe","twitter_card":"summary_large_image","twitter_misc":{"Escrito por":"Editor en Jefe","Tiempo de lectura":"2 minutos"},"schema":{"@context":"https:\/\/schema.org","@graph":[{"@type":"WebPage","@id":"https:\/\/laredsocial-noticias.com\/wp\/sera-recordado-el-narrador-carlos-fuentes-a-cuatro-anos-de-su-muerte\/","url":"https:\/\/laredsocial-noticias.com\/wp\/sera-recordado-el-narrador-carlos-fuentes-a-cuatro-anos-de-su-muerte\/","name":"Ser\u00e1 recordado el narrador Carlos Fuentes a cuatro a\u00f1os de su muerte - NOTICIAS","isPartOf":{"@id":"https:\/\/laredsocial-noticias.com\/wp\/#website"},"datePublished":"2016-05-12T18:53:58+00:00","dateModified":"2016-05-12T18:54:11+00:00","author":{"@id":"https:\/\/laredsocial-noticias.com\/wp\/#\/schema\/person\/0ce78643f2de7aae6f6ef10e8453a6e0"},"breadcrumb":{"@id":"https:\/\/laredsocial-noticias.com\/wp\/sera-recordado-el-narrador-carlos-fuentes-a-cuatro-anos-de-su-muerte\/#breadcrumb"},"inLanguage":"es","potentialAction":[{"@type":"ReadAction","target":["https:\/\/laredsocial-noticias.com\/wp\/sera-recordado-el-narrador-carlos-fuentes-a-cuatro-anos-de-su-muerte\/"]}]},{"@type":"BreadcrumbList","@id":"https:\/\/laredsocial-noticias.com\/wp\/sera-recordado-el-narrador-carlos-fuentes-a-cuatro-anos-de-su-muerte\/#breadcrumb","itemListElement":[{"@type":"ListItem","position":1,"name":"Portada","item":"https:\/\/laredsocial-noticias.com\/wp\/"},{"@type":"ListItem","position":2,"name":"Ser\u00e1 recordado el narrador Carlos Fuentes a cuatro a\u00f1os de su muerte"}]},{"@type":"WebSite","@id":"https:\/\/laredsocial-noticias.com\/wp\/#website","url":"https:\/\/laredsocial-noticias.com\/wp\/","name":"NOTICIAS","description":"Lo que se ve y se dice en las redes sociales","potentialAction":[{"@type":"SearchAction","target":{"@type":"EntryPoint","urlTemplate":"https:\/\/laredsocial-noticias.com\/wp\/?s={search_term_string}"},"query-input":{"@type":"PropertyValueSpecification","valueRequired":true,"valueName":"search_term_string"}}],"inLanguage":"es"},{"@type":"Person","@id":"https:\/\/laredsocial-noticias.com\/wp\/#\/schema\/person\/0ce78643f2de7aae6f6ef10e8453a6e0","name":"Editor en Jefe","url":"https:\/\/laredsocial-noticias.com\/wp\/author\/jorgeochoa\/"}]}},"_links":{"self":[{"href":"https:\/\/laredsocial-noticias.com\/wp\/wp-json\/wp\/v2\/posts\/9193","targetHints":{"allow":["GET"]}}],"collection":[{"href":"https:\/\/laredsocial-noticias.com\/wp\/wp-json\/wp\/v2\/posts"}],"about":[{"href":"https:\/\/laredsocial-noticias.com\/wp\/wp-json\/wp\/v2\/types\/post"}],"author":[{"embeddable":true,"href":"https:\/\/laredsocial-noticias.com\/wp\/wp-json\/wp\/v2\/users\/1"}],"replies":[{"embeddable":true,"href":"https:\/\/laredsocial-noticias.com\/wp\/wp-json\/wp\/v2\/comments?post=9193"}],"version-history":[{"count":1,"href":"https:\/\/laredsocial-noticias.com\/wp\/wp-json\/wp\/v2\/posts\/9193\/revisions"}],"predecessor-version":[{"id":9194,"href":"https:\/\/laredsocial-noticias.com\/wp\/wp-json\/wp\/v2\/posts\/9193\/revisions\/9194"}],"wp:attachment":[{"href":"https:\/\/laredsocial-noticias.com\/wp\/wp-json\/wp\/v2\/media?parent=9193"}],"wp:term":[{"taxonomy":"category","embeddable":true,"href":"https:\/\/laredsocial-noticias.com\/wp\/wp-json\/wp\/v2\/categories?post=9193"},{"taxonomy":"post_tag","embeddable":true,"href":"https:\/\/laredsocial-noticias.com\/wp\/wp-json\/wp\/v2\/tags?post=9193"}],"curies":[{"name":"wp","href":"https:\/\/api.w.org\/{rel}","templated":true}]}}