{"id":92008,"date":"2018-05-18T16:40:04","date_gmt":"2018-05-18T21:40:04","guid":{"rendered":"http:\/\/laredsocial-noticias.com\/wp\/?p=92008"},"modified":"2018-05-18T16:40:27","modified_gmt":"2018-05-18T21:40:27","slug":"de-la-ciudad-23","status":"publish","type":"post","link":"https:\/\/laredsocial-noticias.com\/wp\/de-la-ciudad-23\/","title":{"rendered":"De la Ciudad"},"content":{"rendered":"<p><strong> <a href=\"http:\/\/laredsocial-noticias.com\/wp\/de-la-ciudad-23\/huye-la-tropa\/\" rel=\"attachment wp-att-92012\"><img loading=\"lazy\" decoding=\"async\" class=\"wp-image-92012 size-medium alignleft\" src=\"http:\/\/laredsocial-noticias.com\/wp\/wp-content\/uploads\/2018\/05\/HUYE-LA-TROPA-e1526679047265-232x300.jpg\" alt=\"\" width=\"232\" height=\"300\" \/><\/a><\/strong><\/p>\n<p><strong>\u00a0<\/strong><strong>\u00a1Huye la Tropa!<\/strong><\/p>\n<p><strong>(Parte I)<\/strong><\/p>\n<p><strong>Por Guillermo Pimentel Balderas<\/strong><\/p>\n<p>Como si fuera un paradigma en este 2018, en 2007 (hace 11 a\u00f1os), escrib\u00ed una entrevista que hice al general Jos\u00e9 Francisco Gallardo Rodr\u00edguez (revista huellas de M\u00e9xico, n\u00famero 333) donde se daba cuenta de la grave deserci\u00f3n de 150 mil soldados en 5 a\u00f1os.<\/p>\n<p>Adem\u00e1s, el ex militar consider\u00f3 que con la creaci\u00f3n del Cuerpo Especial de Fuerzas de Apoyo Federal del Ej\u00e9rcito y la Fuerza A\u00e9rea Mexicanos (por parte de Felipe Calder\u00f3n) \u201cse va a criminalizar la protesta social\u201d.<\/p>\n<p>Tambi\u00e9n, me dijo el ex oficial castrense (encarcelado m\u00e1s de ocho a\u00f1os por \u00f3rdenes del alto mando militar, al proponer la creaci\u00f3n de un \u201combudsman militar\u201d y la reforma del Ej\u00e9rcito, en 1993) que \u201clo que estamos viendo y viviendo (2007) es una confrontaci\u00f3n muy fuerte y violenta del crimen organizado con el m\u00e1ximo poder del Estado que es el Ej\u00e9rcito. Pero siento que es una declaraci\u00f3n de guerra unilateral que hace el Poder Ejecutivo en donde ha tomado la decisi\u00f3n de involucrar a la milicia en esta lucha\u201d.<\/p>\n<p>Sigue: \u201cEl Presidente de la Rep\u00fablica (Felipe Calder\u00f3n) est\u00e1 tomando un camino errado para atacar al crimen organizado que tiene much\u00edsimas facetas. No es \u00fanicamente el narcotr\u00e1fico, es adem\u00e1s la trata de personas, contrabando, migraci\u00f3n ilegal, tr\u00e1fico de armas, pederastia, pirater\u00eda, entre otros\u201d.<\/p>\n<p>El entrevistado dejo entrever que el Ej\u00e9rcito como cualquier instituci\u00f3n del Estado con una funci\u00f3n perfectamente bien definida, si alguna vez se desv\u00eda de su actividad primordial o constitucional, \u201ces posible que se corrompa\u201d. Y como ejemplos, toc\u00f3 los casos de los generales Acosta Chaparro, Quiroz Hermosillo y Rebollo.<\/p>\n<p>En su oportunidad el general Gallardo Rodr\u00edguez reprob\u00f3 que el Ej\u00e9rcito Mexicano persiguiera el delito y suplir las funciones del Ministerio P\u00fablico y ni siquiera aplicar la Ley de Armas de Fuego y Explosivos. \u201cEsto ha llevado a un esc\u00e1ndalo y cr\u00edmenes, que, ahora, est\u00e1 en tela de juicio la actuaci\u00f3n del Ej\u00e9rcito en la opini\u00f3n p\u00fablica, tanto nacional como internacional, pero, principalmente a la vista de los organismos del mundo de derechos humanos\u201d, acot\u00f3.<\/p>\n<p>Tambi\u00e9n, el ex militar critico la ilegitimidad e inconstitucionalidad del decreto presidencial (de Calder\u00f3n) que se apoy\u00f3 en la jurisprudencia que emiti\u00f3 la Suprema Corte de Justicia de la Naci\u00f3n (SCJN) en la administraci\u00f3n del ex presidente Ernesto Zedillo, la cual admite \u2013cuando la autoridad civil lo solicite \u2013 el apoyo del Ej\u00e9rcito para asuntos de orden policiaco interno. \u201cPero, desde mi punto de vista, es ilegitimo e inconstitucional\u201d.<\/p>\n<p>Remat\u00f3: \u201cEntonces, el asunto de la seguridad p\u00fablica, que no tiene ninguna conexi\u00f3n con la disciplina militar, lo quieren legalizar\u201d. Asegur\u00f3 que nuestra Constituci\u00f3n es de car\u00e1cter c\u00edvica y laica; es decir, impide que los militares deliberen pol\u00edtica y participen en asuntos que son exclusivamente competencia de la autoridad civil\u201d.<\/p>\n<p>Entonces, record\u00f3 la historia del art\u00edculo en cuesti\u00f3n (129) pues fue que Zedillo invit\u00f3 a Los Pinos a los magistrados de la SCJN a una pl\u00e1tica, induci\u00e9ndolos a que hicieran esta reforma.<\/p>\n<p>En conclusi\u00f3n, afirm\u00f3 el General Gallardo: \u201ceste Cuerpo Especial militar va a traer consecuencias muy graves sobre violaciones a derechos humanos, sobre el tractocamiento de orden institucional y jur\u00eddico del Estado y va a sacar al Ej\u00e9rcito de sus cuarteles. A ver cu\u00e1ndo logran regresarlos. Es una situaci\u00f3n muy grave en este punto\u201d, advirti\u00f3.<\/p>\n<p>Pero, hoy \u2013en pleno Siglo XXI-, el tema de la\u00a0Ley de Seguridad Interior, pr\u00e1cticamente aprobada, podr\u00eda considerarse como una consecuencia de Cuerpo Especial de Fuerzas de Apoyo Federal del Ej\u00e9rcito y la Fuerza A\u00e9rea Mexicanos, de Felipe Calder\u00f3n.<\/p>\n<p>En diferentes medios informativos, se ha abordado este tema como las declaraciones del doctor Samuel Gonz\u00e1lez Ruiz, consultor internacional y nacional en materia de justicia y delincuencia organizada, quien analiz\u00f3 la\u00a0Ley de Seguridad Interior y concluy\u00f3 que lejos de regresar a los elementos del Ej\u00e9rcito a sus cuarteles se les est\u00e1 dando manga ancha para que act\u00faen. Asegur\u00f3 que hay mucha preocupaci\u00f3n por las violaciones que pudieran existir a los derechos humanos.<\/p>\n<p>(Sigue en la pr\u00f3xima entrega)<\/p>\n","protected":false},"excerpt":{"rendered":"<p>\u00a0\u00a1Huye la Tropa! (Parte I) Por Guillermo Pimentel Balderas Como si fuera un paradigma en este 2018, en 2007 (hace&#8230;<\/p>\n","protected":false},"author":10,"featured_media":0,"comment_status":"closed","ping_status":"open","sticky":false,"template":"","format":"standard","meta":{"footnotes":""},"categories":[1],"tags":[],"class_list":["post-92008","post","type-post","status-publish","format-standard","hentry","category-uncategorized"],"yoast_head":"<!-- This site is optimized with the Yoast SEO plugin v26.5 - https:\/\/yoast.com\/wordpress\/plugins\/seo\/ -->\n<title>De la Ciudad - NOTICIAS<\/title>\n<meta name=\"robots\" content=\"index, follow, max-snippet:-1, max-image-preview:large, max-video-preview:-1\" \/>\n<link rel=\"canonical\" href=\"https:\/\/laredsocial-noticias.com\/wp\/de-la-ciudad-23\/\" \/>\n<meta property=\"og:locale\" content=\"es_ES\" \/>\n<meta property=\"og:type\" content=\"article\" \/>\n<meta property=\"og:title\" content=\"De la Ciudad - NOTICIAS\" \/>\n<meta property=\"og:description\" content=\"\u00a0\u00a1Huye la Tropa! (Parte I) Por Guillermo Pimentel Balderas Como si fuera un paradigma en este 2018, en 2007 (hace...\" \/>\n<meta property=\"og:url\" content=\"https:\/\/laredsocial-noticias.com\/wp\/de-la-ciudad-23\/\" \/>\n<meta property=\"og:site_name\" content=\"NOTICIAS\" \/>\n<meta property=\"article:published_time\" content=\"2018-05-18T21:40:04+00:00\" \/>\n<meta property=\"article:modified_time\" content=\"2018-05-18T21:40:27+00:00\" \/>\n<meta property=\"og:image\" content=\"https:\/\/laredsocial-noticias.com\/wp\/wp-content\/uploads\/2018\/05\/foto_002.jpg\" \/>\n\t<meta property=\"og:image:width\" content=\"150\" \/>\n\t<meta property=\"og:image:height\" content=\"150\" \/>\n\t<meta property=\"og:image:type\" content=\"image\/jpeg\" \/>\n<meta name=\"author\" content=\"Guillermo Pimentel\" \/>\n<meta name=\"twitter:card\" content=\"summary_large_image\" \/>\n<meta name=\"twitter:label1\" content=\"Escrito por\" \/>\n\t<meta name=\"twitter:data1\" content=\"Guillermo Pimentel\" \/>\n\t<meta name=\"twitter:label2\" content=\"Tiempo de lectura\" \/>\n\t<meta name=\"twitter:data2\" content=\"4 minutos\" \/>\n<!-- \/ Yoast SEO plugin. -->","yoast_head_json":{"title":"De la Ciudad - NOTICIAS","robots":{"index":"index","follow":"follow","max-snippet":"max-snippet:-1","max-image-preview":"max-image-preview:large","max-video-preview":"max-video-preview:-1"},"canonical":"https:\/\/laredsocial-noticias.com\/wp\/de-la-ciudad-23\/","og_locale":"es_ES","og_type":"article","og_title":"De la Ciudad - NOTICIAS","og_description":"\u00a0\u00a1Huye la Tropa! (Parte I) Por Guillermo Pimentel Balderas Como si fuera un paradigma en este 2018, en 2007 (hace...","og_url":"https:\/\/laredsocial-noticias.com\/wp\/de-la-ciudad-23\/","og_site_name":"NOTICIAS","article_published_time":"2018-05-18T21:40:04+00:00","article_modified_time":"2018-05-18T21:40:27+00:00","og_image":[{"width":150,"height":150,"url":"https:\/\/laredsocial-noticias.com\/wp\/wp-content\/uploads\/2018\/05\/foto_002.jpg","type":"image\/jpeg"}],"author":"Guillermo Pimentel","twitter_card":"summary_large_image","twitter_misc":{"Escrito por":"Guillermo Pimentel","Tiempo de lectura":"4 minutos"},"schema":{"@context":"https:\/\/schema.org","@graph":[{"@type":"WebPage","@id":"https:\/\/laredsocial-noticias.com\/wp\/de-la-ciudad-23\/","url":"https:\/\/laredsocial-noticias.com\/wp\/de-la-ciudad-23\/","name":"De la Ciudad - NOTICIAS","isPartOf":{"@id":"https:\/\/laredsocial-noticias.com\/wp\/#website"},"primaryImageOfPage":{"@id":"https:\/\/laredsocial-noticias.com\/wp\/de-la-ciudad-23\/#primaryimage"},"image":{"@id":"https:\/\/laredsocial-noticias.com\/wp\/de-la-ciudad-23\/#primaryimage"},"thumbnailUrl":"http:\/\/laredsocial-noticias.com\/wp\/wp-content\/uploads\/2018\/05\/HUYE-LA-TROPA-e1526679047265-232x300.jpg","datePublished":"2018-05-18T21:40:04+00:00","dateModified":"2018-05-18T21:40:27+00:00","author":{"@id":"https:\/\/laredsocial-noticias.com\/wp\/#\/schema\/person\/9c09eb8c35c46dac6d30e2baff4b64d6"},"breadcrumb":{"@id":"https:\/\/laredsocial-noticias.com\/wp\/de-la-ciudad-23\/#breadcrumb"},"inLanguage":"es","potentialAction":[{"@type":"ReadAction","target":["https:\/\/laredsocial-noticias.com\/wp\/de-la-ciudad-23\/"]}]},{"@type":"ImageObject","inLanguage":"es","@id":"https:\/\/laredsocial-noticias.com\/wp\/de-la-ciudad-23\/#primaryimage","url":"","contentUrl":""},{"@type":"BreadcrumbList","@id":"https:\/\/laredsocial-noticias.com\/wp\/de-la-ciudad-23\/#breadcrumb","itemListElement":[{"@type":"ListItem","position":1,"name":"Portada","item":"https:\/\/laredsocial-noticias.com\/wp\/"},{"@type":"ListItem","position":2,"name":"De la Ciudad"}]},{"@type":"WebSite","@id":"https:\/\/laredsocial-noticias.com\/wp\/#website","url":"https:\/\/laredsocial-noticias.com\/wp\/","name":"NOTICIAS","description":"Lo que se ve y se dice en las redes sociales","potentialAction":[{"@type":"SearchAction","target":{"@type":"EntryPoint","urlTemplate":"https:\/\/laredsocial-noticias.com\/wp\/?s={search_term_string}"},"query-input":{"@type":"PropertyValueSpecification","valueRequired":true,"valueName":"search_term_string"}}],"inLanguage":"es"},{"@type":"Person","@id":"https:\/\/laredsocial-noticias.com\/wp\/#\/schema\/person\/9c09eb8c35c46dac6d30e2baff4b64d6","name":"Guillermo Pimentel","url":"https:\/\/laredsocial-noticias.com\/wp\/author\/guillermo\/"}]}},"_links":{"self":[{"href":"https:\/\/laredsocial-noticias.com\/wp\/wp-json\/wp\/v2\/posts\/92008","targetHints":{"allow":["GET"]}}],"collection":[{"href":"https:\/\/laredsocial-noticias.com\/wp\/wp-json\/wp\/v2\/posts"}],"about":[{"href":"https:\/\/laredsocial-noticias.com\/wp\/wp-json\/wp\/v2\/types\/post"}],"author":[{"embeddable":true,"href":"https:\/\/laredsocial-noticias.com\/wp\/wp-json\/wp\/v2\/users\/10"}],"replies":[{"embeddable":true,"href":"https:\/\/laredsocial-noticias.com\/wp\/wp-json\/wp\/v2\/comments?post=92008"}],"version-history":[{"count":3,"href":"https:\/\/laredsocial-noticias.com\/wp\/wp-json\/wp\/v2\/posts\/92008\/revisions"}],"predecessor-version":[{"id":92017,"href":"https:\/\/laredsocial-noticias.com\/wp\/wp-json\/wp\/v2\/posts\/92008\/revisions\/92017"}],"wp:attachment":[{"href":"https:\/\/laredsocial-noticias.com\/wp\/wp-json\/wp\/v2\/media?parent=92008"}],"wp:term":[{"taxonomy":"category","embeddable":true,"href":"https:\/\/laredsocial-noticias.com\/wp\/wp-json\/wp\/v2\/categories?post=92008"},{"taxonomy":"post_tag","embeddable":true,"href":"https:\/\/laredsocial-noticias.com\/wp\/wp-json\/wp\/v2\/tags?post=92008"}],"curies":[{"name":"wp","href":"https:\/\/api.w.org\/{rel}","templated":true}]}}