{"id":92427,"date":"2018-05-25T17:11:14","date_gmt":"2018-05-25T22:11:14","guid":{"rendered":"http:\/\/laredsocial-noticias.com\/wp\/?p=92427"},"modified":"2018-05-25T17:12:31","modified_gmt":"2018-05-25T22:12:31","slug":"aldf-pide-evaluar-farmacias-en-normas-de-comercializacion","status":"publish","type":"post","link":"https:\/\/laredsocial-noticias.com\/wp\/aldf-pide-evaluar-farmacias-en-normas-de-comercializacion\/","title":{"rendered":"ALDF pide evaluar farmacias en normas de comercializaci\u00f3n"},"content":{"rendered":"<p><strong>Reporte Especial<\/strong><\/p>\n<p><strong>Reto para empresarios farmac\u00e9uticos: clonaci\u00f3n de medicamentos e inseguridad<\/strong><\/p>\n<p>&nbsp;<\/p>\n<p><a href=\"http:\/\/laredsocial-noticias.com\/wp\/aldf-pide-evaluar-farmacias-en-normas-de-comercializacion\/farmacia-3\/\" rel=\"attachment wp-att-92428\"><img loading=\"lazy\" decoding=\"async\" class=\"size-full wp-image-92428 alignright\" src=\"http:\/\/laredsocial-noticias.com\/wp\/wp-content\/uploads\/2018\/05\/farmacia..jpg\" alt=\"\" width=\"259\" height=\"194\" \/><\/a> <a href=\"http:\/\/laredsocial-noticias.com\/wp\/aldf-pide-evaluar-farmacias-en-normas-de-comercializacion\/farmacia-1\/\" rel=\"attachment wp-att-92429\"><img loading=\"lazy\" decoding=\"async\" class=\"wp-image-92429 alignright\" src=\"http:\/\/laredsocial-noticias.com\/wp\/wp-content\/uploads\/2018\/05\/farmacia.1.jpg\" alt=\"\" width=\"504\" height=\"347\" \/><\/a><strong>Por Guillermo Pimentel Balderas<\/strong><\/p>\n<p>En este a\u00f1o, se incrementaron los robos contra unidades de transporten de medicamentos, principalmente en el norte del pa\u00eds; adem\u00e1s de que el desaf\u00edo para los pr\u00f3ximos a\u00f1os sigue siendo continuar el combate a la clonaci\u00f3n de medicinas, pues actualmente el mercado ilegal se estima en 11 mil millones de pesos anuales, de lo cual se han visto afectados alrededor de 8 millones de mexicanos.<\/p>\n<p>Sin embargo, el l\u00edder de los empresarios de farmacias, Juvenal Becerra Orozco, asegur\u00f3 que el impulso que ha tenido en los \u00faltimos a\u00f1os el mercado del medicamento gen\u00e9rico, las farmacias independientes estiman cerrar 2018 con un crecimiento de 4% en el n\u00famero de establecimientos.<\/p>\n<p>Y, lament\u00f3 que en algunas zonas fronterizas del estado de Tamaulipas, se cierra la distribuci\u00f3n de medicamentos ante inseguridad que se vive.<\/p>\n<p>En tanto, el PAN en la ALDF pidi\u00f3 evaluar a farmacias sobre el cumplimiento de normas en la comercializaci\u00f3n de medicamentos. Exigi\u00f3 priorizar una deontolog\u00eda m\u00e9dica por encima de intereses monetarios.<\/p>\n<p>Adem\u00e1s, asegur\u00f3 que en la Ciudad de M\u00e9xico hay negocios dedicados a la post-comercializaci\u00f3n de medicamentos como un servicio adicional de orientaci\u00f3n m\u00e9dica sin previa certificaci\u00f3n de las autoridades.<\/p>\n<p>Ante dicha situaci\u00f3n, solicit\u00f3 a la Secretar\u00eda de Salud CDMX y al INVEA, una colaboraci\u00f3n efectiva para dise\u00f1ar y ejecutar un programa local de vigilancia para frenar la pr\u00e1ctica de la automedicaci\u00f3n.<\/p>\n<p>Expuso que la automedicaci\u00f3n en consultorios de apoyo a la econom\u00eda familiar en muchos casos, son avalados por m\u00e9dicos sin la certificaci\u00f3n debida, adem\u00e1s que es una p\u00e9sima pr\u00e1ctica por parte de los due\u00f1os o encargados de estos establecimientos frente a una sociedad totalmente insensible y personalista, as\u00ed como a la falta de una regulaci\u00f3n por parte de las autoridades.<\/p>\n<p>Declar\u00f3 que la salud es el bien m\u00e1s preciado para el ser humano, el cual no debe ser objeto de intereses personales ajenos al individuo.<\/p>\n<p>Asimismo, indic\u00f3, se tendr\u00e1 que evaluar a los establecimientos mercantiles en cuanto al grado de cumplimiento de la operaci\u00f3n y productos ah\u00ed comercializados, en relaci\u00f3n al marco normativo vigente.<\/p>\n<p><strong>Contra corriente<\/strong><\/p>\n<p>En tanto, la Uni\u00f3n Nacional de Empresas Farmac\u00e9uticas de la Rep\u00fablica Mexicana (UNEFARM), consider\u00f3 que las importaciones farmac\u00e9uticas que realiza M\u00e9xico son de un valor aproximado a los 5 mil 500 millones de d\u00f3lares anuales, de esa cantidad, 80% proviene de regiones del mundo como Europa, Asia y Sudam\u00e9rica, principalmente, y el resto (20%) corresponde a Estados Unidos, de ah\u00ed que el impacto que se prev\u00e9 sea menor para nuestro mercado\u201d.<\/p>\n<p>En relaci\u00f3n con el proceso electoral que se vive en M\u00e9xico, explic\u00f3 que el llamado que hacen tanto a los 4 abanderados a la Presidencia como a las gubernaturas, es a dar continuidad a los proyectos implementados en coordinaci\u00f3n con el sector farmac\u00e9utico.<\/p>\n<p>La UNEFARM, afirm\u00f3, est\u00e1 abierta al di\u00e1logo con los abanderados de las diversas fuerzas pol\u00edticas, para hacerles llegar nuestras propuestas de un sector que es fundamental para el desarrollo del pa\u00eds, el de la salud.<\/p>\n<p>Refiri\u00f3 que en coordinaci\u00f3n con las autoridades se han logrado importantes convenios en materia de seguridad, de profesionalizaci\u00f3n del sector y de control sanitario, por ello el llamado a seguir con esa sinergia independientemente del partido que gobierne tanto a nivel federal como en los estados que renuevan sus autoridades.<\/p>\n<p>A\u00f1adi\u00f3 que el desaf\u00edo para los pr\u00f3ximos a\u00f1os sigue siendo continuar el combate a la clonaci\u00f3n de medicinas, pues actualmente el mercado ilegal se estima en 11 mil millones de pesos anuales, de lo cual se han visto afectados alrededor de 8 millones de mexicanos.<\/p>\n<p>Reconoci\u00f3 que se puede encontrar alg\u00fan medicamento en un valor hasta 90% menor en un mercado sobre ruedas o por portales en Internet, pero el gran riesgo es que sean lotes caducados que fueron reetiquetados, que sean medicamentos falsificados, o que se trate de mercanc\u00eda robada, pero que al ser expuesta al sol o a condiciones extremas de resguardo, pierden su efectividad.<\/p>\n","protected":false},"excerpt":{"rendered":"<p>Reporte Especial Reto para empresarios farmac\u00e9uticos: clonaci\u00f3n de medicamentos e inseguridad &nbsp; Por Guillermo Pimentel Balderas En este a\u00f1o, se&#8230;<\/p>\n","protected":false},"author":10,"featured_media":0,"comment_status":"closed","ping_status":"open","sticky":false,"template":"","format":"standard","meta":{"footnotes":""},"categories":[2788],"tags":[77],"class_list":["post-92427","post","type-post","status-publish","format-standard","hentry","category-aldf","tag-principal"],"yoast_head":"<!-- This site is optimized with the Yoast SEO plugin v26.5 - https:\/\/yoast.com\/wordpress\/plugins\/seo\/ -->\n<title>ALDF pide evaluar farmacias en normas de comercializaci\u00f3n - NOTICIAS<\/title>\n<meta name=\"robots\" content=\"index, follow, max-snippet:-1, max-image-preview:large, max-video-preview:-1\" \/>\n<link rel=\"canonical\" href=\"https:\/\/laredsocial-noticias.com\/wp\/aldf-pide-evaluar-farmacias-en-normas-de-comercializacion\/\" \/>\n<meta property=\"og:locale\" content=\"es_ES\" \/>\n<meta property=\"og:type\" content=\"article\" \/>\n<meta property=\"og:title\" content=\"ALDF pide evaluar farmacias en normas de comercializaci\u00f3n - NOTICIAS\" \/>\n<meta property=\"og:description\" content=\"Reporte Especial Reto para empresarios farmac\u00e9uticos: clonaci\u00f3n de medicamentos e inseguridad &nbsp; Por Guillermo Pimentel Balderas En este a\u00f1o, se...\" \/>\n<meta property=\"og:url\" content=\"https:\/\/laredsocial-noticias.com\/wp\/aldf-pide-evaluar-farmacias-en-normas-de-comercializacion\/\" \/>\n<meta property=\"og:site_name\" content=\"NOTICIAS\" \/>\n<meta property=\"article:published_time\" content=\"2018-05-25T22:11:14+00:00\" \/>\n<meta property=\"article:modified_time\" content=\"2018-05-25T22:12:31+00:00\" \/>\n<meta property=\"og:image\" content=\"https:\/\/laredsocial-noticias.com\/wp\/wp-content\/uploads\/2018\/05\/farmacia.1.jpg\" \/>\n\t<meta property=\"og:image:width\" content=\"270\" \/>\n\t<meta property=\"og:image:height\" content=\"186\" \/>\n\t<meta property=\"og:image:type\" content=\"image\/jpeg\" \/>\n<meta name=\"author\" content=\"Guillermo Pimentel\" \/>\n<meta name=\"twitter:card\" content=\"summary_large_image\" \/>\n<meta name=\"twitter:label1\" content=\"Escrito por\" \/>\n\t<meta name=\"twitter:data1\" content=\"Guillermo Pimentel\" \/>\n\t<meta name=\"twitter:label2\" content=\"Tiempo de lectura\" \/>\n\t<meta name=\"twitter:data2\" content=\"4 minutos\" \/>\n<!-- \/ Yoast SEO plugin. -->","yoast_head_json":{"title":"ALDF pide evaluar farmacias en normas de comercializaci\u00f3n - NOTICIAS","robots":{"index":"index","follow":"follow","max-snippet":"max-snippet:-1","max-image-preview":"max-image-preview:large","max-video-preview":"max-video-preview:-1"},"canonical":"https:\/\/laredsocial-noticias.com\/wp\/aldf-pide-evaluar-farmacias-en-normas-de-comercializacion\/","og_locale":"es_ES","og_type":"article","og_title":"ALDF pide evaluar farmacias en normas de comercializaci\u00f3n - NOTICIAS","og_description":"Reporte Especial Reto para empresarios farmac\u00e9uticos: clonaci\u00f3n de medicamentos e inseguridad &nbsp; Por Guillermo Pimentel Balderas En este a\u00f1o, se...","og_url":"https:\/\/laredsocial-noticias.com\/wp\/aldf-pide-evaluar-farmacias-en-normas-de-comercializacion\/","og_site_name":"NOTICIAS","article_published_time":"2018-05-25T22:11:14+00:00","article_modified_time":"2018-05-25T22:12:31+00:00","og_image":[{"width":270,"height":186,"url":"https:\/\/laredsocial-noticias.com\/wp\/wp-content\/uploads\/2018\/05\/farmacia.1.jpg","type":"image\/jpeg"}],"author":"Guillermo Pimentel","twitter_card":"summary_large_image","twitter_misc":{"Escrito por":"Guillermo Pimentel","Tiempo de lectura":"4 minutos"},"schema":{"@context":"https:\/\/schema.org","@graph":[{"@type":"WebPage","@id":"https:\/\/laredsocial-noticias.com\/wp\/aldf-pide-evaluar-farmacias-en-normas-de-comercializacion\/","url":"https:\/\/laredsocial-noticias.com\/wp\/aldf-pide-evaluar-farmacias-en-normas-de-comercializacion\/","name":"ALDF pide evaluar farmacias en normas de comercializaci\u00f3n - NOTICIAS","isPartOf":{"@id":"https:\/\/laredsocial-noticias.com\/wp\/#website"},"primaryImageOfPage":{"@id":"https:\/\/laredsocial-noticias.com\/wp\/aldf-pide-evaluar-farmacias-en-normas-de-comercializacion\/#primaryimage"},"image":{"@id":"https:\/\/laredsocial-noticias.com\/wp\/aldf-pide-evaluar-farmacias-en-normas-de-comercializacion\/#primaryimage"},"thumbnailUrl":"http:\/\/laredsocial-noticias.com\/wp\/wp-content\/uploads\/2018\/05\/farmacia..jpg","datePublished":"2018-05-25T22:11:14+00:00","dateModified":"2018-05-25T22:12:31+00:00","author":{"@id":"https:\/\/laredsocial-noticias.com\/wp\/#\/schema\/person\/9c09eb8c35c46dac6d30e2baff4b64d6"},"breadcrumb":{"@id":"https:\/\/laredsocial-noticias.com\/wp\/aldf-pide-evaluar-farmacias-en-normas-de-comercializacion\/#breadcrumb"},"inLanguage":"es","potentialAction":[{"@type":"ReadAction","target":["https:\/\/laredsocial-noticias.com\/wp\/aldf-pide-evaluar-farmacias-en-normas-de-comercializacion\/"]}]},{"@type":"ImageObject","inLanguage":"es","@id":"https:\/\/laredsocial-noticias.com\/wp\/aldf-pide-evaluar-farmacias-en-normas-de-comercializacion\/#primaryimage","url":"","contentUrl":""},{"@type":"BreadcrumbList","@id":"https:\/\/laredsocial-noticias.com\/wp\/aldf-pide-evaluar-farmacias-en-normas-de-comercializacion\/#breadcrumb","itemListElement":[{"@type":"ListItem","position":1,"name":"Portada","item":"https:\/\/laredsocial-noticias.com\/wp\/"},{"@type":"ListItem","position":2,"name":"ALDF pide evaluar farmacias en normas de comercializaci\u00f3n"}]},{"@type":"WebSite","@id":"https:\/\/laredsocial-noticias.com\/wp\/#website","url":"https:\/\/laredsocial-noticias.com\/wp\/","name":"NOTICIAS","description":"Lo que se ve y se dice en las redes sociales","potentialAction":[{"@type":"SearchAction","target":{"@type":"EntryPoint","urlTemplate":"https:\/\/laredsocial-noticias.com\/wp\/?s={search_term_string}"},"query-input":{"@type":"PropertyValueSpecification","valueRequired":true,"valueName":"search_term_string"}}],"inLanguage":"es"},{"@type":"Person","@id":"https:\/\/laredsocial-noticias.com\/wp\/#\/schema\/person\/9c09eb8c35c46dac6d30e2baff4b64d6","name":"Guillermo Pimentel","url":"https:\/\/laredsocial-noticias.com\/wp\/author\/guillermo\/"}]}},"_links":{"self":[{"href":"https:\/\/laredsocial-noticias.com\/wp\/wp-json\/wp\/v2\/posts\/92427","targetHints":{"allow":["GET"]}}],"collection":[{"href":"https:\/\/laredsocial-noticias.com\/wp\/wp-json\/wp\/v2\/posts"}],"about":[{"href":"https:\/\/laredsocial-noticias.com\/wp\/wp-json\/wp\/v2\/types\/post"}],"author":[{"embeddable":true,"href":"https:\/\/laredsocial-noticias.com\/wp\/wp-json\/wp\/v2\/users\/10"}],"replies":[{"embeddable":true,"href":"https:\/\/laredsocial-noticias.com\/wp\/wp-json\/wp\/v2\/comments?post=92427"}],"version-history":[{"count":3,"href":"https:\/\/laredsocial-noticias.com\/wp\/wp-json\/wp\/v2\/posts\/92427\/revisions"}],"predecessor-version":[{"id":92432,"href":"https:\/\/laredsocial-noticias.com\/wp\/wp-json\/wp\/v2\/posts\/92427\/revisions\/92432"}],"wp:attachment":[{"href":"https:\/\/laredsocial-noticias.com\/wp\/wp-json\/wp\/v2\/media?parent=92427"}],"wp:term":[{"taxonomy":"category","embeddable":true,"href":"https:\/\/laredsocial-noticias.com\/wp\/wp-json\/wp\/v2\/categories?post=92427"},{"taxonomy":"post_tag","embeddable":true,"href":"https:\/\/laredsocial-noticias.com\/wp\/wp-json\/wp\/v2\/tags?post=92427"}],"curies":[{"name":"wp","href":"https:\/\/api.w.org\/{rel}","templated":true}]}}