{"id":92734,"date":"2018-05-31T15:22:26","date_gmt":"2018-05-31T20:22:26","guid":{"rendered":"http:\/\/laredsocial-noticias.com\/wp\/?p=92734"},"modified":"2018-05-31T15:22:26","modified_gmt":"2018-05-31T20:22:26","slug":"asegura-amieva-que-la-comision-de-reconstruccion-se-reunira-este-viernes","status":"publish","type":"post","link":"https:\/\/laredsocial-noticias.com\/wp\/asegura-amieva-que-la-comision-de-reconstruccion-se-reunira-este-viernes\/","title":{"rendered":"Asegura Amieva que la Comisi\u00f3n de Reconstrucci\u00f3n se reunir\u00e1 este viernes"},"content":{"rendered":"<p><a href=\"http:\/\/laredsocial-noticias.com\/wp\/wp-content\/uploads\/2018\/05\/Amieva-acude-con-damnificados-de-Tlalpan.jpg\"><img loading=\"lazy\" decoding=\"async\" class=\"alignnone size-medium wp-image-92735\" src=\"http:\/\/laredsocial-noticias.com\/wp\/wp-content\/uploads\/2018\/05\/Amieva-acude-con-damnificados-de-Tlalpan-300x200.jpg\" alt=\"\" width=\"300\" height=\"200\" \/><\/a><\/p>\n<p><strong>Por Ana Mar\u00eda Lozada<\/strong><\/p>\n<p>El jefe de Gobierno capitalino, Jos\u00e9 Ram\u00f3n Amieva, dijo que pedir\u00e1 a la Comisi\u00f3n de Reconstrucci\u00f3n que se re\u00fana este viernes para incorporar 36 predios integrados en el colectivo Damnificados Unidos al esquema de financiamiento que se constituir\u00e1 con 2 mil millones de pesos a fondo perdido, aunque, adelant\u00f3 que ser\u00e1 hasta la pr\u00f3xima\u00a0 semana cuando se presenten las reglas y la f\u00f3rmula de apoyo a los damnificados del 19 de septiembre.<\/p>\n<p>\u201cNecesitamos contar con un modelo de fideicomiso o de fondo de administraci\u00f3n, donde esos 2 mil millones de pesos queden perfectamente identificados y en donde cada edificios tenga una subcuenta, vean en d\u00f3nde est\u00e1 su dinero y hacia d\u00f3nde va dirigido\u201d, preciso esta ma\u00f1ana.<\/p>\n<p>Entrevistado en el marco del evento de \u201cDonaci\u00f3n de bienes a la Junta de Asistencia Privada de la CDMX\u201d, insisti\u00f3 en la importancia de que los recursos empiecen a aplicarse en las tareas de reconstrucci\u00f3n y hasta mencion\u00f3 que prevaleci\u00f3 una falta de comunicaci\u00f3n entre los afectados del Multifamiliar Tlalpan, que los llev\u00f3 anoche a colocarse sobre calzada de Tlalpan.<\/p>\n<p>\u201cFalt\u00f3 comunicaci\u00f3n y creo que la visita que tuvimos ayer y el di\u00e1logo que tuvimos con ellos aport\u00f3 precisamente eso: cu\u00e1l es el estado que guarda el proceso de reconstrucci\u00f3n\u201d, coment\u00f3.<\/p>\n<p>Descart\u00f3 que en se tenga identificado a alg\u00fan grupo pol\u00edtico detr\u00e1s de Damnificados Unidos, aunque, inform\u00f3 que anoche les pidi\u00f3 que \u201cpor favor\u201d no se tome como un esquema partidista, pues se trata de que haya una intervenci\u00f3n e interacci\u00f3n eminentemente ciudadana con el Gobierno.<\/p>\n<p>En el patio del Antiguo Palacio del Ayuntamiento, Amieva habl\u00f3 sobre la suficiencia de esos 2 mil millones de pesos para atender a todos los edificios que se incorporen a ese esquema financiero en que \u201cno se va a pedir (a los damnificados) ni un s\u00f3lo centavo de regreso\u201d, y ser\u00e1 la Comisi\u00f3n para la Reconstrucci\u00f3n la que lo determine.<\/p>\n<p>Aunque no rechaz\u00f3 pedir a la Asamblea Legislativa (ALDF) modificar el decreto de Presupuesto de Egresos para reorientar algunos recursos que etiquet\u00f3 del monto asignado para acciones de reconstrucci\u00f3n a tareas de desarrollos social, rehabilitaci\u00f3n de vialidades e infraestructura del espacio p\u00fablico para atender las tareas de reconstrucci\u00f3n, rehabilitaci\u00f3n y reforzamiento de las viviendas da\u00f1adas por el sismo.<\/p>\n<p>\u201cEn el presupuesto vienen algunos conceptos ya etiquetados por la misma ALDF, el retiro de cascajo, atenci\u00f3n social, reencarpetado, en fin. Yo lo que creo es que nunca se etiquet\u00f3 ning\u00fan recursos para un fondo como el que estamos nosotros proponiendo, estos 2 mil millones nunca se etiquet\u00f3, lo que estamos haciendo es crear este vinculo financiero, etiquetarlo y muy probablemente la Comisi\u00f3n se pronuncie sobre si es suficiente, si alcanza y probablemente someter a la consideraci\u00f3n de la ALDF que eso que se etiquet\u00f3 pueda ser redireccionado a este tema tan urgente\u201d, subray\u00f3.<\/p>\n<p>Amieva adelant\u00f3 que la pr\u00f3xima semana quedar\u00e1n definidas las reglas y la f\u00f3rmula para el esquema de apoyo a damnificados tras el sismo del 19 de septiembre, para dar paso al otorgamiento de los recursos estimados de manera inicial de 2 mil millones de pesos.<\/p>\n<p>\u201cEllos refirieron que ten\u00eda que ser ma\u00f1ana viernes y el acuerdo fue que ma\u00f1ana viernes se autoriza la incorporaci\u00f3n de estos edificios y los dem\u00e1s edificios que resulten, y seguimos trabajando para la semana que entra a la brevedad entregar la f\u00f3rmula y entregar las reglas\u201d, apunt\u00f3.<\/p>\n<p>Y a\u00f1adi\u00f3 que \u201cuna vez que tengamos nosotros todas las variables que integran la f\u00f3rmula, en autom\u00e1tico los recursos tienen una aplicaci\u00f3n\u201d en beneficio de todas estas personas.<\/p>\n<p>El mandatario capitalino se reuni\u00f3 durante la noche de ayer y la madrugada de este jueves con el colectivo Damnificados Unidos, debido a la inconformidad de que el primer paquete de atenci\u00f3n ser\u00eda de solo 19 inmuebles, por lo que en protesta trasladaron su campamente sobre calzada de Tlalpan.<\/p>\n","protected":false},"excerpt":{"rendered":"<p>Por Ana Mar\u00eda Lozada El jefe de Gobierno capitalino, Jos\u00e9 Ram\u00f3n Amieva, dijo que pedir\u00e1 a la Comisi\u00f3n de Reconstrucci\u00f3n&#8230;<\/p>\n","protected":false},"author":1,"featured_media":0,"comment_status":"closed","ping_status":"open","sticky":false,"template":"","format":"standard","meta":{"footnotes":""},"categories":[1],"tags":[],"class_list":["post-92734","post","type-post","status-publish","format-standard","hentry","category-uncategorized"],"yoast_head":"<!-- This site is optimized with the Yoast SEO plugin v26.5 - https:\/\/yoast.com\/wordpress\/plugins\/seo\/ -->\n<title>Asegura Amieva que la Comisi\u00f3n de Reconstrucci\u00f3n se reunir\u00e1 este viernes - NOTICIAS<\/title>\n<meta name=\"robots\" content=\"index, follow, max-snippet:-1, max-image-preview:large, max-video-preview:-1\" \/>\n<link rel=\"canonical\" href=\"https:\/\/laredsocial-noticias.com\/wp\/asegura-amieva-que-la-comision-de-reconstruccion-se-reunira-este-viernes\/\" \/>\n<meta property=\"og:locale\" content=\"es_ES\" \/>\n<meta property=\"og:type\" content=\"article\" \/>\n<meta property=\"og:title\" content=\"Asegura Amieva que la Comisi\u00f3n de Reconstrucci\u00f3n se reunir\u00e1 este viernes - NOTICIAS\" \/>\n<meta property=\"og:description\" content=\"Por Ana Mar\u00eda Lozada El jefe de Gobierno capitalino, Jos\u00e9 Ram\u00f3n Amieva, dijo que pedir\u00e1 a la Comisi\u00f3n de Reconstrucci\u00f3n...\" \/>\n<meta property=\"og:url\" content=\"https:\/\/laredsocial-noticias.com\/wp\/asegura-amieva-que-la-comision-de-reconstruccion-se-reunira-este-viernes\/\" \/>\n<meta property=\"og:site_name\" content=\"NOTICIAS\" \/>\n<meta property=\"article:published_time\" content=\"2018-05-31T20:22:26+00:00\" \/>\n<meta property=\"og:image\" content=\"https:\/\/laredsocial-noticias.com\/wp\/wp-content\/uploads\/2018\/05\/Amieva-acude-con-damnificados-de-Tlalpan.jpg\" \/>\n\t<meta property=\"og:image:width\" content=\"1280\" \/>\n\t<meta property=\"og:image:height\" content=\"853\" \/>\n\t<meta property=\"og:image:type\" content=\"image\/jpeg\" \/>\n<meta name=\"author\" content=\"Editor en Jefe\" \/>\n<meta name=\"twitter:card\" content=\"summary_large_image\" \/>\n<meta name=\"twitter:label1\" content=\"Escrito por\" \/>\n\t<meta name=\"twitter:data1\" content=\"Editor en Jefe\" \/>\n\t<meta name=\"twitter:label2\" content=\"Tiempo de lectura\" \/>\n\t<meta name=\"twitter:data2\" content=\"3 minutos\" \/>\n<!-- \/ Yoast SEO plugin. -->","yoast_head_json":{"title":"Asegura Amieva que la Comisi\u00f3n de Reconstrucci\u00f3n se reunir\u00e1 este viernes - NOTICIAS","robots":{"index":"index","follow":"follow","max-snippet":"max-snippet:-1","max-image-preview":"max-image-preview:large","max-video-preview":"max-video-preview:-1"},"canonical":"https:\/\/laredsocial-noticias.com\/wp\/asegura-amieva-que-la-comision-de-reconstruccion-se-reunira-este-viernes\/","og_locale":"es_ES","og_type":"article","og_title":"Asegura Amieva que la Comisi\u00f3n de Reconstrucci\u00f3n se reunir\u00e1 este viernes - NOTICIAS","og_description":"Por Ana Mar\u00eda Lozada El jefe de Gobierno capitalino, Jos\u00e9 Ram\u00f3n Amieva, dijo que pedir\u00e1 a la Comisi\u00f3n de Reconstrucci\u00f3n...","og_url":"https:\/\/laredsocial-noticias.com\/wp\/asegura-amieva-que-la-comision-de-reconstruccion-se-reunira-este-viernes\/","og_site_name":"NOTICIAS","article_published_time":"2018-05-31T20:22:26+00:00","og_image":[{"width":1280,"height":853,"url":"https:\/\/laredsocial-noticias.com\/wp\/wp-content\/uploads\/2018\/05\/Amieva-acude-con-damnificados-de-Tlalpan.jpg","type":"image\/jpeg"}],"author":"Editor en Jefe","twitter_card":"summary_large_image","twitter_misc":{"Escrito por":"Editor en Jefe","Tiempo de lectura":"3 minutos"},"schema":{"@context":"https:\/\/schema.org","@graph":[{"@type":"WebPage","@id":"https:\/\/laredsocial-noticias.com\/wp\/asegura-amieva-que-la-comision-de-reconstruccion-se-reunira-este-viernes\/","url":"https:\/\/laredsocial-noticias.com\/wp\/asegura-amieva-que-la-comision-de-reconstruccion-se-reunira-este-viernes\/","name":"Asegura Amieva que la Comisi\u00f3n de Reconstrucci\u00f3n se reunir\u00e1 este viernes - NOTICIAS","isPartOf":{"@id":"https:\/\/laredsocial-noticias.com\/wp\/#website"},"primaryImageOfPage":{"@id":"https:\/\/laredsocial-noticias.com\/wp\/asegura-amieva-que-la-comision-de-reconstruccion-se-reunira-este-viernes\/#primaryimage"},"image":{"@id":"https:\/\/laredsocial-noticias.com\/wp\/asegura-amieva-que-la-comision-de-reconstruccion-se-reunira-este-viernes\/#primaryimage"},"thumbnailUrl":"http:\/\/laredsocial-noticias.com\/wp\/wp-content\/uploads\/2018\/05\/Amieva-acude-con-damnificados-de-Tlalpan-300x200.jpg","datePublished":"2018-05-31T20:22:26+00:00","author":{"@id":"https:\/\/laredsocial-noticias.com\/wp\/#\/schema\/person\/0ce78643f2de7aae6f6ef10e8453a6e0"},"breadcrumb":{"@id":"https:\/\/laredsocial-noticias.com\/wp\/asegura-amieva-que-la-comision-de-reconstruccion-se-reunira-este-viernes\/#breadcrumb"},"inLanguage":"es","potentialAction":[{"@type":"ReadAction","target":["https:\/\/laredsocial-noticias.com\/wp\/asegura-amieva-que-la-comision-de-reconstruccion-se-reunira-este-viernes\/"]}]},{"@type":"ImageObject","inLanguage":"es","@id":"https:\/\/laredsocial-noticias.com\/wp\/asegura-amieva-que-la-comision-de-reconstruccion-se-reunira-este-viernes\/#primaryimage","url":"","contentUrl":""},{"@type":"BreadcrumbList","@id":"https:\/\/laredsocial-noticias.com\/wp\/asegura-amieva-que-la-comision-de-reconstruccion-se-reunira-este-viernes\/#breadcrumb","itemListElement":[{"@type":"ListItem","position":1,"name":"Portada","item":"https:\/\/laredsocial-noticias.com\/wp\/"},{"@type":"ListItem","position":2,"name":"Asegura Amieva que la Comisi\u00f3n de Reconstrucci\u00f3n se reunir\u00e1 este viernes"}]},{"@type":"WebSite","@id":"https:\/\/laredsocial-noticias.com\/wp\/#website","url":"https:\/\/laredsocial-noticias.com\/wp\/","name":"NOTICIAS","description":"Lo que se ve y se dice en las redes sociales","potentialAction":[{"@type":"SearchAction","target":{"@type":"EntryPoint","urlTemplate":"https:\/\/laredsocial-noticias.com\/wp\/?s={search_term_string}"},"query-input":{"@type":"PropertyValueSpecification","valueRequired":true,"valueName":"search_term_string"}}],"inLanguage":"es"},{"@type":"Person","@id":"https:\/\/laredsocial-noticias.com\/wp\/#\/schema\/person\/0ce78643f2de7aae6f6ef10e8453a6e0","name":"Editor en Jefe","url":"https:\/\/laredsocial-noticias.com\/wp\/author\/jorgeochoa\/"}]}},"_links":{"self":[{"href":"https:\/\/laredsocial-noticias.com\/wp\/wp-json\/wp\/v2\/posts\/92734","targetHints":{"allow":["GET"]}}],"collection":[{"href":"https:\/\/laredsocial-noticias.com\/wp\/wp-json\/wp\/v2\/posts"}],"about":[{"href":"https:\/\/laredsocial-noticias.com\/wp\/wp-json\/wp\/v2\/types\/post"}],"author":[{"embeddable":true,"href":"https:\/\/laredsocial-noticias.com\/wp\/wp-json\/wp\/v2\/users\/1"}],"replies":[{"embeddable":true,"href":"https:\/\/laredsocial-noticias.com\/wp\/wp-json\/wp\/v2\/comments?post=92734"}],"version-history":[{"count":1,"href":"https:\/\/laredsocial-noticias.com\/wp\/wp-json\/wp\/v2\/posts\/92734\/revisions"}],"predecessor-version":[{"id":92736,"href":"https:\/\/laredsocial-noticias.com\/wp\/wp-json\/wp\/v2\/posts\/92734\/revisions\/92736"}],"wp:attachment":[{"href":"https:\/\/laredsocial-noticias.com\/wp\/wp-json\/wp\/v2\/media?parent=92734"}],"wp:term":[{"taxonomy":"category","embeddable":true,"href":"https:\/\/laredsocial-noticias.com\/wp\/wp-json\/wp\/v2\/categories?post=92734"},{"taxonomy":"post_tag","embeddable":true,"href":"https:\/\/laredsocial-noticias.com\/wp\/wp-json\/wp\/v2\/tags?post=92734"}],"curies":[{"name":"wp","href":"https:\/\/api.w.org\/{rel}","templated":true}]}}