{"id":93486,"date":"2018-06-14T14:36:49","date_gmt":"2018-06-14T19:36:49","guid":{"rendered":"http:\/\/laredsocial-noticias.com\/wp\/?p=93486"},"modified":"2018-06-14T14:36:49","modified_gmt":"2018-06-14T19:36:49","slug":"mexico-se-mantiene-entre-los-paises-de-la-ocde-con-menor-desempleo","status":"publish","type":"post","link":"https:\/\/laredsocial-noticias.com\/wp\/mexico-se-mantiene-entre-los-paises-de-la-ocde-con-menor-desempleo\/","title":{"rendered":"M\u00e9xico se mantiene entre los pa\u00edses de la OCDE con menor desempleo"},"content":{"rendered":"<p>M\u00e9xico se mantiene entre los cinco pa\u00edses con menor desempleo dentro de las naciones miembros de la Organizaci\u00f3n para la Cooperaci\u00f3n y el Desarrollo Econ\u00f3micos (OCDE), a pesar del incremento que registr\u00f3 este indicador en abril de este a\u00f1o.<br \/>\nDe acuerdo con informaci\u00f3n del organismo internacional, la tasa de desempleo de M\u00e9xico en abril pasado fue de 3.4 por ciento de la Poblaci\u00f3n Econ\u00f3micamente Activa (PEA), superior a la de 3.2 por ciento en marzo pasado, pero debajo del promedio de la OCDE, de 5.3 por ciento.<br \/>\nEn su reporte mensual, precis\u00f3 que el desempleo en M\u00e9xico aument\u00f3 115 mil personas, al pasar de un mill\u00f3n 786 mil en marzo a un mill\u00f3n 901 mil personas en abril de este a\u00f1o.<br \/>\nApunt\u00f3 que la tasa de desempleo entre los j\u00f3venes mexicanos (de 15 a 24 a\u00f1os) fue de 7.1 por ciento en abril, menor al 7.2 por ciento en marzo, mientras que en los adultos de 25 a\u00f1os y m\u00e1s aument\u00f3 a 2.6 por ciento, desde el 2.4 por ciento previo.<br \/>\nEl organismo refiri\u00f3 que la tasa de desempleo de las mujeres mexicanas aument\u00f3 a 3.5 por ciento en abril de este a\u00f1o desde 3.3 por ciento en marzo; en tanto, la de los hombres subi\u00f3 a 3.4 por ciento respecto al 3.2 por ciento previo.<br \/>\nPara el conjunto de pa\u00edses de la OCDE, la tasa de desempleo cay\u00f3 0.1 punto porcentual a 5.3 por ciento en abril de 2018 tras dos meses consecutivos de estabilidad.<br \/>\nEn toda el \u00e1rea de la OCDE, 33.9 millones de personas estaban desempleadas en abril pasado, 1.2 millones m\u00e1s que en abril de 2008, pero 15.2 millones menos que en el pico de enero de 2013.<br \/>\nSeg\u00fan el reporte del \u00f3rgano internacional, los pa\u00edses con mayores tasas de desempleo en abril pasado fueron: Espa\u00f1a con 15.9 por ciento, Italia 11.2 por ciento, Francia 9.2 por ciento, Finlandia 8.1 por ciento y Letonia 7.4 por ciento.<br \/>\nEn contraste, las menores tasas de desempleo en el cuarto mes del a\u00f1o pasado se registraron en Rep\u00fablica Checa 2.2 por ciento, Jap\u00f3n 2.5 por ciento, Islandia 2.9 por ciento, y Alemania y M\u00e9xico 3.4 por ciento, en cada caso.<\/p>\n","protected":false},"excerpt":{"rendered":"<p>M\u00e9xico se mantiene entre los cinco pa\u00edses con menor desempleo dentro de las naciones miembros de la Organizaci\u00f3n para la&#8230;<\/p>\n","protected":false},"author":15,"featured_media":0,"comment_status":"closed","ping_status":"open","sticky":false,"template":"","format":"standard","meta":{"footnotes":""},"categories":[389,73],"tags":[332,1560],"class_list":["post-93486","post","type-post","status-publish","format-standard","hentry","category-mexico","category-principal","tag-mexico","tag-ocde"],"yoast_head":"<!-- This site is optimized with the Yoast SEO plugin v26.5 - https:\/\/yoast.com\/wordpress\/plugins\/seo\/ -->\n<title>M\u00e9xico se mantiene entre los pa\u00edses de la OCDE con menor desempleo - NOTICIAS<\/title>\n<meta name=\"robots\" content=\"index, follow, max-snippet:-1, max-image-preview:large, max-video-preview:-1\" \/>\n<link rel=\"canonical\" href=\"https:\/\/laredsocial-noticias.com\/wp\/mexico-se-mantiene-entre-los-paises-de-la-ocde-con-menor-desempleo\/\" \/>\n<meta property=\"og:locale\" content=\"es_ES\" \/>\n<meta property=\"og:type\" content=\"article\" \/>\n<meta property=\"og:title\" content=\"M\u00e9xico se mantiene entre los pa\u00edses de la OCDE con menor desempleo - NOTICIAS\" \/>\n<meta property=\"og:description\" content=\"M\u00e9xico se mantiene entre los cinco pa\u00edses con menor desempleo dentro de las naciones miembros de la Organizaci\u00f3n para la...\" \/>\n<meta property=\"og:url\" content=\"https:\/\/laredsocial-noticias.com\/wp\/mexico-se-mantiene-entre-los-paises-de-la-ocde-con-menor-desempleo\/\" \/>\n<meta property=\"og:site_name\" content=\"NOTICIAS\" \/>\n<meta property=\"article:published_time\" content=\"2018-06-14T19:36:49+00:00\" \/>\n<meta property=\"og:image\" content=\"https:\/\/laredsocial-noticias.com\/wp\/wp-content\/uploads\/2018\/03\/OCDE_SSA.jpg\" \/>\n\t<meta property=\"og:image:width\" content=\"5264\" \/>\n\t<meta property=\"og:image:height\" content=\"3008\" \/>\n\t<meta property=\"og:image:type\" content=\"image\/jpeg\" \/>\n<meta name=\"author\" content=\"Juan Raymundo Hernandez\" \/>\n<meta name=\"twitter:card\" content=\"summary_large_image\" \/>\n<meta name=\"twitter:label1\" content=\"Escrito por\" \/>\n\t<meta name=\"twitter:data1\" content=\"Juan Raymundo Hernandez\" \/>\n\t<meta name=\"twitter:label2\" content=\"Tiempo de lectura\" \/>\n\t<meta name=\"twitter:data2\" content=\"2 minutos\" \/>\n<!-- \/ Yoast SEO plugin. -->","yoast_head_json":{"title":"M\u00e9xico se mantiene entre los pa\u00edses de la OCDE con menor desempleo - NOTICIAS","robots":{"index":"index","follow":"follow","max-snippet":"max-snippet:-1","max-image-preview":"max-image-preview:large","max-video-preview":"max-video-preview:-1"},"canonical":"https:\/\/laredsocial-noticias.com\/wp\/mexico-se-mantiene-entre-los-paises-de-la-ocde-con-menor-desempleo\/","og_locale":"es_ES","og_type":"article","og_title":"M\u00e9xico se mantiene entre los pa\u00edses de la OCDE con menor desempleo - NOTICIAS","og_description":"M\u00e9xico se mantiene entre los cinco pa\u00edses con menor desempleo dentro de las naciones miembros de la Organizaci\u00f3n para la...","og_url":"https:\/\/laredsocial-noticias.com\/wp\/mexico-se-mantiene-entre-los-paises-de-la-ocde-con-menor-desempleo\/","og_site_name":"NOTICIAS","article_published_time":"2018-06-14T19:36:49+00:00","og_image":[{"width":5264,"height":3008,"url":"https:\/\/laredsocial-noticias.com\/wp\/wp-content\/uploads\/2018\/03\/OCDE_SSA.jpg","type":"image\/jpeg"}],"author":"Juan Raymundo Hernandez","twitter_card":"summary_large_image","twitter_misc":{"Escrito por":"Juan Raymundo Hernandez","Tiempo de lectura":"2 minutos"},"schema":{"@context":"https:\/\/schema.org","@graph":[{"@type":"WebPage","@id":"https:\/\/laredsocial-noticias.com\/wp\/mexico-se-mantiene-entre-los-paises-de-la-ocde-con-menor-desempleo\/","url":"https:\/\/laredsocial-noticias.com\/wp\/mexico-se-mantiene-entre-los-paises-de-la-ocde-con-menor-desempleo\/","name":"M\u00e9xico se mantiene entre los pa\u00edses de la OCDE con menor desempleo - NOTICIAS","isPartOf":{"@id":"https:\/\/laredsocial-noticias.com\/wp\/#website"},"datePublished":"2018-06-14T19:36:49+00:00","author":{"@id":"https:\/\/laredsocial-noticias.com\/wp\/#\/schema\/person\/ef87465aef7eca376539490cfb6ab6dc"},"breadcrumb":{"@id":"https:\/\/laredsocial-noticias.com\/wp\/mexico-se-mantiene-entre-los-paises-de-la-ocde-con-menor-desempleo\/#breadcrumb"},"inLanguage":"es","potentialAction":[{"@type":"ReadAction","target":["https:\/\/laredsocial-noticias.com\/wp\/mexico-se-mantiene-entre-los-paises-de-la-ocde-con-menor-desempleo\/"]}]},{"@type":"BreadcrumbList","@id":"https:\/\/laredsocial-noticias.com\/wp\/mexico-se-mantiene-entre-los-paises-de-la-ocde-con-menor-desempleo\/#breadcrumb","itemListElement":[{"@type":"ListItem","position":1,"name":"Portada","item":"https:\/\/laredsocial-noticias.com\/wp\/"},{"@type":"ListItem","position":2,"name":"M\u00e9xico se mantiene entre los pa\u00edses de la OCDE con menor desempleo"}]},{"@type":"WebSite","@id":"https:\/\/laredsocial-noticias.com\/wp\/#website","url":"https:\/\/laredsocial-noticias.com\/wp\/","name":"NOTICIAS","description":"Lo que se ve y se dice en las redes sociales","potentialAction":[{"@type":"SearchAction","target":{"@type":"EntryPoint","urlTemplate":"https:\/\/laredsocial-noticias.com\/wp\/?s={search_term_string}"},"query-input":{"@type":"PropertyValueSpecification","valueRequired":true,"valueName":"search_term_string"}}],"inLanguage":"es"},{"@type":"Person","@id":"https:\/\/laredsocial-noticias.com\/wp\/#\/schema\/person\/ef87465aef7eca376539490cfb6ab6dc","name":"Juan Raymundo Hernandez","url":"https:\/\/laredsocial-noticias.com\/wp\/author\/juanraymundohernandez\/"}]}},"_links":{"self":[{"href":"https:\/\/laredsocial-noticias.com\/wp\/wp-json\/wp\/v2\/posts\/93486","targetHints":{"allow":["GET"]}}],"collection":[{"href":"https:\/\/laredsocial-noticias.com\/wp\/wp-json\/wp\/v2\/posts"}],"about":[{"href":"https:\/\/laredsocial-noticias.com\/wp\/wp-json\/wp\/v2\/types\/post"}],"author":[{"embeddable":true,"href":"https:\/\/laredsocial-noticias.com\/wp\/wp-json\/wp\/v2\/users\/15"}],"replies":[{"embeddable":true,"href":"https:\/\/laredsocial-noticias.com\/wp\/wp-json\/wp\/v2\/comments?post=93486"}],"version-history":[{"count":1,"href":"https:\/\/laredsocial-noticias.com\/wp\/wp-json\/wp\/v2\/posts\/93486\/revisions"}],"predecessor-version":[{"id":93487,"href":"https:\/\/laredsocial-noticias.com\/wp\/wp-json\/wp\/v2\/posts\/93486\/revisions\/93487"}],"wp:attachment":[{"href":"https:\/\/laredsocial-noticias.com\/wp\/wp-json\/wp\/v2\/media?parent=93486"}],"wp:term":[{"taxonomy":"category","embeddable":true,"href":"https:\/\/laredsocial-noticias.com\/wp\/wp-json\/wp\/v2\/categories?post=93486"},{"taxonomy":"post_tag","embeddable":true,"href":"https:\/\/laredsocial-noticias.com\/wp\/wp-json\/wp\/v2\/tags?post=93486"}],"curies":[{"name":"wp","href":"https:\/\/api.w.org\/{rel}","templated":true}]}}