{"id":93500,"date":"2018-06-14T16:23:02","date_gmt":"2018-06-14T21:23:02","guid":{"rendered":"http:\/\/laredsocial-noticias.com\/wp\/?p=93500"},"modified":"2018-06-14T16:23:02","modified_gmt":"2018-06-14T21:23:02","slug":"la-cdmx-se-une-a-la-fiesta-del-futbol-con-actividades-del-zocafut","status":"publish","type":"post","link":"https:\/\/laredsocial-noticias.com\/wp\/la-cdmx-se-une-a-la-fiesta-del-futbol-con-actividades-del-zocafut\/","title":{"rendered":"La CDMX se une a la fiesta del F\u00fatbol con actividades del \u201cZocafut\u201d"},"content":{"rendered":"<p><a href=\"http:\/\/laredsocial-noticias.com\/wp\/wp-content\/uploads\/2018\/06\/Pantallas-en-el-Z\u00f3calo.jpg\"><img loading=\"lazy\" decoding=\"async\" class=\"alignnone size-full wp-image-93373\" src=\"http:\/\/laredsocial-noticias.com\/wp\/wp-content\/uploads\/2018\/06\/Pantallas-en-el-Z\u00f3calo.jpg\" alt=\"\" width=\"290\" height=\"174\" \/><\/a><\/p>\n<p>La Ciudad de M\u00e9xico dio la bienvenida a la Copa Mundial de F\u00fatbol Rusia 2018 con la inauguraci\u00f3n del Zocafut CDMX en el Z\u00f3calo capitalino, donde hay una pantalla gigante para presenciar los encuentros, as\u00ed como exhibiciones culturales y diversas actividades relacionadas con este deporte.<\/p>\n<p>De esta manera, los ciudadanos amantes del f\u00fatbol podr\u00e1n ver en el coraz\u00f3n de la capital los 30 encuentros que iniciaron este jueves y hasta el pr\u00f3ximo domingo 15 de julio, incluidos los encuentros de la Selecci\u00f3n Mexicana, de 06:00 a 19:00 horas.<\/p>\n<p>El titular del Deporte, Horacio de la Vega, inform\u00f3 que las transmisiones de los partidos en la pantalla gigante comenzar\u00e1n desde las 9:00 de la ma\u00f1ana, dependiendo de la programaci\u00f3n de los encuentros, en tanto que las actividades y retos de futbol comenzar\u00e1n una hora m\u00e1s tarde.<\/p>\n<p>El Jefe\u00a0 de Gobierno, Jos\u00e9 Ram\u00f3n Amieva, indic\u00f3 que adem\u00e1s de las actividades deportivas, habr\u00e1 muestras culturales como una exhibici\u00f3n de balones y zapatos de f\u00fatbol gigantes intervenidas por artistas mexicanos, as\u00ed como un museo alusivo a las copas mundiales.<\/p>\n<p>\u201cLo que significa es conjuntar un deporte con el arte,\u00a0 generar una expresi\u00f3n del arte huichol, podr\u00e1n ver los balones que ser\u00e1n exhibidos en el Z\u00f3calo y Paseo de la Reforma\u201d, anot\u00f3.<\/p>\n<p>Y mientras que en el Z\u00f3calo capitalino habr\u00e1 pantallas gigantes, de igual manera en la Macroplaza Cuitl\u00e1huac en Iztapalpa , Parque de los Venados, Alameda Sur, en la explanada de las delegaciones Iztacalco, Miguel Hidalgo y Venustiano Carranza.<\/p>\n<p>En el Antiguo Palacio del Ayuntamiento, el mandatario capitalino se\u00f1al\u00f3 que con las actividades que tendr\u00e1n lugar estos d\u00edas, la Ciudad de M\u00e9xico va a estar a la altura de este gran encuentro mundial, \u201cpara que podamos estar acompa\u00f1ando a nuestra Selecci\u00f3n, a trav\u00e9s del apoyo de sus aficionadas y aficionados. Se trata de que sea un sitio de exposici\u00f3n interactiva, que se disfrute, que se goce, que se participe en todo lo que tenemos\u201d.<\/p>\n<p>Para salvaguardar la seguridad de los asistentes se contar\u00e1n con la participaci\u00f3n de la Secretar\u00eda de Seguridad P\u00fablica capitalina, Centros de Comando y Control (C2) y servicios de emergencia.<\/p>\n","protected":false},"excerpt":{"rendered":"<p>La Ciudad de M\u00e9xico dio la bienvenida a la Copa Mundial de F\u00fatbol Rusia 2018 con la inauguraci\u00f3n del Zocafut&#8230;<\/p>\n","protected":false},"author":1,"featured_media":0,"comment_status":"closed","ping_status":"open","sticky":false,"template":"","format":"standard","meta":{"footnotes":""},"categories":[1],"tags":[],"class_list":["post-93500","post","type-post","status-publish","format-standard","hentry","category-uncategorized"],"yoast_head":"<!-- This site is optimized with the Yoast SEO plugin v26.5 - https:\/\/yoast.com\/wordpress\/plugins\/seo\/ -->\n<title>La CDMX se une a la fiesta del F\u00fatbol con actividades del \u201cZocafut\u201d - NOTICIAS<\/title>\n<meta name=\"robots\" content=\"index, follow, max-snippet:-1, max-image-preview:large, max-video-preview:-1\" \/>\n<link rel=\"canonical\" href=\"https:\/\/laredsocial-noticias.com\/wp\/la-cdmx-se-une-a-la-fiesta-del-futbol-con-actividades-del-zocafut\/\" \/>\n<meta property=\"og:locale\" content=\"es_ES\" \/>\n<meta property=\"og:type\" content=\"article\" \/>\n<meta property=\"og:title\" content=\"La CDMX se une a la fiesta del F\u00fatbol con actividades del \u201cZocafut\u201d - NOTICIAS\" \/>\n<meta property=\"og:description\" content=\"La Ciudad de M\u00e9xico dio la bienvenida a la Copa Mundial de F\u00fatbol Rusia 2018 con la inauguraci\u00f3n del Zocafut...\" \/>\n<meta property=\"og:url\" content=\"https:\/\/laredsocial-noticias.com\/wp\/la-cdmx-se-une-a-la-fiesta-del-futbol-con-actividades-del-zocafut\/\" \/>\n<meta property=\"og:site_name\" content=\"NOTICIAS\" \/>\n<meta property=\"article:published_time\" content=\"2018-06-14T21:23:02+00:00\" \/>\n<meta property=\"og:image\" content=\"https:\/\/laredsocial-noticias.com\/wp\/wp-content\/uploads\/2018\/06\/Pantallas-en-el-Z\u00f3calo.jpg\" \/>\n\t<meta property=\"og:image:width\" content=\"290\" \/>\n\t<meta property=\"og:image:height\" content=\"174\" \/>\n\t<meta property=\"og:image:type\" content=\"image\/jpeg\" \/>\n<meta name=\"author\" content=\"Editor en Jefe\" \/>\n<meta name=\"twitter:card\" content=\"summary_large_image\" \/>\n<meta name=\"twitter:label1\" content=\"Escrito por\" \/>\n\t<meta name=\"twitter:data1\" content=\"Editor en Jefe\" \/>\n\t<meta name=\"twitter:label2\" content=\"Tiempo de lectura\" \/>\n\t<meta name=\"twitter:data2\" content=\"2 minutos\" \/>\n<!-- \/ Yoast SEO plugin. -->","yoast_head_json":{"title":"La CDMX se une a la fiesta del F\u00fatbol con actividades del \u201cZocafut\u201d - NOTICIAS","robots":{"index":"index","follow":"follow","max-snippet":"max-snippet:-1","max-image-preview":"max-image-preview:large","max-video-preview":"max-video-preview:-1"},"canonical":"https:\/\/laredsocial-noticias.com\/wp\/la-cdmx-se-une-a-la-fiesta-del-futbol-con-actividades-del-zocafut\/","og_locale":"es_ES","og_type":"article","og_title":"La CDMX se une a la fiesta del F\u00fatbol con actividades del \u201cZocafut\u201d - NOTICIAS","og_description":"La Ciudad de M\u00e9xico dio la bienvenida a la Copa Mundial de F\u00fatbol Rusia 2018 con la inauguraci\u00f3n del Zocafut...","og_url":"https:\/\/laredsocial-noticias.com\/wp\/la-cdmx-se-une-a-la-fiesta-del-futbol-con-actividades-del-zocafut\/","og_site_name":"NOTICIAS","article_published_time":"2018-06-14T21:23:02+00:00","og_image":[{"width":290,"height":174,"url":"https:\/\/laredsocial-noticias.com\/wp\/wp-content\/uploads\/2018\/06\/Pantallas-en-el-Z\u00f3calo.jpg","type":"image\/jpeg"}],"author":"Editor en Jefe","twitter_card":"summary_large_image","twitter_misc":{"Escrito por":"Editor en Jefe","Tiempo de lectura":"2 minutos"},"schema":{"@context":"https:\/\/schema.org","@graph":[{"@type":"WebPage","@id":"https:\/\/laredsocial-noticias.com\/wp\/la-cdmx-se-une-a-la-fiesta-del-futbol-con-actividades-del-zocafut\/","url":"https:\/\/laredsocial-noticias.com\/wp\/la-cdmx-se-une-a-la-fiesta-del-futbol-con-actividades-del-zocafut\/","name":"La CDMX se une a la fiesta del F\u00fatbol con actividades del \u201cZocafut\u201d - NOTICIAS","isPartOf":{"@id":"https:\/\/laredsocial-noticias.com\/wp\/#website"},"datePublished":"2018-06-14T21:23:02+00:00","author":{"@id":"https:\/\/laredsocial-noticias.com\/wp\/#\/schema\/person\/0ce78643f2de7aae6f6ef10e8453a6e0"},"breadcrumb":{"@id":"https:\/\/laredsocial-noticias.com\/wp\/la-cdmx-se-une-a-la-fiesta-del-futbol-con-actividades-del-zocafut\/#breadcrumb"},"inLanguage":"es","potentialAction":[{"@type":"ReadAction","target":["https:\/\/laredsocial-noticias.com\/wp\/la-cdmx-se-une-a-la-fiesta-del-futbol-con-actividades-del-zocafut\/"]}]},{"@type":"BreadcrumbList","@id":"https:\/\/laredsocial-noticias.com\/wp\/la-cdmx-se-une-a-la-fiesta-del-futbol-con-actividades-del-zocafut\/#breadcrumb","itemListElement":[{"@type":"ListItem","position":1,"name":"Portada","item":"https:\/\/laredsocial-noticias.com\/wp\/"},{"@type":"ListItem","position":2,"name":"La CDMX se une a la fiesta del F\u00fatbol con actividades del \u201cZocafut\u201d"}]},{"@type":"WebSite","@id":"https:\/\/laredsocial-noticias.com\/wp\/#website","url":"https:\/\/laredsocial-noticias.com\/wp\/","name":"NOTICIAS","description":"Lo que se ve y se dice en las redes sociales","potentialAction":[{"@type":"SearchAction","target":{"@type":"EntryPoint","urlTemplate":"https:\/\/laredsocial-noticias.com\/wp\/?s={search_term_string}"},"query-input":{"@type":"PropertyValueSpecification","valueRequired":true,"valueName":"search_term_string"}}],"inLanguage":"es"},{"@type":"Person","@id":"https:\/\/laredsocial-noticias.com\/wp\/#\/schema\/person\/0ce78643f2de7aae6f6ef10e8453a6e0","name":"Editor en Jefe","url":"https:\/\/laredsocial-noticias.com\/wp\/author\/jorgeochoa\/"}]}},"_links":{"self":[{"href":"https:\/\/laredsocial-noticias.com\/wp\/wp-json\/wp\/v2\/posts\/93500","targetHints":{"allow":["GET"]}}],"collection":[{"href":"https:\/\/laredsocial-noticias.com\/wp\/wp-json\/wp\/v2\/posts"}],"about":[{"href":"https:\/\/laredsocial-noticias.com\/wp\/wp-json\/wp\/v2\/types\/post"}],"author":[{"embeddable":true,"href":"https:\/\/laredsocial-noticias.com\/wp\/wp-json\/wp\/v2\/users\/1"}],"replies":[{"embeddable":true,"href":"https:\/\/laredsocial-noticias.com\/wp\/wp-json\/wp\/v2\/comments?post=93500"}],"version-history":[{"count":1,"href":"https:\/\/laredsocial-noticias.com\/wp\/wp-json\/wp\/v2\/posts\/93500\/revisions"}],"predecessor-version":[{"id":93501,"href":"https:\/\/laredsocial-noticias.com\/wp\/wp-json\/wp\/v2\/posts\/93500\/revisions\/93501"}],"wp:attachment":[{"href":"https:\/\/laredsocial-noticias.com\/wp\/wp-json\/wp\/v2\/media?parent=93500"}],"wp:term":[{"taxonomy":"category","embeddable":true,"href":"https:\/\/laredsocial-noticias.com\/wp\/wp-json\/wp\/v2\/categories?post=93500"},{"taxonomy":"post_tag","embeddable":true,"href":"https:\/\/laredsocial-noticias.com\/wp\/wp-json\/wp\/v2\/tags?post=93500"}],"curies":[{"name":"wp","href":"https:\/\/api.w.org\/{rel}","templated":true}]}}