{"id":94017,"date":"2018-07-04T17:20:20","date_gmt":"2018-07-04T22:20:20","guid":{"rendered":"http:\/\/laredsocial-noticias.com\/wp\/?p=94017"},"modified":"2018-07-04T17:20:20","modified_gmt":"2018-07-04T22:20:20","slug":"verificentros-no-operan-con-normalidad-amieva-galvez","status":"publish","type":"post","link":"https:\/\/laredsocial-noticias.com\/wp\/verificentros-no-operan-con-normalidad-amieva-galvez\/","title":{"rendered":"Verificentros no operan con normalidad: Amieva G\u00e1lvez"},"content":{"rendered":"<p><a href=\"http:\/\/laredsocial-noticias.com\/wp\/wp-content\/uploads\/2018\/07\/Temporada-de-lluvias.jpg\"><img loading=\"lazy\" decoding=\"async\" class=\"alignnone size-medium wp-image-94018\" src=\"http:\/\/laredsocial-noticias.com\/wp\/wp-content\/uploads\/2018\/07\/Temporada-de-lluvias-225x300.jpg\" alt=\"\" width=\"225\" height=\"300\" \/><\/a><\/p>\n<p><strong>Por Ana Mar\u00eda Lozada<\/strong><\/p>\n<p>El Gobierno de la Ciudad de M\u00e9xico aplicar\u00e1 sanciones a aquellos verificentros que operan con deficiencias porque demoran m\u00e1s de una hora el servicio, adem\u00e1s de han sido desplegadas unidades ambientales para evitar que se pida dinero para \u201csaltar\u201d el tr\u00e1mite de verificaci\u00f3n.<\/p>\n<p>Su titular, Jos\u00e9 Ram\u00f3n Amieva G\u00e1lvez, se\u00f1al\u00f3 que si alg\u00fan verificentro no est\u00e1 operando por no tener las condiciones adecuadas para el sistema ser\u00e1 sancionado, al igual que no est\u00e9 funcionando por causa de alguna responsabilidad de alguno de los servidores p\u00fablicos,<\/p>\n<p>Ante esta situaci\u00f3n, indic\u00f3 que la Contralor\u00eda capitalina har\u00e1 que estos centros funcionen y lo hagan bien.<\/p>\n<p>\u201cEs verdaderamente muy penoso que una persona llegue a una cita y se le tenga que reagendar porque no tiene acceso a algo para lo cual dispuso de su tiempo. Entonces, como podr\u00e1n ver ya tenemos a la Contralor\u00eda, para que todo mundo se ponga a trabajar y trabaje bien, y tenemos afuera a las unidades de Medio Ambiente para que si alguien se acerca para tratar de enga\u00f1ar \u00a1Porque es un enga\u00f1o!, pues sean debidamente remitidos\u201d, resalt\u00f3.<\/p>\n<p>Entrevistado luego del arranque de la Brigada de Apoyo durante la Temporada de Lluvias 2018, el funcionario capitalino adelant\u00f3 que las primeras sanciones ser\u00e1n para aquellos que no pudieron iniciar en tiempo, aunque estas se actualizar\u00e1n por cada hora de atraso al automovilista.<\/p>\n<p>\u201cLas sanciones siguen corriendo hasta que funcionen plenamente, hasta llegar a alguna determinaci\u00f3n que debemos tomar, espero que no\u201d, dijo.<\/p>\n<p>Amieva inform\u00f3 que en el tercer d\u00eda de puesto en operaci\u00f3n el programa de Verificaci\u00f3n vehicular, funcionan 43 centros de verificaci\u00f3n, por lo que reiter\u00f3 adem\u00e1s que hay unidades de la Secretar\u00eda del Medio Ambiente para remitir ante el Ministerio P\u00fablico a aquellas que se dicen mec\u00e1nico, entregan tarjetas s\u00f3lo para ofrecer lo que llaman \u201cellos el brinco, el sato a la verificaci\u00f3n\u201d.<\/p>\n","protected":false},"excerpt":{"rendered":"<p>Por Ana Mar\u00eda Lozada El Gobierno de la Ciudad de M\u00e9xico aplicar\u00e1 sanciones a aquellos verificentros que operan con deficiencias&#8230;<\/p>\n","protected":false},"author":1,"featured_media":0,"comment_status":"closed","ping_status":"open","sticky":false,"template":"","format":"standard","meta":{"footnotes":""},"categories":[1],"tags":[],"class_list":["post-94017","post","type-post","status-publish","format-standard","hentry","category-uncategorized"],"yoast_head":"<!-- This site is optimized with the Yoast SEO plugin v26.5 - https:\/\/yoast.com\/wordpress\/plugins\/seo\/ -->\n<title>Verificentros no operan con normalidad: Amieva G\u00e1lvez - NOTICIAS<\/title>\n<meta name=\"robots\" content=\"index, follow, max-snippet:-1, max-image-preview:large, max-video-preview:-1\" \/>\n<link rel=\"canonical\" href=\"https:\/\/laredsocial-noticias.com\/wp\/verificentros-no-operan-con-normalidad-amieva-galvez\/\" \/>\n<meta property=\"og:locale\" content=\"es_ES\" \/>\n<meta property=\"og:type\" content=\"article\" \/>\n<meta property=\"og:title\" content=\"Verificentros no operan con normalidad: Amieva G\u00e1lvez - NOTICIAS\" \/>\n<meta property=\"og:description\" content=\"Por Ana Mar\u00eda Lozada El Gobierno de la Ciudad de M\u00e9xico aplicar\u00e1 sanciones a aquellos verificentros que operan con deficiencias...\" \/>\n<meta property=\"og:url\" content=\"https:\/\/laredsocial-noticias.com\/wp\/verificentros-no-operan-con-normalidad-amieva-galvez\/\" \/>\n<meta property=\"og:site_name\" content=\"NOTICIAS\" \/>\n<meta property=\"article:published_time\" content=\"2018-07-04T22:20:20+00:00\" \/>\n<meta property=\"og:image\" content=\"https:\/\/laredsocial-noticias.com\/wp\/wp-content\/uploads\/2018\/07\/Temporada-de-lluvias.jpg\" \/>\n\t<meta property=\"og:image:width\" content=\"780\" \/>\n\t<meta property=\"og:image:height\" content=\"1040\" \/>\n\t<meta property=\"og:image:type\" content=\"image\/jpeg\" \/>\n<meta name=\"author\" content=\"Editor en Jefe\" \/>\n<meta name=\"twitter:card\" content=\"summary_large_image\" \/>\n<meta name=\"twitter:label1\" content=\"Escrito por\" \/>\n\t<meta name=\"twitter:data1\" content=\"Editor en Jefe\" \/>\n\t<meta name=\"twitter:label2\" content=\"Tiempo de lectura\" \/>\n\t<meta name=\"twitter:data2\" content=\"2 minutos\" \/>\n<!-- \/ Yoast SEO plugin. -->","yoast_head_json":{"title":"Verificentros no operan con normalidad: Amieva G\u00e1lvez - NOTICIAS","robots":{"index":"index","follow":"follow","max-snippet":"max-snippet:-1","max-image-preview":"max-image-preview:large","max-video-preview":"max-video-preview:-1"},"canonical":"https:\/\/laredsocial-noticias.com\/wp\/verificentros-no-operan-con-normalidad-amieva-galvez\/","og_locale":"es_ES","og_type":"article","og_title":"Verificentros no operan con normalidad: Amieva G\u00e1lvez - NOTICIAS","og_description":"Por Ana Mar\u00eda Lozada El Gobierno de la Ciudad de M\u00e9xico aplicar\u00e1 sanciones a aquellos verificentros que operan con deficiencias...","og_url":"https:\/\/laredsocial-noticias.com\/wp\/verificentros-no-operan-con-normalidad-amieva-galvez\/","og_site_name":"NOTICIAS","article_published_time":"2018-07-04T22:20:20+00:00","og_image":[{"width":780,"height":1040,"url":"https:\/\/laredsocial-noticias.com\/wp\/wp-content\/uploads\/2018\/07\/Temporada-de-lluvias.jpg","type":"image\/jpeg"}],"author":"Editor en Jefe","twitter_card":"summary_large_image","twitter_misc":{"Escrito por":"Editor en Jefe","Tiempo de lectura":"2 minutos"},"schema":{"@context":"https:\/\/schema.org","@graph":[{"@type":"WebPage","@id":"https:\/\/laredsocial-noticias.com\/wp\/verificentros-no-operan-con-normalidad-amieva-galvez\/","url":"https:\/\/laredsocial-noticias.com\/wp\/verificentros-no-operan-con-normalidad-amieva-galvez\/","name":"Verificentros no operan con normalidad: Amieva G\u00e1lvez - NOTICIAS","isPartOf":{"@id":"https:\/\/laredsocial-noticias.com\/wp\/#website"},"primaryImageOfPage":{"@id":"https:\/\/laredsocial-noticias.com\/wp\/verificentros-no-operan-con-normalidad-amieva-galvez\/#primaryimage"},"image":{"@id":"https:\/\/laredsocial-noticias.com\/wp\/verificentros-no-operan-con-normalidad-amieva-galvez\/#primaryimage"},"thumbnailUrl":"http:\/\/laredsocial-noticias.com\/wp\/wp-content\/uploads\/2018\/07\/Temporada-de-lluvias-225x300.jpg","datePublished":"2018-07-04T22:20:20+00:00","author":{"@id":"https:\/\/laredsocial-noticias.com\/wp\/#\/schema\/person\/0ce78643f2de7aae6f6ef10e8453a6e0"},"breadcrumb":{"@id":"https:\/\/laredsocial-noticias.com\/wp\/verificentros-no-operan-con-normalidad-amieva-galvez\/#breadcrumb"},"inLanguage":"es","potentialAction":[{"@type":"ReadAction","target":["https:\/\/laredsocial-noticias.com\/wp\/verificentros-no-operan-con-normalidad-amieva-galvez\/"]}]},{"@type":"ImageObject","inLanguage":"es","@id":"https:\/\/laredsocial-noticias.com\/wp\/verificentros-no-operan-con-normalidad-amieva-galvez\/#primaryimage","url":"","contentUrl":""},{"@type":"BreadcrumbList","@id":"https:\/\/laredsocial-noticias.com\/wp\/verificentros-no-operan-con-normalidad-amieva-galvez\/#breadcrumb","itemListElement":[{"@type":"ListItem","position":1,"name":"Portada","item":"https:\/\/laredsocial-noticias.com\/wp\/"},{"@type":"ListItem","position":2,"name":"Verificentros no operan con normalidad: Amieva G\u00e1lvez"}]},{"@type":"WebSite","@id":"https:\/\/laredsocial-noticias.com\/wp\/#website","url":"https:\/\/laredsocial-noticias.com\/wp\/","name":"NOTICIAS","description":"Lo que se ve y se dice en las redes sociales","potentialAction":[{"@type":"SearchAction","target":{"@type":"EntryPoint","urlTemplate":"https:\/\/laredsocial-noticias.com\/wp\/?s={search_term_string}"},"query-input":{"@type":"PropertyValueSpecification","valueRequired":true,"valueName":"search_term_string"}}],"inLanguage":"es"},{"@type":"Person","@id":"https:\/\/laredsocial-noticias.com\/wp\/#\/schema\/person\/0ce78643f2de7aae6f6ef10e8453a6e0","name":"Editor en Jefe","url":"https:\/\/laredsocial-noticias.com\/wp\/author\/jorgeochoa\/"}]}},"_links":{"self":[{"href":"https:\/\/laredsocial-noticias.com\/wp\/wp-json\/wp\/v2\/posts\/94017","targetHints":{"allow":["GET"]}}],"collection":[{"href":"https:\/\/laredsocial-noticias.com\/wp\/wp-json\/wp\/v2\/posts"}],"about":[{"href":"https:\/\/laredsocial-noticias.com\/wp\/wp-json\/wp\/v2\/types\/post"}],"author":[{"embeddable":true,"href":"https:\/\/laredsocial-noticias.com\/wp\/wp-json\/wp\/v2\/users\/1"}],"replies":[{"embeddable":true,"href":"https:\/\/laredsocial-noticias.com\/wp\/wp-json\/wp\/v2\/comments?post=94017"}],"version-history":[{"count":1,"href":"https:\/\/laredsocial-noticias.com\/wp\/wp-json\/wp\/v2\/posts\/94017\/revisions"}],"predecessor-version":[{"id":94019,"href":"https:\/\/laredsocial-noticias.com\/wp\/wp-json\/wp\/v2\/posts\/94017\/revisions\/94019"}],"wp:attachment":[{"href":"https:\/\/laredsocial-noticias.com\/wp\/wp-json\/wp\/v2\/media?parent=94017"}],"wp:term":[{"taxonomy":"category","embeddable":true,"href":"https:\/\/laredsocial-noticias.com\/wp\/wp-json\/wp\/v2\/categories?post=94017"},{"taxonomy":"post_tag","embeddable":true,"href":"https:\/\/laredsocial-noticias.com\/wp\/wp-json\/wp\/v2\/tags?post=94017"}],"curies":[{"name":"wp","href":"https:\/\/api.w.org\/{rel}","templated":true}]}}