{"id":94836,"date":"2018-07-21T07:56:08","date_gmt":"2018-07-21T12:56:08","guid":{"rendered":"http:\/\/laredsocial-noticias.com\/wp\/?p=94836"},"modified":"2018-07-21T07:56:08","modified_gmt":"2018-07-21T12:56:08","slug":"multan-a-secretarios-de-defensa-y-marina","status":"publish","type":"post","link":"https:\/\/laredsocial-noticias.com\/wp\/multan-a-secretarios-de-defensa-y-marina\/","title":{"rendered":"Multan a Secretarios de Defensa y Marina"},"content":{"rendered":"<p><img loading=\"lazy\" decoding=\"async\" class=\"alignleft size-full wp-image-49286\" src=\"http:\/\/laredsocial-noticias.com\/wp\/wp-content\/uploads\/2017\/02\/Titulares-de-Marina-y-SEDENA1.jpg\" alt=\"\" width=\"600\" height=\"330\" \/><\/p>\n<p>M\u00e9xico.- Los titulares de la Marina Armada de M\u00e9xico (Semar), Francisco Sober\u00f3n, y de la Defensa Nacional (Sedena), Salvador Cienfuegos, se har\u00e1n acreedores a unas multas por determinaciones de jueces, informa hoy el portal SDP.<\/p>\n<p>Karla Mac\u00edas Lovera, jueza Novena de Distrito en Guanajuato, impuso a Sober\u00f3n cinco multas que suman 40 mil 300 pesos, porque no rindi\u00f3 todos los informes sobre un presunto caso de desaparici\u00f3n forzada en Nuevo Laredo, Tamaulipas, que tuvieron lugar en mayo.<\/p>\n<p>La Oficina del Alto Comisionado de la Organizaci\u00f3n de las Naciones Unidas (ONU) para Derechos Humanos realiz\u00f3 una serie de denuncias al respecto.<\/p>\n<p>La jueza, orden\u00f3 que se remitiera copia certificada de la bit\u00e1cora de los operativos que se llevaron a cabo en el momento de la desaparici\u00f3n de las personas.<\/p>\n<p>De acuerdo con <i>Reforma<\/i>, el titular de la Semar ha promovido varios amparos para impugnar el cobro de las multas, que corresponde al SAT.<\/p>\n<p>En tanto, otra juez determin\u00f3 que Cienfuegos debe ser multado con 8 mil 60 pesos por no presentarse a declarar en calidad de testigo a un militar requerido en un proceso penal.<\/p>\n<p>En este caso, al general se le concedi\u00f3 el amparo que solicit\u00f3.<\/p>\n","protected":false},"excerpt":{"rendered":"<p>M\u00e9xico.- Los titulares de la Marina Armada de M\u00e9xico (Semar), Francisco Sober\u00f3n, y de la Defensa Nacional (Sedena), Salvador Cienfuegos,&#8230;<\/p>\n","protected":false},"author":1,"featured_media":0,"comment_status":"closed","ping_status":"open","sticky":false,"template":"","format":"standard","meta":{"footnotes":""},"categories":[3716,13],"tags":[],"class_list":["post-94836","post","type-post","status-publish","format-standard","hentry","category-seguridad-interior","category-seguridad-nacional"],"yoast_head":"<!-- This site is optimized with the Yoast SEO plugin v26.5 - https:\/\/yoast.com\/wordpress\/plugins\/seo\/ -->\n<title>Multan a Secretarios de Defensa y Marina - NOTICIAS<\/title>\n<meta name=\"robots\" content=\"index, follow, max-snippet:-1, max-image-preview:large, max-video-preview:-1\" \/>\n<link rel=\"canonical\" href=\"https:\/\/laredsocial-noticias.com\/wp\/multan-a-secretarios-de-defensa-y-marina\/\" \/>\n<meta property=\"og:locale\" content=\"es_ES\" \/>\n<meta property=\"og:type\" content=\"article\" \/>\n<meta property=\"og:title\" content=\"Multan a Secretarios de Defensa y Marina - NOTICIAS\" \/>\n<meta property=\"og:description\" content=\"M\u00e9xico.- Los titulares de la Marina Armada de M\u00e9xico (Semar), Francisco Sober\u00f3n, y de la Defensa Nacional (Sedena), Salvador Cienfuegos,...\" \/>\n<meta property=\"og:url\" content=\"https:\/\/laredsocial-noticias.com\/wp\/multan-a-secretarios-de-defensa-y-marina\/\" \/>\n<meta property=\"og:site_name\" content=\"NOTICIAS\" \/>\n<meta property=\"article:published_time\" content=\"2018-07-21T12:56:08+00:00\" \/>\n<meta property=\"og:image\" content=\"https:\/\/laredsocial-noticias.com\/wp\/wp-content\/uploads\/2017\/02\/Titulares-de-Marina-y-SEDENA1.jpg\" \/>\n\t<meta property=\"og:image:width\" content=\"600\" \/>\n\t<meta property=\"og:image:height\" content=\"330\" \/>\n\t<meta property=\"og:image:type\" content=\"image\/jpeg\" \/>\n<meta name=\"author\" content=\"Editor en Jefe\" \/>\n<meta name=\"twitter:card\" content=\"summary_large_image\" \/>\n<meta name=\"twitter:label1\" content=\"Escrito por\" \/>\n\t<meta name=\"twitter:data1\" content=\"Editor en Jefe\" \/>\n\t<meta name=\"twitter:label2\" content=\"Tiempo de lectura\" \/>\n\t<meta name=\"twitter:data2\" content=\"1 minuto\" \/>\n<!-- \/ Yoast SEO plugin. -->","yoast_head_json":{"title":"Multan a Secretarios de Defensa y Marina - NOTICIAS","robots":{"index":"index","follow":"follow","max-snippet":"max-snippet:-1","max-image-preview":"max-image-preview:large","max-video-preview":"max-video-preview:-1"},"canonical":"https:\/\/laredsocial-noticias.com\/wp\/multan-a-secretarios-de-defensa-y-marina\/","og_locale":"es_ES","og_type":"article","og_title":"Multan a Secretarios de Defensa y Marina - NOTICIAS","og_description":"M\u00e9xico.- Los titulares de la Marina Armada de M\u00e9xico (Semar), Francisco Sober\u00f3n, y de la Defensa Nacional (Sedena), Salvador Cienfuegos,...","og_url":"https:\/\/laredsocial-noticias.com\/wp\/multan-a-secretarios-de-defensa-y-marina\/","og_site_name":"NOTICIAS","article_published_time":"2018-07-21T12:56:08+00:00","og_image":[{"width":600,"height":330,"url":"https:\/\/laredsocial-noticias.com\/wp\/wp-content\/uploads\/2017\/02\/Titulares-de-Marina-y-SEDENA1.jpg","type":"image\/jpeg"}],"author":"Editor en Jefe","twitter_card":"summary_large_image","twitter_misc":{"Escrito por":"Editor en Jefe","Tiempo de lectura":"1 minuto"},"schema":{"@context":"https:\/\/schema.org","@graph":[{"@type":"WebPage","@id":"https:\/\/laredsocial-noticias.com\/wp\/multan-a-secretarios-de-defensa-y-marina\/","url":"https:\/\/laredsocial-noticias.com\/wp\/multan-a-secretarios-de-defensa-y-marina\/","name":"Multan a Secretarios de Defensa y Marina - NOTICIAS","isPartOf":{"@id":"https:\/\/laredsocial-noticias.com\/wp\/#website"},"primaryImageOfPage":{"@id":"https:\/\/laredsocial-noticias.com\/wp\/multan-a-secretarios-de-defensa-y-marina\/#primaryimage"},"image":{"@id":"https:\/\/laredsocial-noticias.com\/wp\/multan-a-secretarios-de-defensa-y-marina\/#primaryimage"},"thumbnailUrl":"http:\/\/laredsocial-noticias.com\/wp\/wp-content\/uploads\/2017\/02\/Titulares-de-Marina-y-SEDENA1.jpg","datePublished":"2018-07-21T12:56:08+00:00","author":{"@id":"https:\/\/laredsocial-noticias.com\/wp\/#\/schema\/person\/0ce78643f2de7aae6f6ef10e8453a6e0"},"breadcrumb":{"@id":"https:\/\/laredsocial-noticias.com\/wp\/multan-a-secretarios-de-defensa-y-marina\/#breadcrumb"},"inLanguage":"es","potentialAction":[{"@type":"ReadAction","target":["https:\/\/laredsocial-noticias.com\/wp\/multan-a-secretarios-de-defensa-y-marina\/"]}]},{"@type":"ImageObject","inLanguage":"es","@id":"https:\/\/laredsocial-noticias.com\/wp\/multan-a-secretarios-de-defensa-y-marina\/#primaryimage","url":"","contentUrl":""},{"@type":"BreadcrumbList","@id":"https:\/\/laredsocial-noticias.com\/wp\/multan-a-secretarios-de-defensa-y-marina\/#breadcrumb","itemListElement":[{"@type":"ListItem","position":1,"name":"Portada","item":"https:\/\/laredsocial-noticias.com\/wp\/"},{"@type":"ListItem","position":2,"name":"Multan a Secretarios de Defensa y Marina"}]},{"@type":"WebSite","@id":"https:\/\/laredsocial-noticias.com\/wp\/#website","url":"https:\/\/laredsocial-noticias.com\/wp\/","name":"NOTICIAS","description":"Lo que se ve y se dice en las redes sociales","potentialAction":[{"@type":"SearchAction","target":{"@type":"EntryPoint","urlTemplate":"https:\/\/laredsocial-noticias.com\/wp\/?s={search_term_string}"},"query-input":{"@type":"PropertyValueSpecification","valueRequired":true,"valueName":"search_term_string"}}],"inLanguage":"es"},{"@type":"Person","@id":"https:\/\/laredsocial-noticias.com\/wp\/#\/schema\/person\/0ce78643f2de7aae6f6ef10e8453a6e0","name":"Editor en Jefe","url":"https:\/\/laredsocial-noticias.com\/wp\/author\/jorgeochoa\/"}]}},"_links":{"self":[{"href":"https:\/\/laredsocial-noticias.com\/wp\/wp-json\/wp\/v2\/posts\/94836","targetHints":{"allow":["GET"]}}],"collection":[{"href":"https:\/\/laredsocial-noticias.com\/wp\/wp-json\/wp\/v2\/posts"}],"about":[{"href":"https:\/\/laredsocial-noticias.com\/wp\/wp-json\/wp\/v2\/types\/post"}],"author":[{"embeddable":true,"href":"https:\/\/laredsocial-noticias.com\/wp\/wp-json\/wp\/v2\/users\/1"}],"replies":[{"embeddable":true,"href":"https:\/\/laredsocial-noticias.com\/wp\/wp-json\/wp\/v2\/comments?post=94836"}],"version-history":[{"count":1,"href":"https:\/\/laredsocial-noticias.com\/wp\/wp-json\/wp\/v2\/posts\/94836\/revisions"}],"predecessor-version":[{"id":94837,"href":"https:\/\/laredsocial-noticias.com\/wp\/wp-json\/wp\/v2\/posts\/94836\/revisions\/94837"}],"wp:attachment":[{"href":"https:\/\/laredsocial-noticias.com\/wp\/wp-json\/wp\/v2\/media?parent=94836"}],"wp:term":[{"taxonomy":"category","embeddable":true,"href":"https:\/\/laredsocial-noticias.com\/wp\/wp-json\/wp\/v2\/categories?post=94836"},{"taxonomy":"post_tag","embeddable":true,"href":"https:\/\/laredsocial-noticias.com\/wp\/wp-json\/wp\/v2\/tags?post=94836"}],"curies":[{"name":"wp","href":"https:\/\/api.w.org\/{rel}","templated":true}]}}