{"id":94869,"date":"2018-07-21T21:12:11","date_gmt":"2018-07-22T02:12:11","guid":{"rendered":"http:\/\/laredsocial-noticias.com\/wp\/?p=94869"},"modified":"2018-07-21T21:12:13","modified_gmt":"2018-07-22T02:12:13","slug":"integrantes-de-fideicomiso-por-los-demas-se-deslindan-de-morena","status":"publish","type":"post","link":"https:\/\/laredsocial-noticias.com\/wp\/integrantes-de-fideicomiso-por-los-demas-se-deslindan-de-morena\/","title":{"rendered":"Integrantes de Fideicomiso Por los Dem\u00e1s se deslindan de Morena"},"content":{"rendered":"<p class=\"p1\">Aunque se declararon morenistas, integrantes del Comit\u00e9 T\u00e9cnico del Fideicomiso Por los Dem\u00e1s, deslindaron a Morena de la operaci\u00f3n y manejo de recursos del ente creado para ayudar a damnificados del sismo del a\u00f1o pasado, y lamentaron la sanci\u00f3n del\u00a0INE a dicho instituto pol\u00edtico.<\/p>\n<p>En conferencia de prensa,\u00a0los miembros del fideicomiso Pedro Miguel, Laura Esquivel, Julio Scherer Ibarra, Jesusa Rodr\u00edguez y Bertha Maldonado, aclararon que se trata de un fideicomiso que cuenta con toda la documentaci\u00f3n de las donaciones que recibieron y que al momento ha reunido 85 millones 793 mil 509 pesos.<\/p>\n<p>El Comit\u00e9 del Fideicomiso Por los Dem\u00e1s tambi\u00e9n present\u00f3 m\u00e1s de 50 cajas con documentaci\u00f3n de los 27 mil 288 apoyos de dos mil 400 pesos entregados hasta el momento en los estados de Oaxaca, Chiapas, Guerrero, Ciudad de M\u00e9xico, M\u00e9xico, Puebla y Morelos.<\/p>\n<p>Pedro Miguel refiri\u00f3 que luego de que el Instituto Nacional Electoral (INE) les indic\u00f3 que\u00a0Morena \u201cno pod\u00eda donar porque no estaba permitido\u201d, buscaron hacer un fideicomiso privado, con aportaciones de legisladores, alcaldes y militantes, por lo que \u201cno hubo simulaci\u00f3n de alg\u00fan tipo\u201d.<\/p>\n","protected":false},"excerpt":{"rendered":"<p>Aunque se declararon morenistas, integrantes del Comit\u00e9 T\u00e9cnico del Fideicomiso Por los Dem\u00e1s, deslindaron a Morena de la operaci\u00f3n y&#8230;<\/p>\n","protected":false},"author":1,"featured_media":0,"comment_status":"open","ping_status":"closed","sticky":false,"template":"","format":"standard","meta":{"footnotes":""},"categories":[78,1726,2801,6026,73],"tags":[6064,611],"class_list":["post-94869","post","type-post","status-publish","format-standard","hentry","category-nacional","category-nacionales","category-politica","category-portada","category-principal","tag-fideicomiso","tag-morena"],"yoast_head":"<!-- This site is optimized with the Yoast SEO plugin v26.5 - https:\/\/yoast.com\/wordpress\/plugins\/seo\/ -->\n<title>Integrantes de Fideicomiso Por los Dem\u00e1s se deslindan de Morena - NOTICIAS<\/title>\n<meta name=\"robots\" content=\"index, follow, max-snippet:-1, max-image-preview:large, max-video-preview:-1\" \/>\n<link rel=\"canonical\" href=\"https:\/\/laredsocial-noticias.com\/wp\/integrantes-de-fideicomiso-por-los-demas-se-deslindan-de-morena\/\" \/>\n<meta property=\"og:locale\" content=\"es_ES\" \/>\n<meta property=\"og:type\" content=\"article\" \/>\n<meta property=\"og:title\" content=\"Integrantes de Fideicomiso Por los Dem\u00e1s se deslindan de Morena - NOTICIAS\" \/>\n<meta property=\"og:description\" content=\"Aunque se declararon morenistas, integrantes del Comit\u00e9 T\u00e9cnico del Fideicomiso Por los Dem\u00e1s, deslindaron a Morena de la operaci\u00f3n y...\" \/>\n<meta property=\"og:url\" content=\"https:\/\/laredsocial-noticias.com\/wp\/integrantes-de-fideicomiso-por-los-demas-se-deslindan-de-morena\/\" \/>\n<meta property=\"og:site_name\" content=\"NOTICIAS\" \/>\n<meta property=\"article:published_time\" content=\"2018-07-22T02:12:11+00:00\" \/>\n<meta property=\"article:modified_time\" content=\"2018-07-22T02:12:13+00:00\" \/>\n<meta property=\"og:image\" content=\"https:\/\/laredsocial-noticias.com\/wp\/wp-content\/uploads\/2018\/07\/Fideicomiso.jpg\" \/>\n\t<meta property=\"og:image:width\" content=\"650\" \/>\n\t<meta property=\"og:image:height\" content=\"481\" \/>\n\t<meta property=\"og:image:type\" content=\"image\/jpeg\" \/>\n<meta name=\"author\" content=\"Editor en Jefe\" \/>\n<meta name=\"twitter:card\" content=\"summary_large_image\" \/>\n<meta name=\"twitter:label1\" content=\"Escrito por\" \/>\n\t<meta name=\"twitter:data1\" content=\"Editor en Jefe\" \/>\n\t<meta name=\"twitter:label2\" content=\"Tiempo de lectura\" \/>\n\t<meta name=\"twitter:data2\" content=\"1 minuto\" \/>\n<!-- \/ Yoast SEO plugin. -->","yoast_head_json":{"title":"Integrantes de Fideicomiso Por los Dem\u00e1s se deslindan de Morena - NOTICIAS","robots":{"index":"index","follow":"follow","max-snippet":"max-snippet:-1","max-image-preview":"max-image-preview:large","max-video-preview":"max-video-preview:-1"},"canonical":"https:\/\/laredsocial-noticias.com\/wp\/integrantes-de-fideicomiso-por-los-demas-se-deslindan-de-morena\/","og_locale":"es_ES","og_type":"article","og_title":"Integrantes de Fideicomiso Por los Dem\u00e1s se deslindan de Morena - NOTICIAS","og_description":"Aunque se declararon morenistas, integrantes del Comit\u00e9 T\u00e9cnico del Fideicomiso Por los Dem\u00e1s, deslindaron a Morena de la operaci\u00f3n y...","og_url":"https:\/\/laredsocial-noticias.com\/wp\/integrantes-de-fideicomiso-por-los-demas-se-deslindan-de-morena\/","og_site_name":"NOTICIAS","article_published_time":"2018-07-22T02:12:11+00:00","article_modified_time":"2018-07-22T02:12:13+00:00","og_image":[{"width":650,"height":481,"url":"https:\/\/laredsocial-noticias.com\/wp\/wp-content\/uploads\/2018\/07\/Fideicomiso.jpg","type":"image\/jpeg"}],"author":"Editor en Jefe","twitter_card":"summary_large_image","twitter_misc":{"Escrito por":"Editor en Jefe","Tiempo de lectura":"1 minuto"},"schema":{"@context":"https:\/\/schema.org","@graph":[{"@type":"WebPage","@id":"https:\/\/laredsocial-noticias.com\/wp\/integrantes-de-fideicomiso-por-los-demas-se-deslindan-de-morena\/","url":"https:\/\/laredsocial-noticias.com\/wp\/integrantes-de-fideicomiso-por-los-demas-se-deslindan-de-morena\/","name":"Integrantes de Fideicomiso Por los Dem\u00e1s se deslindan de Morena - NOTICIAS","isPartOf":{"@id":"https:\/\/laredsocial-noticias.com\/wp\/#website"},"datePublished":"2018-07-22T02:12:11+00:00","dateModified":"2018-07-22T02:12:13+00:00","author":{"@id":"https:\/\/laredsocial-noticias.com\/wp\/#\/schema\/person\/0ce78643f2de7aae6f6ef10e8453a6e0"},"breadcrumb":{"@id":"https:\/\/laredsocial-noticias.com\/wp\/integrantes-de-fideicomiso-por-los-demas-se-deslindan-de-morena\/#breadcrumb"},"inLanguage":"es","potentialAction":[{"@type":"ReadAction","target":["https:\/\/laredsocial-noticias.com\/wp\/integrantes-de-fideicomiso-por-los-demas-se-deslindan-de-morena\/"]}]},{"@type":"BreadcrumbList","@id":"https:\/\/laredsocial-noticias.com\/wp\/integrantes-de-fideicomiso-por-los-demas-se-deslindan-de-morena\/#breadcrumb","itemListElement":[{"@type":"ListItem","position":1,"name":"Portada","item":"https:\/\/laredsocial-noticias.com\/wp\/"},{"@type":"ListItem","position":2,"name":"Integrantes de Fideicomiso Por los Dem\u00e1s se deslindan de Morena"}]},{"@type":"WebSite","@id":"https:\/\/laredsocial-noticias.com\/wp\/#website","url":"https:\/\/laredsocial-noticias.com\/wp\/","name":"NOTICIAS","description":"Lo que se ve y se dice en las redes sociales","potentialAction":[{"@type":"SearchAction","target":{"@type":"EntryPoint","urlTemplate":"https:\/\/laredsocial-noticias.com\/wp\/?s={search_term_string}"},"query-input":{"@type":"PropertyValueSpecification","valueRequired":true,"valueName":"search_term_string"}}],"inLanguage":"es"},{"@type":"Person","@id":"https:\/\/laredsocial-noticias.com\/wp\/#\/schema\/person\/0ce78643f2de7aae6f6ef10e8453a6e0","name":"Editor en Jefe","url":"https:\/\/laredsocial-noticias.com\/wp\/author\/jorgeochoa\/"}]}},"_links":{"self":[{"href":"https:\/\/laredsocial-noticias.com\/wp\/wp-json\/wp\/v2\/posts\/94869","targetHints":{"allow":["GET"]}}],"collection":[{"href":"https:\/\/laredsocial-noticias.com\/wp\/wp-json\/wp\/v2\/posts"}],"about":[{"href":"https:\/\/laredsocial-noticias.com\/wp\/wp-json\/wp\/v2\/types\/post"}],"author":[{"embeddable":true,"href":"https:\/\/laredsocial-noticias.com\/wp\/wp-json\/wp\/v2\/users\/1"}],"replies":[{"embeddable":true,"href":"https:\/\/laredsocial-noticias.com\/wp\/wp-json\/wp\/v2\/comments?post=94869"}],"version-history":[{"count":1,"href":"https:\/\/laredsocial-noticias.com\/wp\/wp-json\/wp\/v2\/posts\/94869\/revisions"}],"predecessor-version":[{"id":94870,"href":"https:\/\/laredsocial-noticias.com\/wp\/wp-json\/wp\/v2\/posts\/94869\/revisions\/94870"}],"wp:attachment":[{"href":"https:\/\/laredsocial-noticias.com\/wp\/wp-json\/wp\/v2\/media?parent=94869"}],"wp:term":[{"taxonomy":"category","embeddable":true,"href":"https:\/\/laredsocial-noticias.com\/wp\/wp-json\/wp\/v2\/categories?post=94869"},{"taxonomy":"post_tag","embeddable":true,"href":"https:\/\/laredsocial-noticias.com\/wp\/wp-json\/wp\/v2\/tags?post=94869"}],"curies":[{"name":"wp","href":"https:\/\/api.w.org\/{rel}","templated":true}]}}