{"id":95566,"date":"2018-07-30T11:39:40","date_gmt":"2018-07-30T16:39:40","guid":{"rendered":"http:\/\/laredsocial-noticias.com\/wp\/?p=95566"},"modified":"2018-07-30T17:59:08","modified_gmt":"2018-07-30T22:59:08","slug":"pri-trabajara-en-el-congreso-para-reducir-desigualdad-y-pobreza-ruiz-massieu","status":"publish","type":"post","link":"https:\/\/laredsocial-noticias.com\/wp\/pri-trabajara-en-el-congreso-para-reducir-desigualdad-y-pobreza-ruiz-massieu\/","title":{"rendered":"PRI trabajar\u00e1 en el Congreso para reducir desigualdad y pobreza: Ruiz Massieu"},"content":{"rendered":"<p>El PRI en el Congreso de la Uni\u00f3n trabajar\u00e1 durante la pr\u00f3xima Legislatura en la defensa del pacto federal y para reducir la desigualdad y la pobreza en el pa\u00eds en el nuevo escenario, pero con mucha claridad en las facultades que tiene el partido y en la responsabilidad como oposici\u00f3n que son en el Poder Legislativo, dijo Claudia Ruiz Massieu, presidenta nacional del tricolor.<br \/>\nTras confirmar que Ren\u00e9 Ju\u00e1rez Cisneros ser\u00e1 el coordinador de los diputados del PRI en la LXIV Legislatura, y Miguel \u00c1ngel Osorio Chong ser\u00e1 en l\u00edder de la bancada tricolor en el Senado de la Rep\u00fablica, la dirigente expres\u00f3 que el panorama pol\u00edtico del partido es que tiene una representaci\u00f3n m\u00e1s peque\u00f1a de lo que hab\u00edan alcanzado siempre en las c\u00e1maras del Congreso, pero eso no significa que no tengan una responsabilidad grande con la gente que vot\u00f3 por ellos.<\/p>\n<p>Subray\u00f3 que en el seno del PRI realizan un an\u00e1lisis a fondo sobre las distintas causas que los llevaron a obtener el resultado del pasado 1 de julio, por lo que revisan las actitudes que lo alejaron de la ciudadan\u00eda, las formas de hacer pol\u00edtica y de vincularse desde el partido con la gente, con la militancia, con los gobiernos que surgen de nuestras filas y con los gobiernos a los cuales son oposici\u00f3n.<\/p>\n<p>El objetivo es mandar un mensaje claro, que fue algo que les hizo falta por momentos, de algunos a\u00f1os para ac\u00e1, para enviar propuestas directas para la gente, y que sean congruentes con sus documentos b\u00e1sicos, dijo Ruiz Massieu.<\/p>\n<p>Entonces, indic\u00f3, se trata de un conjunto de formas, de fondo, de estrategias, de t\u00e1cticas que los separaron de la gente, de la militancia y que los desdibujaron en el proceso electoral.<\/p>\n<p>Al hablar sobre las causas que llevaron al PRI a obtener el resultado del pasado 1 de julio, expuso que al partido le falt\u00f3 claridad, contundencia y oportunidad para salir a denunciar sin cortapisas actos o conductas de corrupci\u00f3n o no apegadas a la expectativa ciudadana, de los simpatizantes, dijo la priista.<\/p>\n<p>En entrevista con el noticiario Por la Ma\u00f1ana de Grupo F\u00f3rmula, la presidenta del tricolor explic\u00f3 que se tomaron medidas en el interior del partido, en el marco de su normativa, &#8220;pero no lo hicimos con la contundencia que la gente quer\u00eda y no lo hicimos con la oportunidad que esas conductas merec\u00edan, y eso nos cost\u00f3&#8221;.<\/p>\n<p>En estos momentos, expuso Ruiz Massieu, todos en el PRI aceptan que la corrupci\u00f3n los golpe\u00f3 y es una problem\u00e1tica que tienen que enfrentar: &#8220;Creo que todos los que estamos haciendo una reflexi\u00f3n seria sabemos que este es un tema que en la elecci\u00f3n fue muy relevante, pero que desde hace tiempo los mexicanos est\u00e1n reclamando actitudes distintas de quienes somos partido, gobierno, legisladores, representantes&#8221;.<\/p>\n<p>&#8220;Ahora tenemos mucha claridad de que nos tenemos que comportar conforme a ese est\u00e1ndar que estamos exigiendo y eso implica un gran trabajo&#8221;, dijo Ruiz Massieu.<\/p>\n<p>Se\u00f1al\u00f3 que el a\u00f1o pasado crearon la Comisi\u00f3n de \u00c9tica Partidaria y se ha replicado en todo el pa\u00eds, &#8220;porque estamos conscientes que los partidos pol\u00edticos, nuestro partido pol\u00edtico por lo menos, necesita tambi\u00e9n una instancia que vaya de manera permanente vigilando y exigiendo a sus militantes una forma de comportarse, una forma de congruencia que responda a lo que la gente quiere&#8221;.<\/p>\n<p>Sobre un posible cambio de nombre del PRI, Ruiz Massieu explic\u00f3 que todo se podr\u00e1 debatir cuando se realice el Consejo Pol\u00edtico Nacional, &#8220;todo lo que la militancia quiera discutir se debe discutir, no debe haber ning\u00fan tema que est\u00e9 fuera de la mesa, incluido el nombre si eso es de preocupaci\u00f3n para algunos, pero el tema es entrarle de verdad a las causas, al fondo y a la forma&#8221;, reiter\u00f3.<\/p>\n","protected":false},"excerpt":{"rendered":"<p>El PRI en el Congreso de la Uni\u00f3n trabajar\u00e1 durante la pr\u00f3xima Legislatura en la defensa del pacto federal y&#8230;<\/p>\n","protected":false},"author":1,"featured_media":0,"comment_status":"open","ping_status":"closed","sticky":false,"template":"","format":"standard","meta":{"footnotes":""},"categories":[78,1726,6026,73],"tags":[3837,188,77],"class_list":["post-95566","post","type-post","status-publish","format-standard","hentry","category-nacional","category-nacionales","category-portada","category-principal","tag-claudia-ruiz-massieu","tag-pri","tag-principal"],"yoast_head":"<!-- This site is optimized with the Yoast SEO plugin v26.5 - https:\/\/yoast.com\/wordpress\/plugins\/seo\/ -->\n<title>PRI trabajar\u00e1 en el Congreso para reducir desigualdad y pobreza: Ruiz Massieu - NOTICIAS<\/title>\n<meta name=\"robots\" content=\"index, follow, max-snippet:-1, max-image-preview:large, max-video-preview:-1\" \/>\n<link rel=\"canonical\" href=\"https:\/\/laredsocial-noticias.com\/wp\/pri-trabajara-en-el-congreso-para-reducir-desigualdad-y-pobreza-ruiz-massieu\/\" \/>\n<meta property=\"og:locale\" content=\"es_ES\" \/>\n<meta property=\"og:type\" content=\"article\" \/>\n<meta property=\"og:title\" content=\"PRI trabajar\u00e1 en el Congreso para reducir desigualdad y pobreza: Ruiz Massieu - NOTICIAS\" \/>\n<meta property=\"og:description\" content=\"El PRI en el Congreso de la Uni\u00f3n trabajar\u00e1 durante la pr\u00f3xima Legislatura en la defensa del pacto federal y...\" \/>\n<meta property=\"og:url\" content=\"https:\/\/laredsocial-noticias.com\/wp\/pri-trabajara-en-el-congreso-para-reducir-desigualdad-y-pobreza-ruiz-massieu\/\" \/>\n<meta property=\"og:site_name\" content=\"NOTICIAS\" \/>\n<meta property=\"article:published_time\" content=\"2018-07-30T16:39:40+00:00\" \/>\n<meta property=\"article:modified_time\" content=\"2018-07-30T22:59:08+00:00\" \/>\n<meta property=\"og:image\" content=\"https:\/\/laredsocial-noticias.com\/wp\/wp-content\/uploads\/2018\/07\/claudia_ruiz_massieu_presidenta_del_pri_nacional.jpg\" \/>\n\t<meta property=\"og:image:width\" content=\"800\" \/>\n\t<meta property=\"og:image:height\" content=\"400\" \/>\n\t<meta property=\"og:image:type\" content=\"image\/jpeg\" \/>\n<meta name=\"author\" content=\"Editor en Jefe\" \/>\n<meta name=\"twitter:card\" content=\"summary_large_image\" \/>\n<meta name=\"twitter:label1\" content=\"Escrito por\" \/>\n\t<meta name=\"twitter:data1\" content=\"Editor en Jefe\" \/>\n\t<meta name=\"twitter:label2\" content=\"Tiempo de lectura\" \/>\n\t<meta name=\"twitter:data2\" content=\"3 minutos\" \/>\n<!-- \/ Yoast SEO plugin. -->","yoast_head_json":{"title":"PRI trabajar\u00e1 en el Congreso para reducir desigualdad y pobreza: Ruiz Massieu - NOTICIAS","robots":{"index":"index","follow":"follow","max-snippet":"max-snippet:-1","max-image-preview":"max-image-preview:large","max-video-preview":"max-video-preview:-1"},"canonical":"https:\/\/laredsocial-noticias.com\/wp\/pri-trabajara-en-el-congreso-para-reducir-desigualdad-y-pobreza-ruiz-massieu\/","og_locale":"es_ES","og_type":"article","og_title":"PRI trabajar\u00e1 en el Congreso para reducir desigualdad y pobreza: Ruiz Massieu - NOTICIAS","og_description":"El PRI en el Congreso de la Uni\u00f3n trabajar\u00e1 durante la pr\u00f3xima Legislatura en la defensa del pacto federal y...","og_url":"https:\/\/laredsocial-noticias.com\/wp\/pri-trabajara-en-el-congreso-para-reducir-desigualdad-y-pobreza-ruiz-massieu\/","og_site_name":"NOTICIAS","article_published_time":"2018-07-30T16:39:40+00:00","article_modified_time":"2018-07-30T22:59:08+00:00","og_image":[{"width":800,"height":400,"url":"https:\/\/laredsocial-noticias.com\/wp\/wp-content\/uploads\/2018\/07\/claudia_ruiz_massieu_presidenta_del_pri_nacional.jpg","type":"image\/jpeg"}],"author":"Editor en Jefe","twitter_card":"summary_large_image","twitter_misc":{"Escrito por":"Editor en Jefe","Tiempo de lectura":"3 minutos"},"schema":{"@context":"https:\/\/schema.org","@graph":[{"@type":"WebPage","@id":"https:\/\/laredsocial-noticias.com\/wp\/pri-trabajara-en-el-congreso-para-reducir-desigualdad-y-pobreza-ruiz-massieu\/","url":"https:\/\/laredsocial-noticias.com\/wp\/pri-trabajara-en-el-congreso-para-reducir-desigualdad-y-pobreza-ruiz-massieu\/","name":"PRI trabajar\u00e1 en el Congreso para reducir desigualdad y pobreza: Ruiz Massieu - NOTICIAS","isPartOf":{"@id":"https:\/\/laredsocial-noticias.com\/wp\/#website"},"datePublished":"2018-07-30T16:39:40+00:00","dateModified":"2018-07-30T22:59:08+00:00","author":{"@id":"https:\/\/laredsocial-noticias.com\/wp\/#\/schema\/person\/0ce78643f2de7aae6f6ef10e8453a6e0"},"breadcrumb":{"@id":"https:\/\/laredsocial-noticias.com\/wp\/pri-trabajara-en-el-congreso-para-reducir-desigualdad-y-pobreza-ruiz-massieu\/#breadcrumb"},"inLanguage":"es","potentialAction":[{"@type":"ReadAction","target":["https:\/\/laredsocial-noticias.com\/wp\/pri-trabajara-en-el-congreso-para-reducir-desigualdad-y-pobreza-ruiz-massieu\/"]}]},{"@type":"BreadcrumbList","@id":"https:\/\/laredsocial-noticias.com\/wp\/pri-trabajara-en-el-congreso-para-reducir-desigualdad-y-pobreza-ruiz-massieu\/#breadcrumb","itemListElement":[{"@type":"ListItem","position":1,"name":"Portada","item":"https:\/\/laredsocial-noticias.com\/wp\/"},{"@type":"ListItem","position":2,"name":"PRI trabajar\u00e1 en el Congreso para reducir desigualdad y pobreza: Ruiz Massieu"}]},{"@type":"WebSite","@id":"https:\/\/laredsocial-noticias.com\/wp\/#website","url":"https:\/\/laredsocial-noticias.com\/wp\/","name":"NOTICIAS","description":"Lo que se ve y se dice en las redes sociales","potentialAction":[{"@type":"SearchAction","target":{"@type":"EntryPoint","urlTemplate":"https:\/\/laredsocial-noticias.com\/wp\/?s={search_term_string}"},"query-input":{"@type":"PropertyValueSpecification","valueRequired":true,"valueName":"search_term_string"}}],"inLanguage":"es"},{"@type":"Person","@id":"https:\/\/laredsocial-noticias.com\/wp\/#\/schema\/person\/0ce78643f2de7aae6f6ef10e8453a6e0","name":"Editor en Jefe","url":"https:\/\/laredsocial-noticias.com\/wp\/author\/jorgeochoa\/"}]}},"_links":{"self":[{"href":"https:\/\/laredsocial-noticias.com\/wp\/wp-json\/wp\/v2\/posts\/95566","targetHints":{"allow":["GET"]}}],"collection":[{"href":"https:\/\/laredsocial-noticias.com\/wp\/wp-json\/wp\/v2\/posts"}],"about":[{"href":"https:\/\/laredsocial-noticias.com\/wp\/wp-json\/wp\/v2\/types\/post"}],"author":[{"embeddable":true,"href":"https:\/\/laredsocial-noticias.com\/wp\/wp-json\/wp\/v2\/users\/1"}],"replies":[{"embeddable":true,"href":"https:\/\/laredsocial-noticias.com\/wp\/wp-json\/wp\/v2\/comments?post=95566"}],"version-history":[{"count":1,"href":"https:\/\/laredsocial-noticias.com\/wp\/wp-json\/wp\/v2\/posts\/95566\/revisions"}],"predecessor-version":[{"id":95567,"href":"https:\/\/laredsocial-noticias.com\/wp\/wp-json\/wp\/v2\/posts\/95566\/revisions\/95567"}],"wp:attachment":[{"href":"https:\/\/laredsocial-noticias.com\/wp\/wp-json\/wp\/v2\/media?parent=95566"}],"wp:term":[{"taxonomy":"category","embeddable":true,"href":"https:\/\/laredsocial-noticias.com\/wp\/wp-json\/wp\/v2\/categories?post=95566"},{"taxonomy":"post_tag","embeddable":true,"href":"https:\/\/laredsocial-noticias.com\/wp\/wp-json\/wp\/v2\/tags?post=95566"}],"curies":[{"name":"wp","href":"https:\/\/api.w.org\/{rel}","templated":true}]}}