{"id":96191,"date":"2018-08-07T15:38:41","date_gmt":"2018-08-07T20:38:41","guid":{"rendered":"http:\/\/laredsocial-noticias.com\/wp\/?p=96191"},"modified":"2018-08-07T15:38:41","modified_gmt":"2018-08-07T20:38:41","slug":"sre-a-cuentas-ante-el-congreso-debera-explicar-destino-de-mi-70-mdp-para-atencion-de-mexicanos-en-el-exterior","status":"publish","type":"post","link":"https:\/\/laredsocial-noticias.com\/wp\/sre-a-cuentas-ante-el-congreso-debera-explicar-destino-de-mi-70-mdp-para-atencion-de-mexicanos-en-el-exterior\/","title":{"rendered":"SRE a cuentas ante el Congreso; deber\u00e1 explicar destino de mi 70 mdp para atenci\u00f3n de mexicanos en el exterior"},"content":{"rendered":"<p class=\"x_m_-5820500408312115147gmail-CUERPO\"><span lang=\"ES-TRAD\"><img loading=\"lazy\" decoding=\"async\" class=\"alignleft size-full wp-image-93179\" src=\"http:\/\/laredsocial-noticias.com\/wp\/wp-content\/uploads\/2018\/06\/Migrantes.jpg\" alt=\"\" width=\"710\" height=\"499\" \/>M\u00c9XICO 07\/08\/18.- La Segunda Comisi\u00f3n aprob\u00f3 un dictamen para solicitar a la Secretar\u00eda de Relaciones Exteriores un informe respecto al uso y destino de los mil 70 millones 49 mil pesos, como parte del programa de Fortalecimiento para la Atenci\u00f3n a Mexicanos en el Exterior durante el a\u00f1o 2017.<\/span><\/p>\n<p class=\"x_m_-5820500408312115147gmail-CUERPO\"><span lang=\"ES-TRAD\">\u00a0<\/span><span lang=\"ES-TRAD\">En el documento aprobado, se se\u00f1ala que en la revisi\u00f3n de la cuenta p\u00fablica 2017, la Auditor\u00eda Superior de la Federaci\u00f3n (ASF) revis\u00f3 los recursos que fueron destinados para la ayuda a migrantes y detect\u00f3 deficiencias en la operaci\u00f3n y supervisi\u00f3n de la aplicaci\u00f3n de \u00e9stos en dicho programa.<\/span><\/p>\n<p class=\"x_MsoNormal\"><span lang=\"ES-TRAD\">Se indica que la ASF evidenci\u00f3 irregularidades por 53 millones de pesos y determin\u00f3, como resultado de la auditoria, 16 observaciones, de las cual solo una fue solventada por la entidad fiscalizada antes de la integraci\u00f3n del informe.<\/span><\/p>\n<p class=\"x_MsoNormal\"><span lang=\"ES-TRAD\">Las 15 observaciones restantes, se agrega, generaron 18 recomendaciones, cinco promociones de responsabilidad administrativa sancionatoria y cinco pliegos de observaciones.<\/span><\/p>\n<p class=\"x_MsoNormal\"><span lang=\"ES-TRAD\">La Auditor\u00eda encontr\u00f3 diversas irregularidades: por un lado, se realizaron pagos de los servicios de forma anticipada sin que se solicitaran las garant\u00edas de cumplimiento y, por otro, no se aplicaron las penas convencionales respecto de los servicios de obra correspondientes al contrato n\u00famero OMBI-OP-LP-02\/2017.<\/span><\/p>\n<p class=\"x_MsoNormal\"><span lang=\"ES-TRAD\">Aunado a ello, en los recursos ministrados a tres representaciones de M\u00e9xico en el exterior etiquetados para el pago de prestadores de servicios independientes, no se identific\u00f3 la documentaci\u00f3n que acredite que fueron aplicados en los conceptos, para los cuales se les radicaron.<\/span><\/p>\n<p class=\"x_MsoNormal\"><span lang=\"ES-TRAD\">En tanto, los pagos efectuados por servicios profesionales independientes por un monto de 5 millones 313 mil pesos a 55 prestadores de servicios, contratados por las representaciones de M\u00e9xico en el exterior en Dallas, Los \u00c1ngeles, Nueva York y Tucson, no se sustentaron en los reportes detallados relativos a las actividades efectuadas.<\/span><\/p>\n<p class=\"x_MsoNormal\"><span lang=\"ES-TRAD\">De la misma manera, existen contratos formalizados por la representaci\u00f3n de M\u00e9xico en Nueva York con tres prestadores de servicios para la difusi\u00f3n de materiales sobre protecci\u00f3n preventiva para personas mexicanas en EU, a quienes se les realizaron pagos por 46 millones 817 mil pesos a tres proveedores en el mes de diciembre de 2017.<\/span><\/p>\n<p class=\"x_MsoNormal\"><span lang=\"ES-TRAD\">Los servicios no se proporcionaron en su totalidad y no se hall\u00f3 la documentaci\u00f3n justificativa que acredite la inclusi\u00f3n de dichos servicios para la implementaci\u00f3n y estrategia en redes sociales y difusi\u00f3n de material informativo en plataformas digitales m\u00f3viles en las adendas.<\/span><\/p>\n<p class=\"x_m_-5820500408312115147gmail-CUERPO\"><span lang=\"ES-TRAD\">Los legisladores comentaron que \u201cexiste una preocupaci\u00f3n justificada en la sociedad mexicana porque los recursos que se asignan para la protecci\u00f3n y asistencia de los mexicanos en Estados Unidos se ejerzan con la mayor prontitud y eficiencia\u201d.<\/span><\/p>\n<p class=\"x_m_-5820500408312115147gmail-CUERPO\"><span lang=\"ES-TRAD\">\u00a0<\/span><\/p>\n<p class=\"x_m_-5820500408312115147gmail-CUERPO\"><span lang=\"ES-TRAD\">Sobre todo, resaltaron, en el contexto actual en el que hay una andanada sin precedentes contra nuestros connacionales, a partir del endurecimiento de la pol\u00edtica migratoria desde el arribo de la administraci\u00f3n del presidente Donald Trump.<\/span><\/p>\n<p class=\"x_m_-5820500408312115147gmail-CUERPO\"><span lang=\"ES-TRAD\">\u00a0<\/span><span lang=\"ES-TRAD\">Destacaron la necesidad de promover la transparencia y la rendici\u00f3n de cuentas en el ejercicio de los recursos que fueron reasignados a la Secretar\u00eda de Relaciones Exteriores para fortalecer la defensa y protecci\u00f3n de nuestros connacionales.<\/span><\/p>\n<h3 class=\"x_m_-5820500408312115147gmail-CUERPO\" style=\"text-align: center;\"><span lang=\"ES-TRAD\">\u00a0<\/span><b><span lang=\"ES-TRAD\">Garantizar consultas a comunidades para uso de sus tierras y proteger a defensores del medio ambiente<\/span><\/b><\/h3>\n<p class=\"x_m_-5820500408312115147gmail-CUERPO\"><span lang=\"ES-TRAD\">\u00a0<\/span><span lang=\"ES-TRAD\">Este \u00f3rgano de trabajo, que preside el diputado Agust\u00edn Basave, ratific\u00f3 un exhorto al Gobierno Federal para garantizar el derecho de las comunidades a una consulta y participaci\u00f3n adecuada para otorgar o negar su consentimiento libre, previo e informado sobre el uso de sus tierras y recursos naturales.<\/span><\/p>\n<p class=\"x_m_-5820500408312115147gmail-CUERPO\"><span lang=\"ES-TRAD\">\u00a0<\/span><span lang=\"ES-TRAD\">Tambi\u00e9n, para que garantice que las personas defensoras de derechos humanos puedan llevar a cabo su activismo de forma segura.<\/span><\/p>\n<p class=\"x_m_-5820500408312115147gmail-CUERPO\"><span lang=\"ES-TRAD\">\u00a0<\/span><span lang=\"es-419\">El dictamen indica que las personas defensoras de la tierra y el medio ambiente se encuentran en la primera l\u00ednea de la lucha para salvar a nuestro planeta de los impactos del cambio clim\u00e1tico, salvaguardar derechos humanos y proteger de da\u00f1os a las comunidades vulnerables.<\/span><\/p>\n<p class=\"x_MsoNormal\"><span lang=\"es-419\">\u00a0<\/span><span lang=\"es-419\">\u201cEllas defienden causas que nos benefician a todos: sostenibilidad, biodiversidad y justicia. Denuncian la corrupci\u00f3n y presionan por cambios en las leyes, pol\u00edticas y pr\u00e1cticas, para garantizar que se respeten los derechos ambientales y de la tierra\u201d se subraya<\/span><\/p>\n<p class=\"x_MsoNormal\"><span lang=\"es-419\">\u00a0<\/span><span lang=\"es-419\">No obstante, en 2017 Global Witness document\u00f3 207 asesinatos de defensores y defensoras de la tierra y del medio ambiente, \u201cpersonas comunes y corrientes asesinadas por defender sus bosques, r\u00edos y hogares contra las industrias destructivas\u201d. Son m\u00e1s asesinatos que en 2016, por lo que es el peor a\u00f1o del cual se tiene registro.<\/span><\/p>\n<p class=\"x_MsoNormal\"><span lang=\"es-419\">\u00a0<\/span><span lang=\"ES-TRAD\">El informe expone que las personas defensoras del medio ambiente y la tierra suelen enfrentarse a intereses pol\u00edticos, comerciales y criminales que se confabulan para robar sus recursos naturales; ellas, resisten a\u00f1os de amenazas de muerte, criminalizaci\u00f3n, intimidaci\u00f3n y acoso, pero reciben poca o ninguna protecci\u00f3n por parte de las autoridades.<\/span><\/p>\n<p class=\"x_m_-5820500408312115147gmail-CUERPO\"><span lang=\"ES-TRAD\">\u00a0<\/span><span lang=\"ES-TRAD\">Refiere que, en 2013, gran parte de las aproximadamente 2 mil 600 concesiones mineras en M\u00e9xico estaban operando en territorios ancestrales, sin el consentimiento de los pueblos ind\u00edgenas que viven all\u00ed<\/span><\/p>\n<p class=\"x_m_-5820500408312115147gmail-CUERPO\"><span lang=\"ES-TRAD\">\u00a0<\/span><span lang=\"ES-TRAD\">Se detalla que el aumento en los homicidios de personas defensoras mexicanas ha coincidido con un incremento masivo de asesinatos derivados del crimen organizado; es decir,\u00a0<\/span><span lang=\"es-419\">las bandas delictivas organizadas intensifican el conflicto por la tierra, pues son requeridas por los c\u00e1rteles para el tr\u00e1fico de drogas y otras actividades delictivas.<\/span><\/p>\n<p class=\"x_m_-5820500408312115147gmail-CUERPO\"><span lang=\"es-419\">\u00a0<\/span><span lang=\"es-419\">El crimen organizado, puntualiza, provee de sicarios a los madereros, narcotraficantes y otros grupos delictivos, que pueden emplearlos para proteger sus intereses, incluso amenazando y atacando a personas defensoras.\u00a0\u00a0<\/span><\/p>\n<h3 class=\"x_m_-5820500408312115147gmail-CUERPO\"><span lang=\"ES-TRAD\">\u00a0<\/span><b><span lang=\"ES-TRAD\">Reconocer\u00e1n a delegaci\u00f3n mexicana que triunf\u00f3 en Juegos Centroamericanos<\/span><\/b><\/h3>\n<p class=\"x_m_-5820500408312115147gmail-CUERPO\"><span lang=\"ES-TRAD\">\u00a0<\/span><span lang=\"ES-TRAD\">En la misma reuni\u00f3n, donde en total se aprobaron 14 dict\u00e1menes, la Segunda Comisi\u00f3n, respald\u00f3 que el Congreso de la Uni\u00f3n haga un reconocimiento p\u00fablico a los entrenadores, preparadores f\u00edsicos y atletas mexicanos de todas las disciplinas deportivas que compitieron en la Vig\u00e9simo Tercera Edici\u00f3n de los Juegos Centroamericanos y del Caribe Barranquilla 2018.<\/span><\/p>\n<p class=\"x_m_-5820500408312115147gmail-CUERPO\"><span lang=\"ES-TRAD\">\u00a0<\/span><span lang=\"ES-TRAD\">Senadores y diputados destacaron su participaci\u00f3n, pues obtuvieron el primer lugar en el medallero de esa regional y multidisciplinaria justa deportiva.<\/span><\/p>\n","protected":false},"excerpt":{"rendered":"<p>M\u00c9XICO 07\/08\/18.- La Segunda Comisi\u00f3n aprob\u00f3 un dictamen para solicitar a la Secretar\u00eda de Relaciones Exteriores un informe respecto al&#8230;<\/p>\n","protected":false},"author":1,"featured_media":0,"comment_status":"closed","ping_status":"open","sticky":false,"template":"","format":"standard","meta":{"footnotes":""},"categories":[1207,27,59],"tags":[],"class_list":["post-96191","post","type-post","status-publish","format-standard","hentry","category-camara-de-diputados","category-congreso-de-la-union","category-senado"],"yoast_head":"<!-- This site is optimized with the Yoast SEO plugin v26.5 - https:\/\/yoast.com\/wordpress\/plugins\/seo\/ -->\n<title>SRE a cuentas ante el Congreso; deber\u00e1 explicar destino de mi 70 mdp para atenci\u00f3n de mexicanos en el exterior - NOTICIAS<\/title>\n<meta name=\"robots\" content=\"index, follow, max-snippet:-1, max-image-preview:large, max-video-preview:-1\" \/>\n<link rel=\"canonical\" href=\"https:\/\/laredsocial-noticias.com\/wp\/sre-a-cuentas-ante-el-congreso-debera-explicar-destino-de-mi-70-mdp-para-atencion-de-mexicanos-en-el-exterior\/\" \/>\n<meta property=\"og:locale\" content=\"es_ES\" \/>\n<meta property=\"og:type\" content=\"article\" \/>\n<meta property=\"og:title\" content=\"SRE a cuentas ante el Congreso; deber\u00e1 explicar destino de mi 70 mdp para atenci\u00f3n de mexicanos en el exterior - NOTICIAS\" \/>\n<meta property=\"og:description\" content=\"M\u00c9XICO 07\/08\/18.- La Segunda Comisi\u00f3n aprob\u00f3 un dictamen para solicitar a la Secretar\u00eda de Relaciones Exteriores un informe respecto al...\" \/>\n<meta property=\"og:url\" content=\"https:\/\/laredsocial-noticias.com\/wp\/sre-a-cuentas-ante-el-congreso-debera-explicar-destino-de-mi-70-mdp-para-atencion-de-mexicanos-en-el-exterior\/\" \/>\n<meta property=\"og:site_name\" content=\"NOTICIAS\" \/>\n<meta property=\"article:published_time\" content=\"2018-08-07T20:38:41+00:00\" \/>\n<meta property=\"og:image\" content=\"https:\/\/laredsocial-noticias.com\/wp\/wp-content\/uploads\/2017\/04\/Migrantes-de-Haiti-en-Tijuana.jpg\" \/>\n\t<meta property=\"og:image:width\" content=\"600\" \/>\n\t<meta property=\"og:image:height\" content=\"367\" \/>\n\t<meta property=\"og:image:type\" content=\"image\/jpeg\" \/>\n<meta name=\"author\" content=\"Editor en Jefe\" \/>\n<meta name=\"twitter:card\" content=\"summary_large_image\" \/>\n<meta name=\"twitter:label1\" content=\"Escrito por\" \/>\n\t<meta name=\"twitter:data1\" content=\"Editor en Jefe\" \/>\n\t<meta name=\"twitter:label2\" content=\"Tiempo de lectura\" \/>\n\t<meta name=\"twitter:data2\" content=\"5 minutos\" \/>\n<!-- \/ Yoast SEO plugin. -->","yoast_head_json":{"title":"SRE a cuentas ante el Congreso; deber\u00e1 explicar destino de mi 70 mdp para atenci\u00f3n de mexicanos en el exterior - NOTICIAS","robots":{"index":"index","follow":"follow","max-snippet":"max-snippet:-1","max-image-preview":"max-image-preview:large","max-video-preview":"max-video-preview:-1"},"canonical":"https:\/\/laredsocial-noticias.com\/wp\/sre-a-cuentas-ante-el-congreso-debera-explicar-destino-de-mi-70-mdp-para-atencion-de-mexicanos-en-el-exterior\/","og_locale":"es_ES","og_type":"article","og_title":"SRE a cuentas ante el Congreso; deber\u00e1 explicar destino de mi 70 mdp para atenci\u00f3n de mexicanos en el exterior - NOTICIAS","og_description":"M\u00c9XICO 07\/08\/18.- La Segunda Comisi\u00f3n aprob\u00f3 un dictamen para solicitar a la Secretar\u00eda de Relaciones Exteriores un informe respecto al...","og_url":"https:\/\/laredsocial-noticias.com\/wp\/sre-a-cuentas-ante-el-congreso-debera-explicar-destino-de-mi-70-mdp-para-atencion-de-mexicanos-en-el-exterior\/","og_site_name":"NOTICIAS","article_published_time":"2018-08-07T20:38:41+00:00","og_image":[{"width":600,"height":367,"url":"https:\/\/laredsocial-noticias.com\/wp\/wp-content\/uploads\/2017\/04\/Migrantes-de-Haiti-en-Tijuana.jpg","type":"image\/jpeg"}],"author":"Editor en Jefe","twitter_card":"summary_large_image","twitter_misc":{"Escrito por":"Editor en Jefe","Tiempo de lectura":"5 minutos"},"schema":{"@context":"https:\/\/schema.org","@graph":[{"@type":"WebPage","@id":"https:\/\/laredsocial-noticias.com\/wp\/sre-a-cuentas-ante-el-congreso-debera-explicar-destino-de-mi-70-mdp-para-atencion-de-mexicanos-en-el-exterior\/","url":"https:\/\/laredsocial-noticias.com\/wp\/sre-a-cuentas-ante-el-congreso-debera-explicar-destino-de-mi-70-mdp-para-atencion-de-mexicanos-en-el-exterior\/","name":"SRE a cuentas ante el Congreso; deber\u00e1 explicar destino de mi 70 mdp para atenci\u00f3n de mexicanos en el exterior - NOTICIAS","isPartOf":{"@id":"https:\/\/laredsocial-noticias.com\/wp\/#website"},"primaryImageOfPage":{"@id":"https:\/\/laredsocial-noticias.com\/wp\/sre-a-cuentas-ante-el-congreso-debera-explicar-destino-de-mi-70-mdp-para-atencion-de-mexicanos-en-el-exterior\/#primaryimage"},"image":{"@id":"https:\/\/laredsocial-noticias.com\/wp\/sre-a-cuentas-ante-el-congreso-debera-explicar-destino-de-mi-70-mdp-para-atencion-de-mexicanos-en-el-exterior\/#primaryimage"},"thumbnailUrl":"http:\/\/laredsocial-noticias.com\/wp\/wp-content\/uploads\/2018\/06\/Migrantes.jpg","datePublished":"2018-08-07T20:38:41+00:00","author":{"@id":"https:\/\/laredsocial-noticias.com\/wp\/#\/schema\/person\/0ce78643f2de7aae6f6ef10e8453a6e0"},"breadcrumb":{"@id":"https:\/\/laredsocial-noticias.com\/wp\/sre-a-cuentas-ante-el-congreso-debera-explicar-destino-de-mi-70-mdp-para-atencion-de-mexicanos-en-el-exterior\/#breadcrumb"},"inLanguage":"es","potentialAction":[{"@type":"ReadAction","target":["https:\/\/laredsocial-noticias.com\/wp\/sre-a-cuentas-ante-el-congreso-debera-explicar-destino-de-mi-70-mdp-para-atencion-de-mexicanos-en-el-exterior\/"]}]},{"@type":"ImageObject","inLanguage":"es","@id":"https:\/\/laredsocial-noticias.com\/wp\/sre-a-cuentas-ante-el-congreso-debera-explicar-destino-de-mi-70-mdp-para-atencion-de-mexicanos-en-el-exterior\/#primaryimage","url":"","contentUrl":""},{"@type":"BreadcrumbList","@id":"https:\/\/laredsocial-noticias.com\/wp\/sre-a-cuentas-ante-el-congreso-debera-explicar-destino-de-mi-70-mdp-para-atencion-de-mexicanos-en-el-exterior\/#breadcrumb","itemListElement":[{"@type":"ListItem","position":1,"name":"Portada","item":"https:\/\/laredsocial-noticias.com\/wp\/"},{"@type":"ListItem","position":2,"name":"SRE a cuentas ante el Congreso; deber\u00e1 explicar destino de mi 70 mdp para atenci\u00f3n de mexicanos en el exterior"}]},{"@type":"WebSite","@id":"https:\/\/laredsocial-noticias.com\/wp\/#website","url":"https:\/\/laredsocial-noticias.com\/wp\/","name":"NOTICIAS","description":"Lo que se ve y se dice en las redes sociales","potentialAction":[{"@type":"SearchAction","target":{"@type":"EntryPoint","urlTemplate":"https:\/\/laredsocial-noticias.com\/wp\/?s={search_term_string}"},"query-input":{"@type":"PropertyValueSpecification","valueRequired":true,"valueName":"search_term_string"}}],"inLanguage":"es"},{"@type":"Person","@id":"https:\/\/laredsocial-noticias.com\/wp\/#\/schema\/person\/0ce78643f2de7aae6f6ef10e8453a6e0","name":"Editor en Jefe","url":"https:\/\/laredsocial-noticias.com\/wp\/author\/jorgeochoa\/"}]}},"_links":{"self":[{"href":"https:\/\/laredsocial-noticias.com\/wp\/wp-json\/wp\/v2\/posts\/96191","targetHints":{"allow":["GET"]}}],"collection":[{"href":"https:\/\/laredsocial-noticias.com\/wp\/wp-json\/wp\/v2\/posts"}],"about":[{"href":"https:\/\/laredsocial-noticias.com\/wp\/wp-json\/wp\/v2\/types\/post"}],"author":[{"embeddable":true,"href":"https:\/\/laredsocial-noticias.com\/wp\/wp-json\/wp\/v2\/users\/1"}],"replies":[{"embeddable":true,"href":"https:\/\/laredsocial-noticias.com\/wp\/wp-json\/wp\/v2\/comments?post=96191"}],"version-history":[{"count":1,"href":"https:\/\/laredsocial-noticias.com\/wp\/wp-json\/wp\/v2\/posts\/96191\/revisions"}],"predecessor-version":[{"id":96192,"href":"https:\/\/laredsocial-noticias.com\/wp\/wp-json\/wp\/v2\/posts\/96191\/revisions\/96192"}],"wp:attachment":[{"href":"https:\/\/laredsocial-noticias.com\/wp\/wp-json\/wp\/v2\/media?parent=96191"}],"wp:term":[{"taxonomy":"category","embeddable":true,"href":"https:\/\/laredsocial-noticias.com\/wp\/wp-json\/wp\/v2\/categories?post=96191"},{"taxonomy":"post_tag","embeddable":true,"href":"https:\/\/laredsocial-noticias.com\/wp\/wp-json\/wp\/v2\/tags?post=96191"}],"curies":[{"name":"wp","href":"https:\/\/api.w.org\/{rel}","templated":true}]}}