{"id":96531,"date":"2018-08-12T05:50:36","date_gmt":"2018-08-12T10:50:36","guid":{"rendered":"http:\/\/laredsocial-noticias.com\/wp\/?p=96531"},"modified":"2018-08-12T11:58:37","modified_gmt":"2018-08-12T16:58:37","slug":"derechos-humanos-promueve-legalidad-y-paz-con-programas-de-capacitacion","status":"publish","type":"post","link":"https:\/\/laredsocial-noticias.com\/wp\/derechos-humanos-promueve-legalidad-y-paz-con-programas-de-capacitacion\/","title":{"rendered":"Derechos Humanos promueve legalidad y paz con programas de capacitaci\u00f3n"},"content":{"rendered":"<p>A fin impulsar una cultura por la legalidad y por la paz, respetuosa de los derechos fundamentales, la Comisi\u00f3n Nacional de los Derechos Humanos (CNDH) invita a la sociedad en general a participar en los programas de capacitaci\u00f3n, que se ofrecen en l\u00ednea a trav\u00e9s de su plataforma EDUCA CNDH, disponible en la direcci\u00f3n educa.cndh.org.mx.<\/p>\n<p>En esa oferta educativa destaca el curso \u201cDerechos Humanos de las Personas en Reclusi\u00f3n Penitenciaria\u201d, que a la fecha cuenta con seis mil 441 participantes, de los cuales cuatro mil 67 ya lo han concluido de manera satisfactoria.<\/p>\n<p>Entre los asistentes al curso est\u00e1 el personal de las Comisiones Estatales de Derechos Humanos, Direcciones Generales que atienden el sistema penitenciario, defensor\u00edas y otros, ya que contar con elementos capacitados es requisito fundamental para la atenci\u00f3n de las personas privadas de la libertad.<\/p>\n<p>La CNDH promueve actividades de capacitaci\u00f3n, dada su importancia como pilar de un sistema que tiene su base en el respeto por los derechos humanos, como lo se\u00f1ala el Art\u00edculo 18 constitucional.<\/p>\n<p>Esta capacitaci\u00f3n, por su necesidad prioritaria de atender, ha sido referida en distintas Recomendaciones Generales y particulares emitidas por esta Comisi\u00f3n Nacional, as\u00ed como en Informes Especiales y Pronunciamientos Penitenciarios.<\/p>\n<p>La plataforma educativa EDUCA CNDH, que se realiz\u00f3 en coordinaci\u00f3n con la Universidad Nacional Aut\u00f3noma de M\u00e9xico (UNAM), fue presentada a la poblaci\u00f3n el pasado 20 de abril con el objetivo de prevenir violaciones a derechos humanos y consolidar una cultura de respeto y defensa.<\/p>\n","protected":false},"excerpt":{"rendered":"<p>A fin impulsar una cultura por la legalidad y por la paz, respetuosa de los derechos fundamentales, la Comisi\u00f3n Nacional&#8230;<\/p>\n","protected":false},"author":1,"featured_media":0,"comment_status":"open","ping_status":"closed","sticky":false,"template":"","format":"standard","meta":{"footnotes":""},"categories":[78,2801,6026,73],"tags":[552,184,77],"class_list":["post-96531","post","type-post","status-publish","format-standard","hentry","category-nacional","category-politica","category-portada","category-principal","tag-cndh","tag-educacion","tag-principal"],"yoast_head":"<!-- This site is optimized with the Yoast SEO plugin v26.5 - https:\/\/yoast.com\/wordpress\/plugins\/seo\/ -->\n<title>Derechos Humanos promueve legalidad y paz con programas de capacitaci\u00f3n - NOTICIAS<\/title>\n<meta name=\"robots\" content=\"index, follow, max-snippet:-1, max-image-preview:large, max-video-preview:-1\" \/>\n<link rel=\"canonical\" href=\"https:\/\/laredsocial-noticias.com\/wp\/derechos-humanos-promueve-legalidad-y-paz-con-programas-de-capacitacion\/\" \/>\n<meta property=\"og:locale\" content=\"es_ES\" \/>\n<meta property=\"og:type\" content=\"article\" \/>\n<meta property=\"og:title\" content=\"Derechos Humanos promueve legalidad y paz con programas de capacitaci\u00f3n - NOTICIAS\" \/>\n<meta property=\"og:description\" content=\"A fin impulsar una cultura por la legalidad y por la paz, respetuosa de los derechos fundamentales, la Comisi\u00f3n Nacional...\" \/>\n<meta property=\"og:url\" content=\"https:\/\/laredsocial-noticias.com\/wp\/derechos-humanos-promueve-legalidad-y-paz-con-programas-de-capacitacion\/\" \/>\n<meta property=\"og:site_name\" content=\"NOTICIAS\" \/>\n<meta property=\"article:published_time\" content=\"2018-08-12T10:50:36+00:00\" \/>\n<meta property=\"article:modified_time\" content=\"2018-08-12T16:58:37+00:00\" \/>\n<meta property=\"og:image\" content=\"https:\/\/laredsocial-noticias.com\/wp\/wp-content\/uploads\/2018\/08\/CNDH2.jpg\" \/>\n\t<meta property=\"og:image:width\" content=\"621\" \/>\n\t<meta property=\"og:image:height\" content=\"354\" \/>\n\t<meta property=\"og:image:type\" content=\"image\/jpeg\" \/>\n<meta name=\"author\" content=\"Editor en Jefe\" \/>\n<meta name=\"twitter:card\" content=\"summary_large_image\" \/>\n<meta name=\"twitter:label1\" content=\"Escrito por\" \/>\n\t<meta name=\"twitter:data1\" content=\"Editor en Jefe\" \/>\n\t<meta name=\"twitter:label2\" content=\"Tiempo de lectura\" \/>\n\t<meta name=\"twitter:data2\" content=\"1 minuto\" \/>\n<!-- \/ Yoast SEO plugin. -->","yoast_head_json":{"title":"Derechos Humanos promueve legalidad y paz con programas de capacitaci\u00f3n - NOTICIAS","robots":{"index":"index","follow":"follow","max-snippet":"max-snippet:-1","max-image-preview":"max-image-preview:large","max-video-preview":"max-video-preview:-1"},"canonical":"https:\/\/laredsocial-noticias.com\/wp\/derechos-humanos-promueve-legalidad-y-paz-con-programas-de-capacitacion\/","og_locale":"es_ES","og_type":"article","og_title":"Derechos Humanos promueve legalidad y paz con programas de capacitaci\u00f3n - NOTICIAS","og_description":"A fin impulsar una cultura por la legalidad y por la paz, respetuosa de los derechos fundamentales, la Comisi\u00f3n Nacional...","og_url":"https:\/\/laredsocial-noticias.com\/wp\/derechos-humanos-promueve-legalidad-y-paz-con-programas-de-capacitacion\/","og_site_name":"NOTICIAS","article_published_time":"2018-08-12T10:50:36+00:00","article_modified_time":"2018-08-12T16:58:37+00:00","og_image":[{"width":621,"height":354,"url":"https:\/\/laredsocial-noticias.com\/wp\/wp-content\/uploads\/2018\/08\/CNDH2.jpg","type":"image\/jpeg"}],"author":"Editor en Jefe","twitter_card":"summary_large_image","twitter_misc":{"Escrito por":"Editor en Jefe","Tiempo de lectura":"1 minuto"},"schema":{"@context":"https:\/\/schema.org","@graph":[{"@type":"WebPage","@id":"https:\/\/laredsocial-noticias.com\/wp\/derechos-humanos-promueve-legalidad-y-paz-con-programas-de-capacitacion\/","url":"https:\/\/laredsocial-noticias.com\/wp\/derechos-humanos-promueve-legalidad-y-paz-con-programas-de-capacitacion\/","name":"Derechos Humanos promueve legalidad y paz con programas de capacitaci\u00f3n - NOTICIAS","isPartOf":{"@id":"https:\/\/laredsocial-noticias.com\/wp\/#website"},"datePublished":"2018-08-12T10:50:36+00:00","dateModified":"2018-08-12T16:58:37+00:00","author":{"@id":"https:\/\/laredsocial-noticias.com\/wp\/#\/schema\/person\/0ce78643f2de7aae6f6ef10e8453a6e0"},"breadcrumb":{"@id":"https:\/\/laredsocial-noticias.com\/wp\/derechos-humanos-promueve-legalidad-y-paz-con-programas-de-capacitacion\/#breadcrumb"},"inLanguage":"es","potentialAction":[{"@type":"ReadAction","target":["https:\/\/laredsocial-noticias.com\/wp\/derechos-humanos-promueve-legalidad-y-paz-con-programas-de-capacitacion\/"]}]},{"@type":"BreadcrumbList","@id":"https:\/\/laredsocial-noticias.com\/wp\/derechos-humanos-promueve-legalidad-y-paz-con-programas-de-capacitacion\/#breadcrumb","itemListElement":[{"@type":"ListItem","position":1,"name":"Portada","item":"https:\/\/laredsocial-noticias.com\/wp\/"},{"@type":"ListItem","position":2,"name":"Derechos Humanos promueve legalidad y paz con programas de capacitaci\u00f3n"}]},{"@type":"WebSite","@id":"https:\/\/laredsocial-noticias.com\/wp\/#website","url":"https:\/\/laredsocial-noticias.com\/wp\/","name":"NOTICIAS","description":"Lo que se ve y se dice en las redes sociales","potentialAction":[{"@type":"SearchAction","target":{"@type":"EntryPoint","urlTemplate":"https:\/\/laredsocial-noticias.com\/wp\/?s={search_term_string}"},"query-input":{"@type":"PropertyValueSpecification","valueRequired":true,"valueName":"search_term_string"}}],"inLanguage":"es"},{"@type":"Person","@id":"https:\/\/laredsocial-noticias.com\/wp\/#\/schema\/person\/0ce78643f2de7aae6f6ef10e8453a6e0","name":"Editor en Jefe","url":"https:\/\/laredsocial-noticias.com\/wp\/author\/jorgeochoa\/"}]}},"_links":{"self":[{"href":"https:\/\/laredsocial-noticias.com\/wp\/wp-json\/wp\/v2\/posts\/96531","targetHints":{"allow":["GET"]}}],"collection":[{"href":"https:\/\/laredsocial-noticias.com\/wp\/wp-json\/wp\/v2\/posts"}],"about":[{"href":"https:\/\/laredsocial-noticias.com\/wp\/wp-json\/wp\/v2\/types\/post"}],"author":[{"embeddable":true,"href":"https:\/\/laredsocial-noticias.com\/wp\/wp-json\/wp\/v2\/users\/1"}],"replies":[{"embeddable":true,"href":"https:\/\/laredsocial-noticias.com\/wp\/wp-json\/wp\/v2\/comments?post=96531"}],"version-history":[{"count":1,"href":"https:\/\/laredsocial-noticias.com\/wp\/wp-json\/wp\/v2\/posts\/96531\/revisions"}],"predecessor-version":[{"id":96532,"href":"https:\/\/laredsocial-noticias.com\/wp\/wp-json\/wp\/v2\/posts\/96531\/revisions\/96532"}],"wp:attachment":[{"href":"https:\/\/laredsocial-noticias.com\/wp\/wp-json\/wp\/v2\/media?parent=96531"}],"wp:term":[{"taxonomy":"category","embeddable":true,"href":"https:\/\/laredsocial-noticias.com\/wp\/wp-json\/wp\/v2\/categories?post=96531"},{"taxonomy":"post_tag","embeddable":true,"href":"https:\/\/laredsocial-noticias.com\/wp\/wp-json\/wp\/v2\/tags?post=96531"}],"curies":[{"name":"wp","href":"https:\/\/api.w.org\/{rel}","templated":true}]}}