{"id":96563,"date":"2018-08-12T14:21:56","date_gmt":"2018-08-12T19:21:56","guid":{"rendered":"http:\/\/laredsocial-noticias.com\/wp\/?p=96563"},"modified":"2018-08-12T14:22:09","modified_gmt":"2018-08-12T19:22:09","slug":"arzobispado-llama-a-conformar-sociedad-civil-solida-y-responsable","status":"publish","type":"post","link":"https:\/\/laredsocial-noticias.com\/wp\/arzobispado-llama-a-conformar-sociedad-civil-solida-y-responsable\/","title":{"rendered":"Arzobispado llama a conformar sociedad civil s\u00f3lida y responsable\u00a0"},"content":{"rendered":"<p>La Arquidi\u00f3cesis de M\u00e9xico convoc\u00f3 a los mexicanos a conformar una sociedad civil s\u00f3lida y responsable, mediante el desarrollo del conocimiento de la realidad, la responsabilidad social y el sentido de compromiso y justicia social.<\/p>\n<p>Ello, a fin de convertirnos en un contrapeso &#8211;y, al mismo tiempo, en ayuda para la administraci\u00f3n p\u00fablica\u2013 que d\u00e9 un real equilibrio al desarrollo de todos, sin excepci\u00f3n.<\/p>\n<p>Precis\u00f3 que la esperanza de transformaci\u00f3n y de desarrollo social que hoy impregna los aires de nuestra naci\u00f3n no puede ser vista como una responsabilidad exclusiva de las estructuras de gobierno.<\/p>\n<p>\u201cSomos los ciudadanos y las organizaciones civiles quienes m\u00e1s activamente debemos participar en este proceso de cambio, que, como una de sus primeros fundamentos, tiene la b\u00fasqueda del bien com\u00fan\u201d, anot\u00f3.<\/p>\n<p>En el editorial de su semanario \u201cDesde la Fe\u201d, titulado Construir una sociedad s\u00f3lida, coment\u00f3 que\u00a0lo anterior se podr\u00e1 lograr a partir de la defensa a ultranza de los derechos civiles y pol\u00edticos de la persona; adem\u00e1s de la toma de conciencia en cuanto a los deberes que establece la ley.<\/p>\n<p>Para tal efecto, el arzobispado precis\u00f3 que la Doctrina Social de la Iglesia es un instrumento invaluable, que se ha\u00a0creado\u00a0con admirable sensibilidad sobre la base del mensaje de amor que encierra el Evangelio.<\/p>\n<p>Record\u00f3 que nuestro pueblo posee una identidad, una historia y un futuro que requiere de una sociedad civil que vele audazmente por la dignidad de todas las personas y que\u00a0conozca de principios, como el destino leg\u00edtimo de los bienes en tanto creaci\u00f3n de Dios, que sepa de solidaridad, hermandad, caridad, valores y de la existencia de una ley moral.<\/p>\n","protected":false},"excerpt":{"rendered":"<p>La Arquidi\u00f3cesis de M\u00e9xico convoc\u00f3 a los mexicanos a conformar una sociedad civil s\u00f3lida y responsable, mediante el desarrollo del&#8230;<\/p>\n","protected":false},"author":1,"featured_media":0,"comment_status":"open","ping_status":"closed","sticky":false,"template":"","format":"standard","meta":{"footnotes":""},"categories":[91,2835,78,1726,2801,6026,73],"tags":[6250,6249,77,1676],"class_list":["post-96563","post","type-post","status-publish","format-standard","hentry","category-cdmx","category-ciudad-de-mexico","category-nacional","category-nacionales","category-politica","category-portada","category-principal","tag-arquidiocesis-de-mexico","tag-arzobispado","tag-principal","tag-sociedad"],"yoast_head":"<!-- This site is optimized with the Yoast SEO plugin v26.5 - https:\/\/yoast.com\/wordpress\/plugins\/seo\/ -->\n<title>Arzobispado llama a conformar sociedad civil s\u00f3lida y responsable\u00a0 - NOTICIAS<\/title>\n<meta name=\"robots\" content=\"index, follow, max-snippet:-1, max-image-preview:large, max-video-preview:-1\" \/>\n<link rel=\"canonical\" href=\"https:\/\/laredsocial-noticias.com\/wp\/arzobispado-llama-a-conformar-sociedad-civil-solida-y-responsable\/\" \/>\n<meta property=\"og:locale\" content=\"es_ES\" \/>\n<meta property=\"og:type\" content=\"article\" \/>\n<meta property=\"og:title\" content=\"Arzobispado llama a conformar sociedad civil s\u00f3lida y responsable\u00a0 - NOTICIAS\" \/>\n<meta property=\"og:description\" content=\"La Arquidi\u00f3cesis de M\u00e9xico convoc\u00f3 a los mexicanos a conformar una sociedad civil s\u00f3lida y responsable, mediante el desarrollo del...\" \/>\n<meta property=\"og:url\" content=\"https:\/\/laredsocial-noticias.com\/wp\/arzobispado-llama-a-conformar-sociedad-civil-solida-y-responsable\/\" \/>\n<meta property=\"og:site_name\" content=\"NOTICIAS\" \/>\n<meta property=\"article:published_time\" content=\"2018-08-12T19:21:56+00:00\" \/>\n<meta property=\"article:modified_time\" content=\"2018-08-12T19:22:09+00:00\" \/>\n<meta property=\"og:image\" content=\"https:\/\/laredsocial-noticias.com\/wp\/wp-content\/uploads\/2018\/08\/Catedral.jpg\" \/>\n\t<meta property=\"og:image:width\" content=\"900\" \/>\n\t<meta property=\"og:image:height\" content=\"500\" \/>\n\t<meta property=\"og:image:type\" content=\"image\/jpeg\" \/>\n<meta name=\"author\" content=\"Editor en Jefe\" \/>\n<meta name=\"twitter:card\" content=\"summary_large_image\" \/>\n<meta name=\"twitter:label1\" content=\"Escrito por\" \/>\n\t<meta name=\"twitter:data1\" content=\"Editor en Jefe\" \/>\n\t<meta name=\"twitter:label2\" content=\"Tiempo de lectura\" \/>\n\t<meta name=\"twitter:data2\" content=\"1 minuto\" \/>\n<!-- \/ Yoast SEO plugin. -->","yoast_head_json":{"title":"Arzobispado llama a conformar sociedad civil s\u00f3lida y responsable\u00a0 - NOTICIAS","robots":{"index":"index","follow":"follow","max-snippet":"max-snippet:-1","max-image-preview":"max-image-preview:large","max-video-preview":"max-video-preview:-1"},"canonical":"https:\/\/laredsocial-noticias.com\/wp\/arzobispado-llama-a-conformar-sociedad-civil-solida-y-responsable\/","og_locale":"es_ES","og_type":"article","og_title":"Arzobispado llama a conformar sociedad civil s\u00f3lida y responsable\u00a0 - NOTICIAS","og_description":"La Arquidi\u00f3cesis de M\u00e9xico convoc\u00f3 a los mexicanos a conformar una sociedad civil s\u00f3lida y responsable, mediante el desarrollo del...","og_url":"https:\/\/laredsocial-noticias.com\/wp\/arzobispado-llama-a-conformar-sociedad-civil-solida-y-responsable\/","og_site_name":"NOTICIAS","article_published_time":"2018-08-12T19:21:56+00:00","article_modified_time":"2018-08-12T19:22:09+00:00","og_image":[{"width":900,"height":500,"url":"https:\/\/laredsocial-noticias.com\/wp\/wp-content\/uploads\/2018\/08\/Catedral.jpg","type":"image\/jpeg"}],"author":"Editor en Jefe","twitter_card":"summary_large_image","twitter_misc":{"Escrito por":"Editor en Jefe","Tiempo de lectura":"1 minuto"},"schema":{"@context":"https:\/\/schema.org","@graph":[{"@type":"WebPage","@id":"https:\/\/laredsocial-noticias.com\/wp\/arzobispado-llama-a-conformar-sociedad-civil-solida-y-responsable\/","url":"https:\/\/laredsocial-noticias.com\/wp\/arzobispado-llama-a-conformar-sociedad-civil-solida-y-responsable\/","name":"Arzobispado llama a conformar sociedad civil s\u00f3lida y responsable\u00a0 - NOTICIAS","isPartOf":{"@id":"https:\/\/laredsocial-noticias.com\/wp\/#website"},"datePublished":"2018-08-12T19:21:56+00:00","dateModified":"2018-08-12T19:22:09+00:00","author":{"@id":"https:\/\/laredsocial-noticias.com\/wp\/#\/schema\/person\/0ce78643f2de7aae6f6ef10e8453a6e0"},"breadcrumb":{"@id":"https:\/\/laredsocial-noticias.com\/wp\/arzobispado-llama-a-conformar-sociedad-civil-solida-y-responsable\/#breadcrumb"},"inLanguage":"es","potentialAction":[{"@type":"ReadAction","target":["https:\/\/laredsocial-noticias.com\/wp\/arzobispado-llama-a-conformar-sociedad-civil-solida-y-responsable\/"]}]},{"@type":"BreadcrumbList","@id":"https:\/\/laredsocial-noticias.com\/wp\/arzobispado-llama-a-conformar-sociedad-civil-solida-y-responsable\/#breadcrumb","itemListElement":[{"@type":"ListItem","position":1,"name":"Portada","item":"https:\/\/laredsocial-noticias.com\/wp\/"},{"@type":"ListItem","position":2,"name":"Arzobispado llama a conformar sociedad civil s\u00f3lida y responsable\u00a0"}]},{"@type":"WebSite","@id":"https:\/\/laredsocial-noticias.com\/wp\/#website","url":"https:\/\/laredsocial-noticias.com\/wp\/","name":"NOTICIAS","description":"Lo que se ve y se dice en las redes sociales","potentialAction":[{"@type":"SearchAction","target":{"@type":"EntryPoint","urlTemplate":"https:\/\/laredsocial-noticias.com\/wp\/?s={search_term_string}"},"query-input":{"@type":"PropertyValueSpecification","valueRequired":true,"valueName":"search_term_string"}}],"inLanguage":"es"},{"@type":"Person","@id":"https:\/\/laredsocial-noticias.com\/wp\/#\/schema\/person\/0ce78643f2de7aae6f6ef10e8453a6e0","name":"Editor en Jefe","url":"https:\/\/laredsocial-noticias.com\/wp\/author\/jorgeochoa\/"}]}},"_links":{"self":[{"href":"https:\/\/laredsocial-noticias.com\/wp\/wp-json\/wp\/v2\/posts\/96563","targetHints":{"allow":["GET"]}}],"collection":[{"href":"https:\/\/laredsocial-noticias.com\/wp\/wp-json\/wp\/v2\/posts"}],"about":[{"href":"https:\/\/laredsocial-noticias.com\/wp\/wp-json\/wp\/v2\/types\/post"}],"author":[{"embeddable":true,"href":"https:\/\/laredsocial-noticias.com\/wp\/wp-json\/wp\/v2\/users\/1"}],"replies":[{"embeddable":true,"href":"https:\/\/laredsocial-noticias.com\/wp\/wp-json\/wp\/v2\/comments?post=96563"}],"version-history":[{"count":1,"href":"https:\/\/laredsocial-noticias.com\/wp\/wp-json\/wp\/v2\/posts\/96563\/revisions"}],"predecessor-version":[{"id":96564,"href":"https:\/\/laredsocial-noticias.com\/wp\/wp-json\/wp\/v2\/posts\/96563\/revisions\/96564"}],"wp:attachment":[{"href":"https:\/\/laredsocial-noticias.com\/wp\/wp-json\/wp\/v2\/media?parent=96563"}],"wp:term":[{"taxonomy":"category","embeddable":true,"href":"https:\/\/laredsocial-noticias.com\/wp\/wp-json\/wp\/v2\/categories?post=96563"},{"taxonomy":"post_tag","embeddable":true,"href":"https:\/\/laredsocial-noticias.com\/wp\/wp-json\/wp\/v2\/tags?post=96563"}],"curies":[{"name":"wp","href":"https:\/\/api.w.org\/{rel}","templated":true}]}}